{"id":29835,"date":"2023-01-19T06:49:48","date_gmt":"2023-01-19T11:49:48","guid":{"rendered":"https:\/\/esreviral.com\/?p=29835"},"modified":"2023-01-19T06:49:49","modified_gmt":"2023-01-19T11:49:49","slug":"el-policia-que-mato-al-afroestadounidense-george-floyd-pide-la-anulacion-de-su-juicio","status":"publish","type":"post","link":"https:\/\/esreviral.com\/?p=29835","title":{"rendered":"El polic\u00eda que mat\u00f3 al afroestadounidense George Floyd pide la anulaci\u00f3n de su juicio"},"content":{"rendered":"\n<p><\/p>\n\n\n\n<p>El polic\u00eda que mat\u00f3 al\u00a0afroestadounidense\u00a0George Floyd en 2020 pidi\u00f3 el mi\u00e9rcoles a un tribunal de apelaciones que anule su condena por asesinato, alegando que la extrema cobertura medi\u00e1tica del caso y el riesgo de disturbios lo hab\u00edan privado de un juicio \u00abjusto\u00bb.<\/p>\n\n\n\n<p>Derek Chauvin, de 46 a\u00f1os, fue declarado culpable de asesinato por la justicia del estado de Minnesota, en el norte de Estados Unidos, en un juicio en 2021, y condenado a 22 a\u00f1os y medio de prisi\u00f3n.<\/p>\n\n\n\n<p>Su abogado, William Mohrman, pidi\u00f3 el mi\u00e9rcoles ante un panel de jueces que se anulara ese juicio, en parte porque las audiencias no se hab\u00edan trasladado a otra sede a pesar de las amenazas de violencia en los alrededores del tribunal.<\/p>\n\n\n\n<p>\u00abLa cuesti\u00f3n principal en esta apelaci\u00f3n es si un acusado puede tener un juicio justo en un tribunal rodeado de bloques de hormig\u00f3n, alambre de p\u00faas, veh\u00edculos blindados y tropas de la Guardia Nacional, todos presentes en caso de su absoluci\u00f3n\u00bb, dijo.<\/p>\n\n\n\n<p>Cualquiera sea el resultado de esta apelaci\u00f3n, Chauvin permanecer\u00e1 en prisi\u00f3n porque se declar\u00f3 culpable de \u00abviolaciones de los derechos civiles\u00bb de Floyd ante un juez federal y recibi\u00f3 una sentencia final de 21 a\u00f1os de prisi\u00f3n en 2022.<\/p>\n\n\n\n<p>Otros tres polic\u00edas, que hab\u00edan permanecido pasivos durante la agon\u00eda de Floyd, recibieron sentencias que van de los dos a\u00f1os y medio a los tres a\u00f1os y medio de prisi\u00f3n.<\/p>\n\n\n\n<p>El 25 de mayo de 2020, Chauvin, un polic\u00eda blanco con 19 a\u00f1os de servicio en Mine\u00e1polis, permaneci\u00f3 arrodillado sobre el cuello de Floyd durante casi diez minutos, indiferente a sus gemidos y a las intervenciones de los transe\u00fantes aterrorizados.<\/p>\n\n\n\n<p>La escena, filmada y publicada en las redes sociales, provoc\u00f3 grandes protestas contra el racismo y la brutalidad policial en todo Estados Unidos y en otros pa\u00edses bajo el lema \u00abBlack Lives Matter\u00bb (\u00abLas vidas de los negros importan\u00bb).<\/p>\n\n\n\n<p>Durante el juicio ante la justicia estatal, el abogado de Chauvin aleg\u00f3 que Floyd muri\u00f3 por una sobredosis, combinada con problemas de salud, y asegur\u00f3 que el polic\u00eda hab\u00eda hecho un uso justificado de la fuerza.<\/p>\n\n\n\n<p>Hoy, el expolic\u00eda busca invalidar este juicio, sobre todo porque se llev\u00f3 a cabo en Mine\u00e1polis, a\u00fan en vilo a menos de un a\u00f1o de la tragedia.<\/p>\n\n\n\n<p>Durante la selecci\u00f3n de los miembros del jurado, todos los candidatos \u00abexpresaron su preocupaci\u00f3n por su seguridad\u00bb y su temor de ver su ciudad incendiarse nuevamente por manifestaciones en caso de absoluci\u00f3n, dijo Mohrman.<\/p>\n\n\n\n<p>\u00abEl caso no deber\u00eda haber sido juzgado en Mine\u00e1polis donde la cobertura del caso era omnipresente\u00bb, dijo tambi\u00e9n. En un argumento escrito, critic\u00f3 a los medios por haber \u00abidealizado a George Floyd y demonizado a Derek Chauvin\u00bb.<\/p>\n\n\n\n<p>Los fiscales aducen en cambio que el juicio fue \u00abuno de los m\u00e1s precisos y transparentes\u00bb de la historia de Estados Unidos.<\/p>\n\n\n\n<p>Neal Katyal, un reconocido jurista que represent\u00f3 a la acusaci\u00f3n, dijo que \u00abel juez y las partes tardaron dos semanas en seleccionar con sumo cuidado a los jurados\u00bb, que se cont\u00f3 con 44 testigos y que durante el juicio se vieron importantes secuencias de video del incidente, incluida la detenci\u00f3n de Floyd.<\/p>\n\n\n\n<p>Incluso si Chauvin pudiera identificar algunas fallas menores, no tendr\u00edan ning\u00fan efecto. La evidencia de su culpabilidad se registr\u00f3 en un video que todo el mundo pudo ver\u00bb, afirm\u00f3.<\/p>\n\n\n\n<p>Los jueces tienen 90 d\u00edas para dictar sentencia.<\/p>\n\n\n\n<p class=\"has-text-align-right\"><strong><em>ElNacional.-<\/em><\/strong><\/p>\n","protected":false},"excerpt":{"rendered":"<p>Derek Chauvin, de 46 a\u00f1os, fue declarado culpable de asesinato por la justicia del estado de Minnesota, en el norte de Estados Unidos, en un juicio en 2021, y condenado a 22 a\u00f1os y medio de prisi\u00f3n<\/p>\n","protected":false},"author":3,"featured_media":29836,"comment_status":"open","ping_status":"closed","sticky":false,"template":"","format":"standard","meta":{"jnews-multi-image_gallery":[],"jnews_single_post":{"subtitle":"","format":"standard","video":"","gallery":"","source_name":"","source_url":"","via_name":"","via_url":"","override_template":"0","override":[{"template":"4","single_blog_custom":"","parallax":"1","fullscreen":"1","layout":"right-sidebar","sidebar":"default-sidebar","second_sidebar":"default-sidebar","sticky_sidebar":"1","share_position":"top","share_float_style":"share-monocrhome","show_share_counter":"1","show_view_counter":"1","show_featured":"1","show_post_meta":"1","show_post_author":"1","show_post_author_image":"1","show_post_date":"1","post_date_format":"default","post_date_format_custom":"Y\/m\/d","show_post_category":"1","show_post_reading_time":"1","post_reading_time_wpm":"300","show_zoom_button":"1","zoom_button_out_step":"2","zoom_button_in_step":"3","show_post_tag":"1","show_prev_next_post":"1","show_popup_post":"1","number_popup_post":"1","show_author_box":"1","show_post_related":"1","show_inline_post_related":"0"}],"override_image_size":"0","image_override":[{"single_post_thumbnail_size":"crop-500","single_post_gallery_size":"crop-500"}],"trending_post":"0","trending_post_position":"meta","trending_post_label":"Trending","sponsored_post":"0","sponsored_post_label":"Sponsored by","sponsored_post_name":"","sponsored_post_url":"","sponsored_post_logo_enable":"0","sponsored_post_logo":"","sponsored_post_desc":"","disable_ad":"0"},"jnews_primary_category":{"id":"","hide":""},"jnews_social_meta":{"fb_title":"","fb_description":"","fb_image":"","twitter_title":"","twitter_description":"","twitter_image":""},"jnews_review":[],"enable_review":"0","type":"percentage","name":"","summary":"","brand":"","sku":"","good":[{"good_text":""}],"bad":[{"bad_text":""}],"score_override":"","override_value":"","rating":[{"rating_text":"","rating_number":"10"}],"price":[{"shop":"","price":"","link":"","icon":""}],"jnews_override_counter":{"override_view_counter":"0","view_counter_number":"0","override_share_counter":"0","share_counter_number":"0","override_like_counter":"0","like_counter_number":"0","override_dislike_counter":"0","dislike_counter_number":"0"},"jnews_post_split":{"enable_post_split":"0","post_split":[{"template":"1","tag":"h2","numbering":"asc","mode":"normal","first":"0","enable_toc":"0","toc_type":"normal"}]},"footnotes":""},"categories":[88,64],"tags":[281,6473,3114,136,736,6472,45,3115],"class_list":["post-29835","post","type-post","status-publish","format-standard","has-post-thumbnail","hentry","category-internacionales","category-sucesos","tag-asesinato","tag-black-lives-matter","tag-derek-chauvin","tag-estados-unidos","tag-george-floyd","tag-juicio-justo","tag-noticias","tag-policia-2"],"amp_enabled":true,"_links":{"self":[{"href":"https:\/\/esreviral.com\/index.php?rest_route=\/wp\/v2\/posts\/29835"}],"collection":[{"href":"https:\/\/esreviral.com\/index.php?rest_route=\/wp\/v2\/posts"}],"about":[{"href":"https:\/\/esreviral.com\/index.php?rest_route=\/wp\/v2\/types\/post"}],"author":[{"embeddable":true,"href":"https:\/\/esreviral.com\/index.php?rest_route=\/wp\/v2\/users\/3"}],"replies":[{"embeddable":true,"href":"https:\/\/esreviral.com\/index.php?rest_route=%2Fwp%2Fv2%2Fcomments&post=29835"}],"version-history":[{"count":0,"href":"https:\/\/esreviral.com\/index.php?rest_route=\/wp\/v2\/posts\/29835\/revisions"}],"wp:featuredmedia":[{"embeddable":true,"href":"https:\/\/esreviral.com\/index.php?rest_route=\/wp\/v2\/media\/29836"}],"wp:attachment":[{"href":"https:\/\/esreviral.com\/index.php?rest_route=%2Fwp%2Fv2%2Fmedia&parent=29835"}],"wp:term":[{"taxonomy":"category","embeddable":true,"href":"https:\/\/esreviral.com\/index.php?rest_route=%2Fwp%2Fv2%2Fcategories&post=29835"},{"taxonomy":"post_tag","embeddable":true,"href":"https:\/\/esreviral.com\/index.php?rest_route=%2Fwp%2Fv2%2Ftags&post=29835"}],"curies":[{"name":"wp","href":"https:\/\/api.w.org\/{rel}","templated":true}]}}