{"id":29810,"date":"2023-01-19T06:42:07","date_gmt":"2023-01-19T11:42:07","guid":{"rendered":"https:\/\/esreviral.com\/?p=29810"},"modified":"2023-01-19T06:42:08","modified_gmt":"2023-01-19T11:42:08","slug":"la-casa-de-los-famosos-estos-son-los-tres-venezolanos-que-participan-en-esta-edicion","status":"publish","type":"post","link":"https:\/\/esreviral.com\/?p=29810","title":{"rendered":"\u00abLa casa de los famosos\u00bb: estos son los tres venezolanos que participan en esta edici\u00f3n"},"content":{"rendered":"\n<p><\/p>\n\n\n\n<p>Ya arranc\u00f3 la tercera temporada del reality show de Telemundo&nbsp;\u201cLa casa de los famosos 3\u201d, la telenovela de la vida real, como lo describieron sus conductores H\u00e9ctor Sandarti y Jimena G\u00e1llego, en donde habr\u00e1n nuevas estrellas y rivalidades.<\/p>\n\n\n\n<p>Durante el estreno se presentaron a los concursantes: 17 famosos y dos fans, adem\u00e1s de que se hizo el recorrido por la residencia y se inform\u00f3 que el premio para el ganador ser\u00e1 de 200 mil d\u00f3lares.<\/p>\n\n\n\n<p>La casa en donde vivir\u00e1n los actores, cantantes, creadores de contenido e influencers estar\u00e1 llena de c\u00e1maras y estar\u00e1n acompa\u00f1ados por la voz femenina conocida como la Jefa quien ser\u00e1 la que se dirija hacia ellos.<\/p>\n\n\n\n<p>\u201cEs un honor para m\u00ed abrir una vez m\u00e1s las puertas de mi casa, ya tengo todo para recibir y agasajar a los nuevos habitantes, te aseguro que todos y cada uno de ellos disfrutar\u00e1n su estancia en la casa de los famosos\u201d, expres\u00f3 esta voz durante el primer episodio.<\/p>\n\n\n\n<p>Antes de presentar a todos los integrantes, G\u00e1llego entr\u00f3 al lugar donde vivir\u00e1n las celebridades durante 98 d\u00edas y lo recorri\u00f3 para que lo conociera el p\u00fablico, diciendo que en estas habitaciones seguramente las emociones estar\u00e1n a flor de piel.<\/p>\n\n\n\n<p>\u201cTodos ellos tendr\u00e1n que aprender a convivir completamente aislados del mundo exterior, estoy segura que esta casa se va a convertir en testigo de muchas risas, de conflictos, de estrategia, de nostalgia y tambi\u00e9n de muchos romances.<\/p>\n\n\n\n<p>\u201cDurante 14 semanas todos tendr\u00e1n que aprender a trabajar en equipo para as\u00ed poder conservar el presupuesto semanal y en esta cocina yo s\u00e9 que va haber m\u00e1s de un encontronazo\u201d, coment\u00f3.<\/p>\n\n\n\n<p>Ense\u00f1\u00f3 las dos habitaciones, cuyas camas tendr\u00e1n que seleccionar los mismos participantes, mientras que dos personas tendr\u00e1n que compartir cama doble.<\/p>\n\n\n\n<p>\u201cEn muy pocos minutos esta casa se llenar\u00e1 de vida, de sue\u00f1os, de ilusiones y de deseos de ganar\u201d, indic\u00f3 la anfitriona de 42 a\u00f1os, quien tambi\u00e9n es cantante y actriz en este lugar que fue remodelado.<\/p>\n\n\n\n<p><strong><mark style=\"background-color:rgba(0, 0, 0, 0)\" class=\"has-inline-color has-vivid-red-color\">\u00bfQui\u00e9nes son los 17 famosos?<\/mark><\/strong><\/p>\n\n\n\n<p><strong>Patricia Navidad.<\/strong>&nbsp;Actriz mexicana de 49 a\u00f1os con una amplia trayectoria en telenovelas, fue finalista de \u201cMasterChef M\u00e9xico\u201d, tambi\u00e9n estuvo en \u201cBig Brother\u201d en el 2004, antes de entrar a \u201cLa casa de los famosos\u201d expres\u00f3:&nbsp; \u201cLos amo, espero no defraudar a nadie\u201d. Fue la primera en entrar.<\/p>\n\n\n\n<p><strong>Jonathan Islas.&nbsp;<\/strong>Actor mexicano de 41 a\u00f1os que ha trabajado en diversas telenovelas y series como \u201cSe\u00f1ora acero\u201d, \u201cLa mujer del diablo\u201d, \u201cLa fan\u201d, \u201c\u00bfQui\u00e9n es qui\u00e9n\u201d, entre otros, fue en el a\u00f1o 2008 cuando actu\u00f3 por primera vez en el cine en \u201cDeseo\u201d.<\/p>\n\n\n\n<p><strong>Arturo Carmona.<\/strong>&nbsp;El regiomontano de 46 a\u00f1os es actor de televisi\u00f3n, teatro y cine, quien previamente fue futbolista profesional, ya particip\u00f3 en un reality parecido en el 2002 \u201cBig Brother\u201d, ha hecho varias telenovelas como \u201cCaer en tentaci\u00f3n\u201d, \u201cPor ella soy Eva\u201d y \u201cDestilando amor\u201d.<\/p>\n\n\n\n<p><strong>Osmariel Villalobos.&nbsp;<\/strong>Comunicadora de 34 a\u00f1os, tambi\u00e9n modelo y conductora, quien lleg\u00f3 a participar en el 2011 en el certamen de belleza de Miss Venezuela.<\/p>\n\n\n\n<p><strong>Juan Rivera.<\/strong>&nbsp;Integrante de la dinast\u00eda Rivera, es cantante y actor estadounidense de 45 a\u00f1os de edad, es hermano de Jenni, Lupillo, Rosie, Gustavo y Pedro Rivera. Inform\u00f3 a&nbsp;<em>El Universal<\/em>&nbsp;que dej\u00f3 preparados 11 videoclips que se ir\u00e1n estrenando mientras \u00e9l est\u00e9 dentro del reality.<\/p>\n\n\n\n<p><strong>Dania M\u00e9ndez.&nbsp;<\/strong>Esta influencer de 30 a\u00f1os de edad con m\u00e1s de 2.9 millones de seguidores en Instagram, salt\u00f3 a la fama tras participar en la sexta temporada del programa \u201cAcapulco Shore\u201d de MTV, es originaria de Jalisco.<\/p>\n\n\n\n<p><strong>Jos\u00e9 Rodr\u00edguez.&nbsp;<\/strong>Es una estrella de realities de 26 a\u00f1os, proveniente de Colombia, quien ha sido modelo y bailar\u00edn, tambi\u00e9n estuvo en \u201cAcapulco Shore\u201d.<\/p>\n\n\n\n<p><strong>Pepe G\u00e1mez.&nbsp;<\/strong>Actor y modelo mexicano de 39 a\u00f1os, originario de Tamaulipas, ha participado en telenovelas como \u201cJuro que te amo\u201d, \u201cRebelde\u201d y en la bioserie \u201cMariposa de barrio\u201d.<\/p>\n\n\n\n<p><strong>Liliana Rodr\u00edguez.<\/strong>&nbsp;Actriz venezolana de 55 a\u00f1os hija de Jos\u00e9 Luis Rodr\u00edguez \u201cEl Puma\u201d, ha participado en telenovelas en su pa\u00eds natal y en M\u00e9xico hizo \u201cLas dos caras de Ana\u201d.<\/p>\n\n\n\n<p><strong>Ayl\u00edn Mujica.<\/strong>&nbsp;Villana por excelencia, es una actriz cubana de 48 a\u00f1os, modelo y bailarina con una gran trayectoria en M\u00e9xico en melodramas y series como \u201cLa due\u00f1a\u201d, \u201cSin senos no hay para\u00edso\u201d, \u201cComo t\u00fa no hay 2\u201d y muchas m\u00e1s.<\/p>\n\n\n\n<p><strong>Aleida N\u00fa\u00f1ez.&nbsp;<\/strong>Actriz, cantante y modelo tapat\u00eda de 41 a\u00f1os de edad con una numerosa trayectoria en telenovelas, series y teatro, actu\u00f3 en melodramas como \u201cSalom\u00e9\u201d, \u201cLa fea m\u00e1s bella\u201d, entre otros..<\/p>\n\n\n\n<p><strong>Rey Grupero.<\/strong>&nbsp;El influencer de 35 a\u00f1os se hizo famoso por hacer bromas y subirlas a su canal de YouTube, su nombre es Luis Alberto Ordaz, quien tambi\u00e9n ha estado envuelto en esc\u00e1ndalos y tuvo un romance con Cynthia Klitbo.<\/p>\n\n\n\n<p><strong>La Materialista.<\/strong>&nbsp;La cantante dominicana cuyo nombre real es Yameyry Ynfante es una reggaetonera de 35 a\u00f1os, quien tiene m\u00e1s de 4.1 millones de seguidores en Instagram, tambi\u00e9n es actriz y vedette.<\/p>\n\n\n\n<p><strong>Madison Anderson.&nbsp;<\/strong>Modelo de 27 a\u00f1os quien aunque es originaria de Estados Unidos, represent\u00f3 a Puerto Rico en el 2019.<\/p>\n\n\n\n<p><strong>Aristeo C\u00e1zares.<\/strong>&nbsp;Atleta veracruzano cuya especialidad es el parkour, se hizo famoso por participar en el reality deportivo \u201cExatl\u00f3n M\u00e9xico\u201d en donde tuvo gan\u00f3 en la segunda temporada, despu\u00e9s estuvo en la primera edici\u00f3n de \u201cMasterChef Celebrity M\u00e9xico\u201d y despu\u00e9s fue conductor del matutino \u201cVenga la alegr\u00eda fin de semana\u201d. Tiene 27 a\u00f1os.<\/p>\n\n\n\n<p><strong>Nicole Ch\u00e1vez.<\/strong>&nbsp;Hija menor de Julio C\u00e9sar Ch\u00e1vez, de 24 a\u00f1os, quien particip\u00f3 como actriz en la telenovela \u201c\u00bfQu\u00e9 le pasa a mi familia?\u201d y en el programa \u201cPeque\u00f1os gigantes\u201d hace 12 a\u00f1os en donde mostr\u00f3 su pasi\u00f3n por el baile, despu\u00e9s estudi\u00f3 actuaci\u00f3n.<\/p>\n\n\n\n<p><strong>Osmel Sousa.<\/strong>&nbsp;Es conocido internacionalmente como el zar de la belleza, es un empresario de 77 a\u00f1os que se ha dedicado como entrenador para concursos de belleza, prepar\u00f3 a siete Miss Universo de Venezuela y a Amelia Vega la \u00fanica Miss Universo de Rep\u00fablica Dominicana.<\/p>\n\n\n\n<p>Los dos fans que aspiran a ganar son: M\u00f3nique S\u00e1nchez y Ra\u00fal Garc\u00eda, quienes fueron seleccionados por los televidentes luego de permanecer una semana previa dentro de la casa junto a otros fan\u00e1ticos.<\/p>\n\n\n\n<p class=\"has-text-align-right\"><strong><em>ElNacional.-<\/em><\/strong><\/p>\n","protected":false},"excerpt":{"rendered":"<p>Quien logre permanecer en la casa durante 14 semanas, se llevar\u00e1 el premio: 200 mil d\u00f3lares<\/p>\n","protected":false},"author":3,"featured_media":29811,"comment_status":"open","ping_status":"closed","sticky":false,"template":"","format":"standard","meta":{"jnews-multi-image_gallery":[],"jnews_single_post":{"subtitle":"","format":"standard","video":"","gallery":"","source_name":"","source_url":"","via_name":"","via_url":"","override_template":"0","override":[{"template":"4","single_blog_custom":"","parallax":"1","fullscreen":"1","layout":"right-sidebar","sidebar":"default-sidebar","second_sidebar":"default-sidebar","sticky_sidebar":"1","share_position":"top","share_float_style":"share-monocrhome","show_share_counter":"1","show_view_counter":"1","show_featured":"1","show_post_meta":"1","show_post_author":"1","show_post_author_image":"1","show_post_date":"1","post_date_format":"default","post_date_format_custom":"Y\/m\/d","show_post_category":"1","show_post_reading_time":"1","post_reading_time_wpm":"300","show_zoom_button":"1","zoom_button_out_step":"2","zoom_button_in_step":"3","show_post_tag":"1","show_prev_next_post":"1","show_popup_post":"1","number_popup_post":"1","show_author_box":"1","show_post_related":"1","show_inline_post_related":"0"}],"override_image_size":"0","image_override":[{"single_post_thumbnail_size":"crop-500","single_post_gallery_size":"crop-500"}],"trending_post":"0","trending_post_position":"meta","trending_post_label":"Trending","sponsored_post":"0","sponsored_post_label":"Sponsored by","sponsored_post_name":"","sponsored_post_url":"","sponsored_post_logo_enable":"0","sponsored_post_logo":"","sponsored_post_desc":"","disable_ad":"0"},"jnews_primary_category":{"id":"","hide":""},"jnews_social_meta":{"fb_title":"","fb_description":"","fb_image":"","twitter_title":"","twitter_description":"","twitter_image":""},"jnews_review":[],"enable_review":"0","type":"percentage","name":"","summary":"","brand":"","sku":"","good":[{"good_text":""}],"bad":[{"bad_text":""}],"score_override":"","override_value":"","rating":[{"rating_text":"","rating_number":"10"}],"price":[{"shop":"","price":"","link":"","icon":""}],"jnews_override_counter":{"override_view_counter":"0","view_counter_number":"0","override_share_counter":"0","share_counter_number":"0","override_like_counter":"0","like_counter_number":"0","override_dislike_counter":"0","dislike_counter_number":"0"},"jnews_post_split":{"enable_post_split":"0","post_split":[{"template":"1","tag":"h2","numbering":"asc","mode":"normal","first":"0","enable_toc":"0","toc_type":"normal"}]},"footnotes":""},"categories":[50],"tags":[1975,6464,4780,45,912],"class_list":["post-29810","post","type-post","status-publish","format-standard","has-post-thumbnail","hentry","category-entretenimiento","tag-celebridades","tag-la-casa-de-los-famosos","tag-liliana-rodriguez","tag-noticias","tag-osmel-sousa"],"amp_enabled":true,"_links":{"self":[{"href":"https:\/\/esreviral.com\/index.php?rest_route=\/wp\/v2\/posts\/29810"}],"collection":[{"href":"https:\/\/esreviral.com\/index.php?rest_route=\/wp\/v2\/posts"}],"about":[{"href":"https:\/\/esreviral.com\/index.php?rest_route=\/wp\/v2\/types\/post"}],"author":[{"embeddable":true,"href":"https:\/\/esreviral.com\/index.php?rest_route=\/wp\/v2\/users\/3"}],"replies":[{"embeddable":true,"href":"https:\/\/esreviral.com\/index.php?rest_route=%2Fwp%2Fv2%2Fcomments&post=29810"}],"version-history":[{"count":0,"href":"https:\/\/esreviral.com\/index.php?rest_route=\/wp\/v2\/posts\/29810\/revisions"}],"wp:featuredmedia":[{"embeddable":true,"href":"https:\/\/esreviral.com\/index.php?rest_route=\/wp\/v2\/media\/29811"}],"wp:attachment":[{"href":"https:\/\/esreviral.com\/index.php?rest_route=%2Fwp%2Fv2%2Fmedia&parent=29810"}],"wp:term":[{"taxonomy":"category","embeddable":true,"href":"https:\/\/esreviral.com\/index.php?rest_route=%2Fwp%2Fv2%2Fcategories&post=29810"},{"taxonomy":"post_tag","embeddable":true,"href":"https:\/\/esreviral.com\/index.php?rest_route=%2Fwp%2Fv2%2Ftags&post=29810"}],"curies":[{"name":"wp","href":"https:\/\/api.w.org\/{rel}","templated":true}]}}