{"id":29386,"date":"2023-01-11T09:42:40","date_gmt":"2023-01-11T14:42:40","guid":{"rendered":"https:\/\/esreviral.com\/?p=29386"},"modified":"2023-01-11T09:42:41","modified_gmt":"2023-01-11T14:42:41","slug":"seis-heridos-leves-en-ataque-con-arma-blanca-en-una-estacion-de-trenes-de-paris","status":"publish","type":"post","link":"https:\/\/esreviral.com\/?p=29386","title":{"rendered":"Seis heridos leves en ataque con arma blanca en una estaci\u00f3n de trenes de Par\u00eds"},"content":{"rendered":"\n<p><\/p>\n\n\n\n<p>Seis personas fueron levemente heridas con arma blanca este mi\u00e9rcoles en una estaci\u00f3n de trenes de Par\u00eds por un hombre que fue detenido, indic\u00f3 una fuente policial.<\/p>\n\n\n\n<p>A las 06H45 (05H45 GMT), en la estaci\u00f3n del Norte, la m\u00e1s grande de Europa, un hombre agredi\u00f3 con un cuchillo a varias personas, indic\u00f3 la fuente.<\/p>\n\n\n\n<p>Las autoridades no privilegian la pista terrorista.<\/p>\n\n\n\n<p>El agresor fue herido de bala cuando fue detenido y se encuentra grave.<\/p>\n\n\n\n<p>El ministro del Interior,\u00a0G\u00e9rald Darmanin, agradeci\u00f3 en un tuit a las fuerzas policiales por \u00absu reacci\u00f3n valiente y eficaz\u00bb.<\/p>\n\n\n\n<p>Darmanin se dirigi\u00f3 por la ma\u00f1ana a la estaci\u00f3n, junto a la alcaldesa de Par\u00eds Anne Hidalgo y el prefecto de la polic\u00eda Laurent Nu\u00f1ez.<\/p>\n\n\n\n<p class=\"has-text-align-right\"><strong><em>ElNacional.-<\/em><\/strong><\/p>\n\n\n\n<p><\/p>\n","protected":false},"excerpt":{"rendered":"<p>El ministro del Interior, G\u00e9rald Darmanin, agradeci\u00f3 en un tuit a las fuerzas policiales por \u00absu reacci\u00f3n valiente y eficaz\u00bb<\/p>\n","protected":false},"author":3,"featured_media":29387,"comment_status":"open","ping_status":"closed","sticky":false,"template":"","format":"standard","meta":{"jnews-multi-image_gallery":[],"jnews_single_post":{"subtitle":"","format":"standard","video":"","gallery":"","source_name":"","source_url":"","via_name":"","via_url":"","override_template":"0","override":[{"template":"4","single_blog_custom":"","parallax":"1","fullscreen":"1","layout":"right-sidebar","sidebar":"default-sidebar","second_sidebar":"default-sidebar","sticky_sidebar":"1","share_position":"top","share_float_style":"share-monocrhome","show_share_counter":"1","show_view_counter":"1","show_featured":"1","show_post_meta":"1","show_post_author":"1","show_post_author_image":"1","show_post_date":"1","post_date_format":"default","post_date_format_custom":"Y\/m\/d","show_post_category":"1","show_post_reading_time":"1","post_reading_time_wpm":"300","show_zoom_button":"1","zoom_button_out_step":"2","zoom_button_in_step":"3","show_post_tag":"1","show_prev_next_post":"1","show_popup_post":"1","number_popup_post":"1","show_author_box":"1","show_post_related":"1","show_inline_post_related":"0"}],"override_image_size":"0","image_override":[{"single_post_thumbnail_size":"crop-500","single_post_gallery_size":"crop-500"}],"trending_post":"0","trending_post_position":"meta","trending_post_label":"Trending","sponsored_post":"0","sponsored_post_label":"Sponsored by","sponsored_post_name":"","sponsored_post_url":"","sponsored_post_logo_enable":"0","sponsored_post_logo":"","sponsored_post_desc":"","disable_ad":"0"},"jnews_primary_category":{"id":"","hide":""},"jnews_social_meta":{"fb_title":"","fb_description":"","fb_image":"","twitter_title":"","twitter_description":"","twitter_image":""},"jnews_review":[],"enable_review":"0","type":"percentage","name":"","summary":"","brand":"","sku":"","good":[{"good_text":""}],"bad":[{"bad_text":""}],"score_override":"","override_value":"","rating":[{"rating_text":"","rating_number":"10"}],"price":[{"shop":"","price":"","link":"","icon":""}],"jnews_override_counter":{"override_view_counter":"0","view_counter_number":"0","override_share_counter":"0","share_counter_number":"0","override_like_counter":"0","like_counter_number":"0","override_dislike_counter":"0","dislike_counter_number":"0"},"jnews_post_split":{"enable_post_split":"0","post_split":[{"template":"1","tag":"h2","numbering":"asc","mode":"normal","first":"0","enable_toc":"0","toc_type":"normal"}]},"footnotes":""},"categories":[88],"tags":[6264,3048,45,6262,6263],"class_list":["post-29386","post","type-post","status-publish","format-standard","has-post-thumbnail","hentry","category-internacionales","tag-ataque-con-arma-blanca","tag-heridos","tag-noticias","tag-paris-2","tag-trenes-de-paris"],"amp_enabled":true,"_links":{"self":[{"href":"https:\/\/esreviral.com\/index.php?rest_route=\/wp\/v2\/posts\/29386"}],"collection":[{"href":"https:\/\/esreviral.com\/index.php?rest_route=\/wp\/v2\/posts"}],"about":[{"href":"https:\/\/esreviral.com\/index.php?rest_route=\/wp\/v2\/types\/post"}],"author":[{"embeddable":true,"href":"https:\/\/esreviral.com\/index.php?rest_route=\/wp\/v2\/users\/3"}],"replies":[{"embeddable":true,"href":"https:\/\/esreviral.com\/index.php?rest_route=%2Fwp%2Fv2%2Fcomments&post=29386"}],"version-history":[{"count":0,"href":"https:\/\/esreviral.com\/index.php?rest_route=\/wp\/v2\/posts\/29386\/revisions"}],"wp:featuredmedia":[{"embeddable":true,"href":"https:\/\/esreviral.com\/index.php?rest_route=\/wp\/v2\/media\/29387"}],"wp:attachment":[{"href":"https:\/\/esreviral.com\/index.php?rest_route=%2Fwp%2Fv2%2Fmedia&parent=29386"}],"wp:term":[{"taxonomy":"category","embeddable":true,"href":"https:\/\/esreviral.com\/index.php?rest_route=%2Fwp%2Fv2%2Fcategories&post=29386"},{"taxonomy":"post_tag","embeddable":true,"href":"https:\/\/esreviral.com\/index.php?rest_route=%2Fwp%2Fv2%2Ftags&post=29386"}],"curies":[{"name":"wp","href":"https:\/\/api.w.org\/{rel}","templated":true}]}}