{"id":29365,"date":"2023-01-11T09:27:43","date_gmt":"2023-01-11T14:27:43","guid":{"rendered":"https:\/\/esreviral.com\/?p=29365"},"modified":"2023-01-11T10:30:40","modified_gmt":"2023-01-11T15:30:40","slug":"un-actor-venezolano-esta-en-el-nuevo-reality-de-eltrece-en-argentina-quien-es","status":"publish","type":"post","link":"https:\/\/esreviral.com\/?p=29365","title":{"rendered":"Un actor venezolano est\u00e1 en el nuevo reality de ElTrece en Argentina, qui\u00e9n es"},"content":{"rendered":"\n<p><\/p>\n\n\n\n<p><em>El Hotel de los Famosos<\/em>&nbsp;(<em>eltrece<\/em>)&nbsp;<strong>abri\u00f3 sus puertas a 16 nuevas figuras de los medios<\/strong>. Qui\u00e9nes son los participantes que competir\u00e1n por el premio de<strong>&nbsp;10 millones de pesos<\/strong>. Tras el \u00e9xito de la primera temporada,&nbsp;<strong>Carolina \u201cPampita\u201d Ardohain<\/strong>&nbsp;y&nbsp;Leandro \u201cEl Chino\u201d Leunis&nbsp;volver\u00e1n a ponerse al frente de la segunda edici\u00f3n, que comenz\u00f3 el lunes 9 de enero.<\/p>\n\n\n\n<p><strong><mark style=\"background-color:rgba(0, 0, 0, 0)\" class=\"has-inline-color has-vivid-red-color\">El actor venezolano Fernando Carrillo, retorna a la tv argentina<\/mark><\/strong><\/p>\n\n\n\n<p><strong>Fernando Carrillo<\/strong> fue un gal\u00e1n de telenovela que protagoniz\u00f3 varios \u00e9xitos tales como&nbsp;<em>Abiga\u00edl<\/em>,&nbsp;<em>La dama de rosa<\/em>,&nbsp;<em>Mar\u00eda Isabel<\/em>,&nbsp;<em>Rosalinda&nbsp;<\/em>y<em>&nbsp;Siempre te amar\u00e9<\/em>. Fue en uno de esos sets donde conoci\u00f3 a&nbsp;<strong>Catherine Fulop<\/strong>, su primera esposa, de quien se separ\u00f3 en 1994 en buenos t\u00e9rminos.<\/p>\n\n\n\n<figure class=\"wp-block-image size-large\"><img fetchpriority=\"high\" decoding=\"async\" width=\"1024\" height=\"756\" src=\"https:\/\/esreviral.com\/wp-content\/uploads\/2023\/01\/AnyConv.com__AnyConv.com__MTBF6REKVVDVFO5SW75HNK5O6Upng-1024x756.webp\" alt=\"\" class=\"wp-image-29368\" srcset=\"https:\/\/esreviral.com\/wp-content\/uploads\/2023\/01\/AnyConv.com__AnyConv.com__MTBF6REKVVDVFO5SW75HNK5O6Upng-1024x756.webp 1024w, https:\/\/esreviral.com\/wp-content\/uploads\/2023\/01\/AnyConv.com__AnyConv.com__MTBF6REKVVDVFO5SW75HNK5O6Upng-300x221.webp 300w, https:\/\/esreviral.com\/wp-content\/uploads\/2023\/01\/AnyConv.com__AnyConv.com__MTBF6REKVVDVFO5SW75HNK5O6Upng-768x567.webp 768w, https:\/\/esreviral.com\/wp-content\/uploads\/2023\/01\/AnyConv.com__AnyConv.com__MTBF6REKVVDVFO5SW75HNK5O6Upng-750x554.webp 750w, https:\/\/esreviral.com\/wp-content\/uploads\/2023\/01\/AnyConv.com__AnyConv.com__MTBF6REKVVDVFO5SW75HNK5O6Upng-1140x842.webp 1140w, https:\/\/esreviral.com\/wp-content\/uploads\/2023\/01\/AnyConv.com__AnyConv.com__MTBF6REKVVDVFO5SW75HNK5O6Upng.webp 1440w\" sizes=\"(max-width: 1024px) 100vw, 1024px\" \/><\/figure>\n\n\n\n<p><\/p>\n\n\n\n<p>Alejado de su faceta actoral y medi\u00e1tica, Carrillo encontr\u00f3 el amor de la mano de Mar\u00eda Gabriela Rodr\u00edguez, una artista venezolana, con quien en 2021 se convirti\u00f3 en pap\u00e1 de Milo.<\/p>\n\n\n\n<p>Sin embargo, ahora volvi\u00f3 a cobrar relevancia con su regreso al pa\u00eds para participar de&nbsp;<em>El Hotel de los Famosos<\/em>. Aprovechando el momento, a mediados de a\u00f1o, empez\u00f3 a desarrollar otra veta art\u00edstica:&nbsp;<strong>vender fotos er\u00f3ticas en OnlyFans.<\/strong><\/p>\n\n\n\n<p><strong><mark style=\"background-color:rgba(0, 0, 0, 0)\" class=\"has-inline-color has-vivid-red-color\">Charlotte Caniggia, la hermana del campe\u00f3n, se prueba en \u201cEl Hotel de los Famosos 2\u2033<\/mark><\/strong><\/p>\n\n\n\n<p><strong>Charlotte Caniggia<\/strong>&nbsp;aspira a lograr la haza\u00f1a de su mellizo,&nbsp;<strong>Alexander Caniggia, quien se consagr\u00f3 campe\u00f3n de la primera edici\u00f3n<\/strong>.<\/p>\n\n\n\n<figure class=\"wp-block-image size-large\"><img decoding=\"async\" width=\"842\" height=\"1024\" src=\"https:\/\/esreviral.com\/wp-content\/uploads\/2023\/01\/AnyConv.com__AnyConv.com__E6GOSOEYVRGGJGW44MBXDVTNTYpng-842x1024.webp\" alt=\"\" class=\"wp-image-29369\" srcset=\"https:\/\/esreviral.com\/wp-content\/uploads\/2023\/01\/AnyConv.com__AnyConv.com__E6GOSOEYVRGGJGW44MBXDVTNTYpng-842x1024.webp 842w, https:\/\/esreviral.com\/wp-content\/uploads\/2023\/01\/AnyConv.com__AnyConv.com__E6GOSOEYVRGGJGW44MBXDVTNTYpng-247x300.webp 247w, https:\/\/esreviral.com\/wp-content\/uploads\/2023\/01\/AnyConv.com__AnyConv.com__E6GOSOEYVRGGJGW44MBXDVTNTYpng-768x934.webp 768w, https:\/\/esreviral.com\/wp-content\/uploads\/2023\/01\/AnyConv.com__AnyConv.com__E6GOSOEYVRGGJGW44MBXDVTNTYpng-1262x1536.webp 1262w, https:\/\/esreviral.com\/wp-content\/uploads\/2023\/01\/AnyConv.com__AnyConv.com__E6GOSOEYVRGGJGW44MBXDVTNTYpng-750x913.webp 750w, https:\/\/esreviral.com\/wp-content\/uploads\/2023\/01\/AnyConv.com__AnyConv.com__E6GOSOEYVRGGJGW44MBXDVTNTYpng-1140x1387.webp 1140w, https:\/\/esreviral.com\/wp-content\/uploads\/2023\/01\/AnyConv.com__AnyConv.com__E6GOSOEYVRGGJGW44MBXDVTNTYpng.webp 1440w\" sizes=\"(max-width: 842px) 100vw, 842px\" \/><\/figure>\n\n\n\n<p>La hija de Mariana Nannis y el P\u00e1jaro Caniggia dijo que&nbsp;de ganar el premio mayor, lo utilizar\u00e1 para irse de viaje a pa\u00edses raros o que no conoce, como China. Su mellizo tambi\u00e9n lo invirti\u00f3 en paseos con Melody Luz, pero a lugares que ya hab\u00eda visitado cuando viv\u00eda en Europa.<\/p>\n\n\n\n<p>La medi\u00e1tica tiene mucha experiencia en realities. En varias oportunidades particip\u00f3 de los ciclos conducidos por Marcelo Tinelli y m\u00e1s recientemente deslumbr\u00f3 en<em>&nbsp;\u00bfQui\u00e9n es la m\u00e1scara? (Telefe)<\/em>&nbsp;con su disfraz de Luna.<\/p>\n\n\n\n<p><strong><mark style=\"background-color:rgba(0, 0, 0, 0)\" class=\"has-inline-color has-vivid-red-color\">Delfina Gerez Bosco, la guardavidas de Marley que debuta en \u201cEl Hotel de los Famosos 2\u2033<\/mark><\/strong><\/p>\n\n\n\n<p><strong>Delfina Gerez Bosco&nbsp;<\/strong>es modelo y conductora. Supo brillar como guardavidas en&nbsp;<em>El muro infernal<\/em>&nbsp;(<em>Telefe<\/em>), el programa conducido por Marley. Tambi\u00e9n fue parte de&nbsp;<em>Manda Play<\/em>&nbsp;(<em>Am\u00e9rica<\/em>),&nbsp;<em>Cort\u00e1 por Lozano<\/em>&nbsp;(<em>Telefe<\/em>) y<em>&nbsp;A la tarde&nbsp;<\/em>(<em>Am\u00e9rica<\/em>), entre otros.<\/p>\n\n\n\n<figure class=\"wp-block-image size-large\"><img decoding=\"async\" width=\"1024\" height=\"721\" src=\"https:\/\/esreviral.com\/wp-content\/uploads\/2023\/01\/AnyConv.com__AnyConv.com__JOC3BRC25FD6XE2WKMVGHSISX4png-1024x721.webp\" alt=\"\" class=\"wp-image-29370\" srcset=\"https:\/\/esreviral.com\/wp-content\/uploads\/2023\/01\/AnyConv.com__AnyConv.com__JOC3BRC25FD6XE2WKMVGHSISX4png-1024x721.webp 1024w, https:\/\/esreviral.com\/wp-content\/uploads\/2023\/01\/AnyConv.com__AnyConv.com__JOC3BRC25FD6XE2WKMVGHSISX4png-300x211.webp 300w, https:\/\/esreviral.com\/wp-content\/uploads\/2023\/01\/AnyConv.com__AnyConv.com__JOC3BRC25FD6XE2WKMVGHSISX4png-768x541.webp 768w, https:\/\/esreviral.com\/wp-content\/uploads\/2023\/01\/AnyConv.com__AnyConv.com__JOC3BRC25FD6XE2WKMVGHSISX4png-750x528.webp 750w, https:\/\/esreviral.com\/wp-content\/uploads\/2023\/01\/AnyConv.com__AnyConv.com__JOC3BRC25FD6XE2WKMVGHSISX4png-1140x803.webp 1140w, https:\/\/esreviral.com\/wp-content\/uploads\/2023\/01\/AnyConv.com__AnyConv.com__JOC3BRC25FD6XE2WKMVGHSISX4png.webp 1440w\" sizes=\"(max-width: 1024px) 100vw, 1024px\" \/><\/figure>\n\n\n\n<p>En plena pandemia una noticia sacudi\u00f3 su vida. Seg\u00fan cont\u00f3 ella misma en&nbsp;<em>Lo de Mariana&nbsp;<\/em>(<em>eltrece<\/em>), el 10 de agosto de 2020 estaba acostada en la cama mirando la tele cuando vio \u201cun globito, como si fuese un embarazo, pero de costado\u201d. Inmediatamente, comenzaron los estudios y su ginec\u00f3loga la deriv\u00f3 a un cirujano que la termin\u00f3 operando de un tumor benigno.<\/p>\n\n\n\n<p>Desde agosto, la fecha de su primera consulta, a noviembre de ese mismo a\u00f1o, el tumor hab\u00eda crecido notablemente. \u201cEra del tama\u00f1o de la cabeza de un beb\u00e9. Hay personas que tienen sobrepeso que no se dan cuenta, pero el tumor pesaba 750 gramos. Me molestaba para ir al ba\u00f1o, me presionaba la vejiga\u201d, cont\u00f3 tiempo despu\u00e9s ya recuperada.<\/p>\n\n\n\n<p><strong><mark style=\"background-color:rgba(0, 0, 0, 0)\" class=\"has-inline-color has-vivid-red-color\">Roc\u00edo Marengo, la experta en realities, se probar\u00e1 en \u201cEl Hotel de los Famosos 2\u2033<\/mark><\/strong><\/p>\n\n\n\n<p><strong>Roc\u00edo Marengo&nbsp;<\/strong>es una de las figuras m\u00e1s conocidas y con m\u00e1s trayectoria dentro del hotel. La modelo sabe jugar juegos medi\u00e1ticos y tiene la experiencia de haber estado en distintos realities tanto en Argentina como en Chile.<\/p>\n\n\n\n<figure class=\"wp-block-image size-large\"><img loading=\"lazy\" decoding=\"async\" width=\"1024\" height=\"575\" src=\"https:\/\/esreviral.com\/wp-content\/uploads\/2023\/01\/AnyConv.com__AnyConv.com__DVAS4PSCVJDCPOUN5GIFYX5F2Qpng-1024x575.webp\" alt=\"\" class=\"wp-image-29371\" srcset=\"https:\/\/esreviral.com\/wp-content\/uploads\/2023\/01\/AnyConv.com__AnyConv.com__DVAS4PSCVJDCPOUN5GIFYX5F2Qpng-1024x575.webp 1024w, https:\/\/esreviral.com\/wp-content\/uploads\/2023\/01\/AnyConv.com__AnyConv.com__DVAS4PSCVJDCPOUN5GIFYX5F2Qpng-300x168.webp 300w, https:\/\/esreviral.com\/wp-content\/uploads\/2023\/01\/AnyConv.com__AnyConv.com__DVAS4PSCVJDCPOUN5GIFYX5F2Qpng-768x431.webp 768w, https:\/\/esreviral.com\/wp-content\/uploads\/2023\/01\/AnyConv.com__AnyConv.com__DVAS4PSCVJDCPOUN5GIFYX5F2Qpng-750x421.webp 750w, https:\/\/esreviral.com\/wp-content\/uploads\/2023\/01\/AnyConv.com__AnyConv.com__DVAS4PSCVJDCPOUN5GIFYX5F2Qpng-1140x640.webp 1140w, https:\/\/esreviral.com\/wp-content\/uploads\/2023\/01\/AnyConv.com__AnyConv.com__DVAS4PSCVJDCPOUN5GIFYX5F2Qpng.webp 1440w\" sizes=\"(max-width: 1024px) 100vw, 1024px\" \/><\/figure>\n\n\n\n<p>Fue parte de&nbsp;<em>Expedici\u00f3n Robinson<\/em>,&nbsp;<em>Bailando por un sue\u00f1o<\/em>,<em>&nbsp;Patinando por un sue\u00f1o<\/em>,<em>&nbsp;ShowMatch, La Academia<\/em>,&nbsp;<em>MasterChef Celebrity Chile y Argentina.&nbsp;<\/em>En todas sus participaciones, dio cuenta de su esp\u00edritu competitivo y de sus ganas de ganar.<\/p>\n\n\n\n<p><strong><mark style=\"background-color:rgba(0, 0, 0, 0)\" class=\"has-inline-color has-vivid-red-color\">Florencia Moyano, de \u201cCombate\u201d a \u201cEl Hotel de los Famosos 2\u2033<\/mark><\/strong><\/p>\n\n\n\n<p><strong>Florencia Moyano&nbsp;<\/strong>es patinadora art\u00edstica y medallista internacional. Sus comienzos fueron en&nbsp;<em>Combate<\/em>, el ciclo en el que compiti\u00f3 tanto para el equipo de Flor Vigna como para el de Mica Viciconte. Tras su paso por el ciclo de&nbsp;<em>elnueve<\/em>, particip\u00f3 en obras de teatro y programas televisivos.<\/p>\n\n\n\n<figure class=\"wp-block-image size-large\"><img loading=\"lazy\" decoding=\"async\" width=\"1024\" height=\"721\" src=\"https:\/\/esreviral.com\/wp-content\/uploads\/2023\/01\/AnyConv.com__AnyConv.com__LIR4FOFGPRGXFEIL3S7FKMFQXUpng-1024x721.webp\" alt=\"\" class=\"wp-image-29372\" srcset=\"https:\/\/esreviral.com\/wp-content\/uploads\/2023\/01\/AnyConv.com__AnyConv.com__LIR4FOFGPRGXFEIL3S7FKMFQXUpng-1024x721.webp 1024w, https:\/\/esreviral.com\/wp-content\/uploads\/2023\/01\/AnyConv.com__AnyConv.com__LIR4FOFGPRGXFEIL3S7FKMFQXUpng-300x211.webp 300w, https:\/\/esreviral.com\/wp-content\/uploads\/2023\/01\/AnyConv.com__AnyConv.com__LIR4FOFGPRGXFEIL3S7FKMFQXUpng-768x541.webp 768w, https:\/\/esreviral.com\/wp-content\/uploads\/2023\/01\/AnyConv.com__AnyConv.com__LIR4FOFGPRGXFEIL3S7FKMFQXUpng-750x528.webp 750w, https:\/\/esreviral.com\/wp-content\/uploads\/2023\/01\/AnyConv.com__AnyConv.com__LIR4FOFGPRGXFEIL3S7FKMFQXUpng-1140x803.webp 1140w, https:\/\/esreviral.com\/wp-content\/uploads\/2023\/01\/AnyConv.com__AnyConv.com__LIR4FOFGPRGXFEIL3S7FKMFQXUpng.webp 1440w\" sizes=\"(max-width: 1024px) 100vw, 1024px\" \/><\/figure>\n\n\n\n<p>Sin embargo, al tiempo se mud\u00f3 a Miami, donde contrajo matrimonio. Tras un a\u00f1o de romance, se separ\u00f3 y decidi\u00f3 regresar a la Argentina para retomar su carrera en los medios. Su vuelta ser\u00e1 de la mano de&nbsp;<em>El Hotel de los Famosos 2.<\/em><\/p>\n\n\n\n<p><strong><mark style=\"background-color:rgba(0, 0, 0, 0)\" class=\"has-inline-color has-vivid-red-color\">Alejo Ortiz, el artista que hace a un lado la actuaci\u00f3n para probarse en un reality<\/mark><\/strong><\/p>\n\n\n\n<p>Hijo de&nbsp;la recordada actriz Susana Ortiz,&nbsp;<strong>Alejo Ortiz&nbsp;<\/strong>es un actor de perfil bajo pero con una ampl\u00edsima trayectoria televisiva y teatral. Fue parte de exitosos elencos tales como&nbsp;<em>Verdad consecuencia,<\/em>&nbsp;<em>Verano del 98<\/em>,&nbsp;<em>Botineras&nbsp;<\/em>y&nbsp;<em>Noche y d\u00eda<\/em>, entre otros.<\/p>\n\n\n\n<figure class=\"wp-block-image size-large\"><img loading=\"lazy\" decoding=\"async\" width=\"1024\" height=\"574\" src=\"https:\/\/esreviral.com\/wp-content\/uploads\/2023\/01\/AnyConv.com__AnyConv.com__USUIEWLX4NBGZLZCU7PV2E5N7Ypng-1024x574.webp\" alt=\"\" class=\"wp-image-29373\" srcset=\"https:\/\/esreviral.com\/wp-content\/uploads\/2023\/01\/AnyConv.com__AnyConv.com__USUIEWLX4NBGZLZCU7PV2E5N7Ypng-1024x574.webp 1024w, https:\/\/esreviral.com\/wp-content\/uploads\/2023\/01\/AnyConv.com__AnyConv.com__USUIEWLX4NBGZLZCU7PV2E5N7Ypng-300x168.webp 300w, https:\/\/esreviral.com\/wp-content\/uploads\/2023\/01\/AnyConv.com__AnyConv.com__USUIEWLX4NBGZLZCU7PV2E5N7Ypng-768x430.webp 768w, https:\/\/esreviral.com\/wp-content\/uploads\/2023\/01\/AnyConv.com__AnyConv.com__USUIEWLX4NBGZLZCU7PV2E5N7Ypng-750x420.webp 750w, https:\/\/esreviral.com\/wp-content\/uploads\/2023\/01\/AnyConv.com__AnyConv.com__USUIEWLX4NBGZLZCU7PV2E5N7Ypng-1140x639.webp 1140w, https:\/\/esreviral.com\/wp-content\/uploads\/2023\/01\/AnyConv.com__AnyConv.com__USUIEWLX4NBGZLZCU7PV2E5N7Ypng.webp 1440w\" sizes=\"(max-width: 1024px) 100vw, 1024px\" \/><\/figure>\n\n\n\n<p><strong><mark style=\"background-color:rgba(0, 0, 0, 0)\" class=\"has-inline-color has-vivid-red-color\">Federico Bar\u00f3n se suma a \u201cEl Hotel de los Famosos 2\u2033: la advertencia de su hermana Jimena<\/mark><\/strong><\/p>\n\n\n\n<p>Al igual que su hermana&nbsp;Jimena Bar\u00f3n,&nbsp;<strong>Federico Bar\u00f3n<\/strong> es actor. Recientemente separado, tiene una hija, Matilda de un a\u00f1o, y se anima a probarse en&nbsp;<em>El Hotel de los Famosos 2<\/em>.<\/p>\n\n\n\n<figure class=\"wp-block-image size-large\"><img loading=\"lazy\" decoding=\"async\" width=\"1024\" height=\"574\" src=\"https:\/\/esreviral.com\/wp-content\/uploads\/2023\/01\/AnyConv.com__AnyConv.com__TMNOQOVUVZHCZC3M2FRBXNLGGUpng-1024x574.webp\" alt=\"\" class=\"wp-image-29374\" srcset=\"https:\/\/esreviral.com\/wp-content\/uploads\/2023\/01\/AnyConv.com__AnyConv.com__TMNOQOVUVZHCZC3M2FRBXNLGGUpng-1024x574.webp 1024w, https:\/\/esreviral.com\/wp-content\/uploads\/2023\/01\/AnyConv.com__AnyConv.com__TMNOQOVUVZHCZC3M2FRBXNLGGUpng-300x168.webp 300w, https:\/\/esreviral.com\/wp-content\/uploads\/2023\/01\/AnyConv.com__AnyConv.com__TMNOQOVUVZHCZC3M2FRBXNLGGUpng-768x430.webp 768w, https:\/\/esreviral.com\/wp-content\/uploads\/2023\/01\/AnyConv.com__AnyConv.com__TMNOQOVUVZHCZC3M2FRBXNLGGUpng-750x420.webp 750w, https:\/\/esreviral.com\/wp-content\/uploads\/2023\/01\/AnyConv.com__AnyConv.com__TMNOQOVUVZHCZC3M2FRBXNLGGUpng-1140x639.webp 1140w, https:\/\/esreviral.com\/wp-content\/uploads\/2023\/01\/AnyConv.com__AnyConv.com__TMNOQOVUVZHCZC3M2FRBXNLGGUpng.webp 1440w\" sizes=\"(max-width: 1024px) 100vw, 1024px\" \/><\/figure>\n\n\n\n<p>D\u00edas atr\u00e1s, al ser consultado acerca de si su hermana le hab\u00eda dado alguna recomendaci\u00f3n o consejo, fue tajante:<strong>&nbsp;\u201cMe dijo: \u2018Mucha suerte y&#8230; \u00a1no me nombres!\u2019\u201d.<\/strong><\/p>\n\n\n\n<p><strong><mark style=\"background-color:rgba(0, 0, 0, 0)\" class=\"has-inline-color has-vivid-red-color\">Mart\u00edn Coggi, el exboxeador participar\u00e1 de \u201cEl Hotel de los Famosos 2\u2033<\/mark><\/strong><\/p>\n\n\n\n<p><strong>Mart\u00edn Coggi&nbsp;<\/strong>es el hijo de L\u00e1tigo Coggi, campe\u00f3n mundial tres veces en la categor\u00eda peso superligero. Al igual que su pap\u00e1, \u00e9l se dedic\u00f3 al pugilismo, y obtuvo los t\u00edtulos Argentino, Latino e Intercontinental.<\/p>\n\n\n\n<figure class=\"wp-block-image size-large\"><img loading=\"lazy\" decoding=\"async\" width=\"1024\" height=\"1011\" src=\"https:\/\/esreviral.com\/wp-content\/uploads\/2023\/01\/AnyConv.com__AnyConv.com__R5CP3BHBW5AGPBJIXE6KV57CWEpng-1024x1011.webp\" alt=\"\" class=\"wp-image-29375\" srcset=\"https:\/\/esreviral.com\/wp-content\/uploads\/2023\/01\/AnyConv.com__AnyConv.com__R5CP3BHBW5AGPBJIXE6KV57CWEpng-1024x1011.webp 1024w, https:\/\/esreviral.com\/wp-content\/uploads\/2023\/01\/AnyConv.com__AnyConv.com__R5CP3BHBW5AGPBJIXE6KV57CWEpng-300x296.webp 300w, https:\/\/esreviral.com\/wp-content\/uploads\/2023\/01\/AnyConv.com__AnyConv.com__R5CP3BHBW5AGPBJIXE6KV57CWEpng-768x758.webp 768w, https:\/\/esreviral.com\/wp-content\/uploads\/2023\/01\/AnyConv.com__AnyConv.com__R5CP3BHBW5AGPBJIXE6KV57CWEpng-75x75.webp 75w, https:\/\/esreviral.com\/wp-content\/uploads\/2023\/01\/AnyConv.com__AnyConv.com__R5CP3BHBW5AGPBJIXE6KV57CWEpng-750x741.webp 750w, https:\/\/esreviral.com\/wp-content\/uploads\/2023\/01\/AnyConv.com__AnyConv.com__R5CP3BHBW5AGPBJIXE6KV57CWEpng-1140x1126.webp 1140w, https:\/\/esreviral.com\/wp-content\/uploads\/2023\/01\/AnyConv.com__AnyConv.com__R5CP3BHBW5AGPBJIXE6KV57CWEpng.webp 1440w\" sizes=\"(max-width: 1024px) 100vw, 1024px\" \/><\/figure>\n\n\n\n<p><strong><mark style=\"background-color:rgba(0, 0, 0, 0)\" class=\"has-inline-color has-vivid-red-color\">Mim\u00ed Alvarado, la esposa de \u201cEl Tirri\u201d, se suma a \u201cEl Hotel de los Famosos 2\u2033<\/mark><\/strong><\/p>\n\n\n\n<p><strong>Mim\u00ed Alvarado<\/strong>&nbsp;es una periodista de Rep\u00fablica Dominicana que hizo carrera en la televisi\u00f3n argentina, donde se luci\u00f3 como panelista de varios programas. Desde hace m\u00e1s de una d\u00e9cada que est\u00e1 en pareja con&nbsp;Luciano \u201cEl Tirri\u201d, el primo de Marcelo Tinelli.<\/p>\n\n\n\n<figure class=\"wp-block-image size-large\"><img loading=\"lazy\" decoding=\"async\" width=\"1024\" height=\"573\" src=\"https:\/\/esreviral.com\/wp-content\/uploads\/2023\/01\/AnyConv.com__AnyConv.com__JUO7QYFTDH64GSFMGTIIVZWAGUpng-1024x573.webp\" alt=\"\" class=\"wp-image-29376\" srcset=\"https:\/\/esreviral.com\/wp-content\/uploads\/2023\/01\/AnyConv.com__AnyConv.com__JUO7QYFTDH64GSFMGTIIVZWAGUpng-1024x573.webp 1024w, https:\/\/esreviral.com\/wp-content\/uploads\/2023\/01\/AnyConv.com__AnyConv.com__JUO7QYFTDH64GSFMGTIIVZWAGUpng-300x168.webp 300w, https:\/\/esreviral.com\/wp-content\/uploads\/2023\/01\/AnyConv.com__AnyConv.com__JUO7QYFTDH64GSFMGTIIVZWAGUpng-768x430.webp 768w, https:\/\/esreviral.com\/wp-content\/uploads\/2023\/01\/AnyConv.com__AnyConv.com__JUO7QYFTDH64GSFMGTIIVZWAGUpng-750x420.webp 750w, https:\/\/esreviral.com\/wp-content\/uploads\/2023\/01\/AnyConv.com__AnyConv.com__JUO7QYFTDH64GSFMGTIIVZWAGUpng-1140x638.webp 1140w, https:\/\/esreviral.com\/wp-content\/uploads\/2023\/01\/AnyConv.com__AnyConv.com__JUO7QYFTDH64GSFMGTIIVZWAGUpng.webp 1440w\" sizes=\"(max-width: 1024px) 100vw, 1024px\" \/><\/figure>\n\n\n\n<p><strong><mark style=\"background-color:rgba(0, 0, 0, 0)\" class=\"has-inline-color has-vivid-red-color\">Abiga\u00edl Pereyra, la actriz uruguaya que se probar\u00e1 en \u201cEl Hotel de los Famosos 2\u2033<\/mark><\/strong><\/p>\n\n\n\n<p><strong>Abiga\u00edl Pereyra<\/strong>&nbsp;es una actriz y cantante uruguaya. En el 2018 fue parte de&nbsp;<em>Stravaganza<\/em>, el \u00e9xito teatral de Flavio Mendoza en Punta del Este. Pero tambi\u00e9n tiene experiencia en realities: el a\u00f1o pasado fue parte de&nbsp;<em>MasterChef Celebrity Uruguay<\/em>&nbsp;y ahora se animar\u00e1 a&nbsp;<em>El Hotel de los Famosos<\/em>.<\/p>\n\n\n\n<figure class=\"wp-block-image size-large\"><img loading=\"lazy\" decoding=\"async\" width=\"1024\" height=\"877\" src=\"https:\/\/esreviral.com\/wp-content\/uploads\/2023\/01\/AnyConv.com__AnyConv.com__OKP3Z2GQ7RBDFCX57LGQBLB4CIpng-1024x877.webp\" alt=\"\" class=\"wp-image-29377\" srcset=\"https:\/\/esreviral.com\/wp-content\/uploads\/2023\/01\/AnyConv.com__AnyConv.com__OKP3Z2GQ7RBDFCX57LGQBLB4CIpng-1024x877.webp 1024w, https:\/\/esreviral.com\/wp-content\/uploads\/2023\/01\/AnyConv.com__AnyConv.com__OKP3Z2GQ7RBDFCX57LGQBLB4CIpng-300x257.webp 300w, https:\/\/esreviral.com\/wp-content\/uploads\/2023\/01\/AnyConv.com__AnyConv.com__OKP3Z2GQ7RBDFCX57LGQBLB4CIpng-768x658.webp 768w, https:\/\/esreviral.com\/wp-content\/uploads\/2023\/01\/AnyConv.com__AnyConv.com__OKP3Z2GQ7RBDFCX57LGQBLB4CIpng-750x642.webp 750w, https:\/\/esreviral.com\/wp-content\/uploads\/2023\/01\/AnyConv.com__AnyConv.com__OKP3Z2GQ7RBDFCX57LGQBLB4CIpng-1140x976.webp 1140w, https:\/\/esreviral.com\/wp-content\/uploads\/2023\/01\/AnyConv.com__AnyConv.com__OKP3Z2GQ7RBDFCX57LGQBLB4CIpng.webp 1440w\" sizes=\"(max-width: 1024px) 100vw, 1024px\" \/><\/figure>\n\n\n\n<p><strong><mark style=\"background-color:rgba(0, 0, 0, 0)\" class=\"has-inline-color has-vivid-red-color\">Marian Farjat, de \u201cGran Hermano\u201d al \u201cEl Hotel de los Famosos 2\u2033<\/mark><\/strong><\/p>\n\n\n\n<p><strong>Marian Farjat<\/strong> es una modelo que fue parte de la edici\u00f3n 2015 de&nbsp;<em>Gran Hermano<\/em>. Aunque no gan\u00f3 el certamen, todos recuerdan su paso por la casa. Fue panelista invitada en distintos programas y no escap\u00f3 a los esc\u00e1ndalos. Hace poco m\u00e1s de un a\u00f1o fue noticia al&nbsp;denunciar que hab\u00eda sido v\u00edctima de una mala praxis.<\/p>\n\n\n\n<figure class=\"wp-block-image size-large\"><img loading=\"lazy\" decoding=\"async\" width=\"1024\" height=\"588\" src=\"https:\/\/esreviral.com\/wp-content\/uploads\/2023\/01\/AnyConv.com__AnyConv.com__DNZAL7WIMKPVGRCBZPHF3GDTVApng-1024x588.webp\" alt=\"\" class=\"wp-image-29378\" srcset=\"https:\/\/esreviral.com\/wp-content\/uploads\/2023\/01\/AnyConv.com__AnyConv.com__DNZAL7WIMKPVGRCBZPHF3GDTVApng-1024x588.webp 1024w, https:\/\/esreviral.com\/wp-content\/uploads\/2023\/01\/AnyConv.com__AnyConv.com__DNZAL7WIMKPVGRCBZPHF3GDTVApng-300x172.webp 300w, https:\/\/esreviral.com\/wp-content\/uploads\/2023\/01\/AnyConv.com__AnyConv.com__DNZAL7WIMKPVGRCBZPHF3GDTVApng-768x441.webp 768w, https:\/\/esreviral.com\/wp-content\/uploads\/2023\/01\/AnyConv.com__AnyConv.com__DNZAL7WIMKPVGRCBZPHF3GDTVApng-750x431.webp 750w, https:\/\/esreviral.com\/wp-content\/uploads\/2023\/01\/AnyConv.com__AnyConv.com__DNZAL7WIMKPVGRCBZPHF3GDTVApng-1140x655.webp 1140w, https:\/\/esreviral.com\/wp-content\/uploads\/2023\/01\/AnyConv.com__AnyConv.com__DNZAL7WIMKPVGRCBZPHF3GDTVApng.webp 1440w\" sizes=\"(max-width: 1024px) 100vw, 1024px\" \/><\/figure>\n\n\n\n<p><strong><mark style=\"background-color:rgba(0, 0, 0, 0)\" class=\"has-inline-color has-vivid-red-color\">\u00c9rica Garc\u00eda, la cantante que formar\u00e1 parte de \u201cEl Hotel de los Famosos 2\u2033<\/mark><\/strong><\/p>\n\n\n\n<p><strong>\u00c9rica Garc\u00eda<\/strong>&nbsp;es una reconocida compositora y cantante. Entre sus \u00e9xitos est\u00e1n \u201cPositiva\u201d, \u201cSurprise Hotel\u201d y \u201cVete destino\u201d.<\/p>\n\n\n\n<figure class=\"wp-block-image size-large\"><img loading=\"lazy\" decoding=\"async\" width=\"1024\" height=\"964\" src=\"https:\/\/esreviral.com\/wp-content\/uploads\/2023\/01\/AnyConv.com__AnyConv.com__7DLQRFE3RVACZKJON62BS7EQUQpng-1024x964.webp\" alt=\"\" class=\"wp-image-29379\" srcset=\"https:\/\/esreviral.com\/wp-content\/uploads\/2023\/01\/AnyConv.com__AnyConv.com__7DLQRFE3RVACZKJON62BS7EQUQpng-1024x964.webp 1024w, https:\/\/esreviral.com\/wp-content\/uploads\/2023\/01\/AnyConv.com__AnyConv.com__7DLQRFE3RVACZKJON62BS7EQUQpng-300x282.webp 300w, https:\/\/esreviral.com\/wp-content\/uploads\/2023\/01\/AnyConv.com__AnyConv.com__7DLQRFE3RVACZKJON62BS7EQUQpng-768x723.webp 768w, https:\/\/esreviral.com\/wp-content\/uploads\/2023\/01\/AnyConv.com__AnyConv.com__7DLQRFE3RVACZKJON62BS7EQUQpng-750x706.webp 750w, https:\/\/esreviral.com\/wp-content\/uploads\/2023\/01\/AnyConv.com__AnyConv.com__7DLQRFE3RVACZKJON62BS7EQUQpng-1140x1073.webp 1140w, https:\/\/esreviral.com\/wp-content\/uploads\/2023\/01\/AnyConv.com__AnyConv.com__7DLQRFE3RVACZKJON62BS7EQUQpng.webp 1440w\" sizes=\"(max-width: 1024px) 100vw, 1024px\" \/><\/figure>\n\n\n\n<p><strong><mark style=\"background-color:rgba(0, 0, 0, 0)\" class=\"has-inline-color has-vivid-red-color\">Emiliano Rella, el conductor<\/mark><\/strong><\/p>\n\n\n\n<p><strong>Emiliano Rella&nbsp;<\/strong>es conductor y actor. Sus primeros pasos en la pantalla chica fueron siendo parte de los elencos de&nbsp;<em>Aprender a volar, Frecuencia 04&nbsp;<\/em>y&nbsp;<em>Rinc\u00f3n de luz<\/em>. Tambi\u00e9n estuvo al frente de&nbsp;<em>El diario de Operaci\u00f3n Triunfo, El podio de la TV, Jugados por amor&nbsp;<\/em>y&nbsp;<em>Call TV.&nbsp;<\/em>Uno de sus \u00faltimos trabajos fue como presentador de&nbsp;<em>Vivo para vos&nbsp;<\/em>(<em>elnueve<\/em>).<\/p>\n\n\n\n<figure class=\"wp-block-image size-large\"><img loading=\"lazy\" decoding=\"async\" width=\"1024\" height=\"767\" src=\"https:\/\/esreviral.com\/wp-content\/uploads\/2023\/01\/AnyConv.com__AnyConv.com__AD7WQL7AZRDIBGGZ56UWPCL6NApng-1024x767.webp\" alt=\"\" class=\"wp-image-29380\" srcset=\"https:\/\/esreviral.com\/wp-content\/uploads\/2023\/01\/AnyConv.com__AnyConv.com__AD7WQL7AZRDIBGGZ56UWPCL6NApng-1024x767.webp 1024w, https:\/\/esreviral.com\/wp-content\/uploads\/2023\/01\/AnyConv.com__AnyConv.com__AD7WQL7AZRDIBGGZ56UWPCL6NApng-300x225.webp 300w, https:\/\/esreviral.com\/wp-content\/uploads\/2023\/01\/AnyConv.com__AnyConv.com__AD7WQL7AZRDIBGGZ56UWPCL6NApng-768x575.webp 768w, https:\/\/esreviral.com\/wp-content\/uploads\/2023\/01\/AnyConv.com__AnyConv.com__AD7WQL7AZRDIBGGZ56UWPCL6NApng-750x561.webp 750w, https:\/\/esreviral.com\/wp-content\/uploads\/2023\/01\/AnyConv.com__AnyConv.com__AD7WQL7AZRDIBGGZ56UWPCL6NApng-1140x853.webp 1140w, https:\/\/esreviral.com\/wp-content\/uploads\/2023\/01\/AnyConv.com__AnyConv.com__AD7WQL7AZRDIBGGZ56UWPCL6NApng.webp 1440w\" sizes=\"(max-width: 1024px) 100vw, 1024px\" \/><\/figure>\n\n\n\n<p><strong><mark style=\"background-color:rgba(0, 0, 0, 0)\" class=\"has-inline-color has-vivid-red-color\">Enzo Aguilar, el influencer que se suma a \u201cEl Hotel de los Famosos 2\u2033<\/mark><\/strong><\/p>\n\n\n\n<p><strong>Enzo Aguilar<\/strong>&nbsp;es un actor e&nbsp;<em>influencer&nbsp;<\/em>que realiza sketches y contenido de humor en TikTok donde tiene m\u00e1s de 400 mil seguidores. El tucumano aborda temas de la vida cotidiana con iron\u00eda y las burlas. De esta manera simpatiza con muchos j\u00f3venes que lo siguen en sus aventuras.<\/p>\n\n\n\n<figure class=\"wp-block-image size-large\"><img loading=\"lazy\" decoding=\"async\" width=\"1024\" height=\"767\" src=\"https:\/\/esreviral.com\/wp-content\/uploads\/2023\/01\/AnyConv.com__AnyConv.com__AYRQLSOUAZFTJFOTASP64XFW2Qpng-1-1024x767.webp\" alt=\"\" class=\"wp-image-29382\" srcset=\"https:\/\/esreviral.com\/wp-content\/uploads\/2023\/01\/AnyConv.com__AnyConv.com__AYRQLSOUAZFTJFOTASP64XFW2Qpng-1-1024x767.webp 1024w, https:\/\/esreviral.com\/wp-content\/uploads\/2023\/01\/AnyConv.com__AnyConv.com__AYRQLSOUAZFTJFOTASP64XFW2Qpng-1-300x225.webp 300w, https:\/\/esreviral.com\/wp-content\/uploads\/2023\/01\/AnyConv.com__AnyConv.com__AYRQLSOUAZFTJFOTASP64XFW2Qpng-1-768x575.webp 768w, https:\/\/esreviral.com\/wp-content\/uploads\/2023\/01\/AnyConv.com__AnyConv.com__AYRQLSOUAZFTJFOTASP64XFW2Qpng-1-750x561.webp 750w, https:\/\/esreviral.com\/wp-content\/uploads\/2023\/01\/AnyConv.com__AnyConv.com__AYRQLSOUAZFTJFOTASP64XFW2Qpng-1-1140x853.webp 1140w, https:\/\/esreviral.com\/wp-content\/uploads\/2023\/01\/AnyConv.com__AnyConv.com__AYRQLSOUAZFTJFOTASP64XFW2Qpng-1.webp 1440w\" sizes=\"(max-width: 1024px) 100vw, 1024px\" \/><\/figure>\n\n\n\n<p><\/p>\n\n\n\n<p><strong><mark style=\"background-color:rgba(0, 0, 0, 0)\" class=\"has-inline-color has-vivid-red-color\">Sebasti\u00e1n Cobelli, el exfutbolista se anima a \u201cEl Hotel de los Famosos 2\u2033<\/mark><\/strong><\/p>\n\n\n\n<p>El exfutbolista y director t\u00e9cnico,&nbsp;<strong>Sebasti\u00e1n Cobelli<\/strong>, se suma a&nbsp;<em>El Hotel de los Famosos<\/em>. El participante est\u00e1 en pareja desde hace m\u00e1s de una d\u00e9cada con Fernanda Vives, con quien tiene dos hijos, Brisa y Rocco.<\/p>\n\n\n\n<figure class=\"wp-block-image size-large\"><img loading=\"lazy\" decoding=\"async\" width=\"868\" height=\"1024\" src=\"https:\/\/esreviral.com\/wp-content\/uploads\/2023\/01\/AnyConv.com__AnyConv.com__VVB6RWPE4FDM3GAJHAQKSYLGPEpng-868x1024.webp\" alt=\"\" class=\"wp-image-29383\" srcset=\"https:\/\/esreviral.com\/wp-content\/uploads\/2023\/01\/AnyConv.com__AnyConv.com__VVB6RWPE4FDM3GAJHAQKSYLGPEpng-868x1024.webp 868w, https:\/\/esreviral.com\/wp-content\/uploads\/2023\/01\/AnyConv.com__AnyConv.com__VVB6RWPE4FDM3GAJHAQKSYLGPEpng-254x300.webp 254w, https:\/\/esreviral.com\/wp-content\/uploads\/2023\/01\/AnyConv.com__AnyConv.com__VVB6RWPE4FDM3GAJHAQKSYLGPEpng-768x906.webp 768w, https:\/\/esreviral.com\/wp-content\/uploads\/2023\/01\/AnyConv.com__AnyConv.com__VVB6RWPE4FDM3GAJHAQKSYLGPEpng-1303x1536.webp 1303w, https:\/\/esreviral.com\/wp-content\/uploads\/2023\/01\/AnyConv.com__AnyConv.com__VVB6RWPE4FDM3GAJHAQKSYLGPEpng-750x884.webp 750w, https:\/\/esreviral.com\/wp-content\/uploads\/2023\/01\/AnyConv.com__AnyConv.com__VVB6RWPE4FDM3GAJHAQKSYLGPEpng-1140x1344.webp 1140w, https:\/\/esreviral.com\/wp-content\/uploads\/2023\/01\/AnyConv.com__AnyConv.com__VVB6RWPE4FDM3GAJHAQKSYLGPEpng.webp 1440w\" sizes=\"(max-width: 868px) 100vw, 868px\" \/><\/figure>\n\n\n\n<p><\/p>\n\n\n\n<p><strong><mark style=\"background-color:rgba(0, 0, 0, 0)\" class=\"has-inline-color has-vivid-red-color\">Juan Martino, el hermano de Majo Martino, se suma al reality<\/mark><\/strong><\/p>\n\n\n\n<p><strong>Juan Manuel Martino<\/strong>&nbsp;es modelo y actor. Adem\u00e1s, es el hermano de Majo Martino, la periodista que fue parte de la primera edici\u00f3n del ciclo, y cu\u00f1ado de Locho Loccisano, el flamante host de esta nueva temporada.<\/p>\n\n\n\n<figure class=\"wp-block-image size-large\"><img loading=\"lazy\" decoding=\"async\" width=\"819\" height=\"1024\" src=\"https:\/\/esreviral.com\/wp-content\/uploads\/2023\/01\/AnyConv.com__AnyConv.com__QMMNOWDRQNEOZKV2PD2DX3AERYpng-819x1024.webp\" alt=\"\" class=\"wp-image-29384\" srcset=\"https:\/\/esreviral.com\/wp-content\/uploads\/2023\/01\/AnyConv.com__AnyConv.com__QMMNOWDRQNEOZKV2PD2DX3AERYpng-819x1024.webp 819w, https:\/\/esreviral.com\/wp-content\/uploads\/2023\/01\/AnyConv.com__AnyConv.com__QMMNOWDRQNEOZKV2PD2DX3AERYpng-240x300.webp 240w, https:\/\/esreviral.com\/wp-content\/uploads\/2023\/01\/AnyConv.com__AnyConv.com__QMMNOWDRQNEOZKV2PD2DX3AERYpng-768x960.webp 768w, https:\/\/esreviral.com\/wp-content\/uploads\/2023\/01\/AnyConv.com__AnyConv.com__QMMNOWDRQNEOZKV2PD2DX3AERYpng-1229x1536.webp 1229w, https:\/\/esreviral.com\/wp-content\/uploads\/2023\/01\/AnyConv.com__AnyConv.com__QMMNOWDRQNEOZKV2PD2DX3AERYpng-750x938.webp 750w, https:\/\/esreviral.com\/wp-content\/uploads\/2023\/01\/AnyConv.com__AnyConv.com__QMMNOWDRQNEOZKV2PD2DX3AERYpng-1140x1425.webp 1140w, https:\/\/esreviral.com\/wp-content\/uploads\/2023\/01\/AnyConv.com__AnyConv.com__QMMNOWDRQNEOZKV2PD2DX3AERYpng.webp 1440w\" sizes=\"(max-width: 819px) 100vw, 819px\" \/><\/figure>\n\n\n\n<p class=\"has-text-align-right\"><strong><em>Telam.-<\/em><\/strong><\/p>\n","protected":false},"excerpt":{"rendered":"<p>Tras el \u00e9xito de la primera edici\u00f3n, comenz\u00f3 la segunda temporada del ciclo que hace convivir y trabajar a actores, deportistas y presentadores.<\/p>\n","protected":false},"author":3,"featured_media":29366,"comment_status":"open","ping_status":"closed","sticky":false,"template":"","format":"standard","meta":{"jnews-multi-image_gallery":[],"jnews_single_post":{"subtitle":"","format":"standard","video":"","gallery":"","source_name":"","source_url":"","via_name":"","via_url":"","override_template":"0","override":[{"template":"4","single_blog_custom":"","parallax":"1","fullscreen":"1","layout":"right-sidebar","sidebar":"default-sidebar","second_sidebar":"default-sidebar","sticky_sidebar":"1","share_position":"top","share_float_style":"share-monocrhome","show_share_counter":"1","show_view_counter":"1","show_featured":"1","show_post_meta":"1","show_post_author":"1","show_post_author_image":"1","show_post_date":"1","post_date_format":"default","post_date_format_custom":"Y\/m\/d","show_post_category":"1","show_post_reading_time":"1","post_reading_time_wpm":"300","show_zoom_button":"1","zoom_button_out_step":"2","zoom_button_in_step":"3","show_post_tag":"1","show_prev_next_post":"1","show_popup_post":"1","number_popup_post":"1","show_author_box":"1","show_post_related":"1","show_inline_post_related":"0"}],"override_image_size":"0","image_override":[{"single_post_thumbnail_size":"crop-500","single_post_gallery_size":"crop-500"}],"trending_post":"0","trending_post_position":"meta","trending_post_label":"Trending","sponsored_post":"0","sponsored_post_label":"Sponsored by","sponsored_post_name":"","sponsored_post_url":"","sponsored_post_logo_enable":"0","sponsored_post_logo":"","sponsored_post_desc":"","disable_ad":"0"},"jnews_primary_category":{"id":"","hide":""},"jnews_social_meta":{"fb_title":"","fb_description":"","fb_image":"","twitter_title":"","twitter_description":"","twitter_image":""},"jnews_review":[],"enable_review":"0","type":"percentage","name":"","summary":"","brand":"","sku":"","good":[{"good_text":""}],"bad":[{"bad_text":""}],"score_override":"","override_value":"","rating":[{"rating_text":"","rating_number":"10"}],"price":[{"shop":"","price":"","link":"","icon":""}],"jnews_override_counter":{"override_view_counter":"0","view_counter_number":"0","override_share_counter":"0","share_counter_number":"0","override_like_counter":"0","like_counter_number":"0","override_dislike_counter":"0","dislike_counter_number":"0"},"jnews_post_split":{"enable_post_split":"0","post_split":[{"template":"1","tag":"h2","numbering":"asc","mode":"normal","first":"0","enable_toc":"0","toc_type":"normal"}]},"footnotes":""},"categories":[50],"tags":[44,6258,6261,6260,45,6259],"class_list":["post-29365","post","type-post","status-publish","format-standard","has-post-thumbnail","hentry","category-entretenimiento","tag-argentina","tag-el-hotel-de-los-famosos","tag-el-hotel-de-los-famosos-2","tag-fernando-carrillo","tag-noticias","tag-reality"],"amp_enabled":true,"_links":{"self":[{"href":"https:\/\/esreviral.com\/index.php?rest_route=\/wp\/v2\/posts\/29365"}],"collection":[{"href":"https:\/\/esreviral.com\/index.php?rest_route=\/wp\/v2\/posts"}],"about":[{"href":"https:\/\/esreviral.com\/index.php?rest_route=\/wp\/v2\/types\/post"}],"author":[{"embeddable":true,"href":"https:\/\/esreviral.com\/index.php?rest_route=\/wp\/v2\/users\/3"}],"replies":[{"embeddable":true,"href":"https:\/\/esreviral.com\/index.php?rest_route=%2Fwp%2Fv2%2Fcomments&post=29365"}],"version-history":[{"count":0,"href":"https:\/\/esreviral.com\/index.php?rest_route=\/wp\/v2\/posts\/29365\/revisions"}],"wp:featuredmedia":[{"embeddable":true,"href":"https:\/\/esreviral.com\/index.php?rest_route=\/wp\/v2\/media\/29366"}],"wp:attachment":[{"href":"https:\/\/esreviral.com\/index.php?rest_route=%2Fwp%2Fv2%2Fmedia&parent=29365"}],"wp:term":[{"taxonomy":"category","embeddable":true,"href":"https:\/\/esreviral.com\/index.php?rest_route=%2Fwp%2Fv2%2Fcategories&post=29365"},{"taxonomy":"post_tag","embeddable":true,"href":"https:\/\/esreviral.com\/index.php?rest_route=%2Fwp%2Fv2%2Ftags&post=29365"}],"curies":[{"name":"wp","href":"https:\/\/api.w.org\/{rel}","templated":true}]}}