{"id":29288,"date":"2023-01-10T07:24:23","date_gmt":"2023-01-10T12:24:23","guid":{"rendered":"https:\/\/esreviral.com\/?p=29288"},"modified":"2023-01-10T08:15:34","modified_gmt":"2023-01-10T13:15:34","slug":"la-impactante-revelacion-del-principe-harry-sobre-la-muerte-de-lady-di-ninguna-emocion","status":"publish","type":"post","link":"https:\/\/esreviral.com\/?p=29288","title":{"rendered":"La impactante revelaci\u00f3n del pr\u00edncipe Harry sobre la muerte de Lady Di: \u201cNinguna emoci\u00f3n\u201d"},"content":{"rendered":"\n<p><\/p>\n\n\n\n<p><strong>El pr\u00edncipe Harry<\/strong>&nbsp;revel\u00f3 que&nbsp;<strong>\u201csolo llor\u00f3 una vez\u201d<\/strong>, durante el entierro de su madre, la princesa Diana, fallecida en un accidente de auto en 1997. El hijo menor del rey Carlos III&nbsp;asegur\u00f3 sentirse&nbsp;<strong>\u201cculpable\u201d por esa incapacidad de llorar<\/strong>, la cual se la atribuye a su restrictiva educaci\u00f3n. Sus declaraciones se dieron en el marco de una entrevista con la cadena brit\u00e1nica<em>&nbsp;ITV<\/em>, realizada previamente a la publicaci\u00f3n de su libro de memorias, titulado en espa\u00f1ol&nbsp;<em>En la sombra.<\/em><\/p>\n\n\n\n<p>Seg\u00fan los extractos de esta entrevista, que se emitir\u00e1 completa el 16 de enero,&nbsp;<strong>Carlos ni siquiera lo abraz\u00f3&nbsp;<\/strong>cuando le comunic\u00f3 la muerte de su madre, cuando se encontraba sentado en su cama en el castillo escoc\u00e9s de Balmoral.<\/p>\n\n\n\n<figure class=\"wp-block-image size-full\"><img fetchpriority=\"high\" decoding=\"async\" width=\"879\" height=\"494\" src=\"https:\/\/esreviral.com\/wp-content\/uploads\/2023\/01\/AnyConv.com__AnyConv.com__HXUE3ZGTY5HUTNELB6S2J6ZLAYpng.webp\" alt=\"\" class=\"wp-image-29290\" srcset=\"https:\/\/esreviral.com\/wp-content\/uploads\/2023\/01\/AnyConv.com__AnyConv.com__HXUE3ZGTY5HUTNELB6S2J6ZLAYpng.webp 879w, https:\/\/esreviral.com\/wp-content\/uploads\/2023\/01\/AnyConv.com__AnyConv.com__HXUE3ZGTY5HUTNELB6S2J6ZLAYpng-300x169.webp 300w, https:\/\/esreviral.com\/wp-content\/uploads\/2023\/01\/AnyConv.com__AnyConv.com__HXUE3ZGTY5HUTNELB6S2J6ZLAYpng-768x432.webp 768w, https:\/\/esreviral.com\/wp-content\/uploads\/2023\/01\/AnyConv.com__AnyConv.com__HXUE3ZGTY5HUTNELB6S2J6ZLAYpng-750x422.webp 750w\" sizes=\"(max-width: 879px) 100vw, 879px\" \/><\/figure>\n\n\n\n<p>Harry revel\u00f3 tambi\u00e9n que el hermano de Diana, el conde Carlos Spencer, se opuso inicialmente y calific\u00e1ndolo de<strong>&nbsp;\u201cbarbaridad\u201d, a que William y Harry, entonces de 15 y 12 a\u00f1os, caminaran&nbsp;detr\u00e1s del ata\u00fad&nbsp;<\/strong>de su madre&nbsp;durante la procesi\u00f3n p\u00fablica por su entierro, un acto que afect\u00f3 profundamente a los menores.<\/p>\n\n\n\n<p>El pr\u00edncipe de 38 a\u00f1os dice que \u00e9l y seguramente tambi\u00e9n su hermano -el actual heredero al trono- se sintieron culpables al ver y estrechar la mano a miles de ciudadanos que lloraban, cuando ellos no eran capaces de demostrar emoci\u00f3n. \u201c<strong>Hab\u00eda 50.000 ramos de flores para nuestra madre y ah\u00ed est\u00e1bamos, estrech\u00e1ndole la mano a la gente, sonriendo\u2026\u201d<\/strong>, record\u00f3, al tiempo que agreg\u00f3 que luego entendieron por qu\u00e9 ten\u00edan las manos \u201cmojadas\u201d: era por \u201csecarse las l\u00e1grimas\u201d.<\/p>\n\n\n\n<figure class=\"wp-block-image size-full\"><img decoding=\"async\" width=\"879\" height=\"586\" src=\"https:\/\/esreviral.com\/wp-content\/uploads\/2023\/01\/AnyConv.com__AnyConv.com__ZKAU6Q2HWRAY5NMFEIDV4H7JU4png.webp\" alt=\"\" class=\"wp-image-29291\" srcset=\"https:\/\/esreviral.com\/wp-content\/uploads\/2023\/01\/AnyConv.com__AnyConv.com__ZKAU6Q2HWRAY5NMFEIDV4H7JU4png.webp 879w, https:\/\/esreviral.com\/wp-content\/uploads\/2023\/01\/AnyConv.com__AnyConv.com__ZKAU6Q2HWRAY5NMFEIDV4H7JU4png-300x200.webp 300w, https:\/\/esreviral.com\/wp-content\/uploads\/2023\/01\/AnyConv.com__AnyConv.com__ZKAU6Q2HWRAY5NMFEIDV4H7JU4png-768x512.webp 768w, https:\/\/esreviral.com\/wp-content\/uploads\/2023\/01\/AnyConv.com__AnyConv.com__ZKAU6Q2HWRAY5NMFEIDV4H7JU4png-750x500.webp 750w\" sizes=\"(max-width: 879px) 100vw, 879px\" \/><\/figure>\n\n\n\n<p>\u201cTodo el mundo pensaba y sent\u00eda que conoc\u00eda a nuestra madre, y las dos personas m\u00e1s cercanas a ella, las dos personas que ella m\u00e1s amaba,&nbsp;<strong>no pudieron mostrar ninguna emoci\u00f3n en aquel momento\u201d<\/strong>, declar\u00f3 el duque de Sussex al periodista Tom Bradby en&nbsp;<em>Harry: La entrevista<\/em>.<\/p>\n\n\n\n<p>El pr\u00edncipe, que actualmente vive en los Estados Unidos, explic\u00f3 asimismo que recre\u00f3 el viaje en coche que llev\u00f3 a la muerte de su madre el 31 de agosto de 1997 en un t\u00fanel en Par\u00eds, con la esperanza de poner fin&nbsp;<strong>\u201ca una d\u00e9cada de dolor implacable\u201d.<\/strong><\/p>\n\n\n\n<p>La entrevista de&nbsp;<em>ITV<\/em>&nbsp;es una de las cuatro -el resto es con cadenas estadounidenses- que&nbsp;<strong>Harry concedi\u00f3 antes de que el 10 de enero salga a la venta&nbsp;su libro, en ingl\u00e9s Spare<\/strong>&nbsp;(<em>El repuesto<\/em>,<em>&nbsp;<\/em>como llama la aristocracia inglesa al segundo hijo, suplente del heredero).<\/p>\n\n\n\n<figure class=\"wp-block-image size-full\"><img decoding=\"async\" width=\"879\" height=\"494\" src=\"https:\/\/esreviral.com\/wp-content\/uploads\/2023\/01\/AnyConv.com__AnyConv.com__HVNVBKU3PRBGNG3D4XGIVPZQNMpng.webp\" alt=\"\" class=\"wp-image-29292\" srcset=\"https:\/\/esreviral.com\/wp-content\/uploads\/2023\/01\/AnyConv.com__AnyConv.com__HVNVBKU3PRBGNG3D4XGIVPZQNMpng.webp 879w, https:\/\/esreviral.com\/wp-content\/uploads\/2023\/01\/AnyConv.com__AnyConv.com__HVNVBKU3PRBGNG3D4XGIVPZQNMpng-300x169.webp 300w, https:\/\/esreviral.com\/wp-content\/uploads\/2023\/01\/AnyConv.com__AnyConv.com__HVNVBKU3PRBGNG3D4XGIVPZQNMpng-768x432.webp 768w, https:\/\/esreviral.com\/wp-content\/uploads\/2023\/01\/AnyConv.com__AnyConv.com__HVNVBKU3PRBGNG3D4XGIVPZQNMpng-750x422.webp 750w\" sizes=\"(max-width: 879px) 100vw, 879px\" \/><\/figure>\n\n\n\n<p>En otros extractos de las declaraciones, Harry defendi\u00f3 su decisi\u00f3n de contar su versi\u00f3n de la historia y sostuvo que quiere una \u201creconciliaci\u00f3n\u201d con su familia, aunque primero deben asumir sus&nbsp;<strong>\u201cresponsabilidades\u201d.<\/strong><\/p>\n\n\n\n<p>En base a las filtraciones del libro que se public\u00f3 prematuramente por error en Espa\u00f1a (y que luego se retir\u00f3 de las librer\u00edas), tambi\u00e9n se conoci\u00f3 que supuestamente&nbsp;<strong>el pr\u00edncipe Carlos se sent\u00eda celoso de la popularidad de sus nueras Kate Middleton y Meghan Markle&nbsp;<\/strong>y, adem\u00e1s, que William agredi\u00f3 f\u00edsicamente a Harry en una discusi\u00f3n sobre la duquesa de Sussex.<\/p>\n\n\n\n<p>En esa misma l\u00ednea, Harry precis\u00f3, entre otras cuestiones, que\u00a0<strong>ambos hermanos le imploraron a su padre que no se casara con Camilla Parker Bowles<\/strong>; que mat\u00f3 a 25 talibanes como piloto de helic\u00f3pteros en Afganist\u00e1n; que\u00a0<strong>perdi\u00f3 la virginidad a los 17 a\u00f1os\u00a0<\/strong>con una mujer mayor\u00a0fuera de un pub lleno de gente\u00a0y\u00a0<strong>que consumi\u00f3 coca\u00edna y setas alucin\u00f3genas.<\/strong><\/p>\n\n\n\n<p><strong><em><mark style=\"background-color:rgba(0, 0, 0, 0)\" class=\"has-inline-color has-vivid-red-color\">Lea Tambi\u00e9n:<\/mark><\/em><\/strong> <strong><em><\/em><\/strong><\/p>\n\n\n\n<p class=\"has-text-align-right\"><strong><em>LaNaci\u00f3n.-<\/em><\/strong><\/p>\n\n\n\n<p><a href=\"https:\/\/www.lanacion.com.ar\/estados-unidos\/cinco-revelaciones-a-esperar-de-la-biografia-del-principe-harry-nid03012023\/\" target=\"_blank\" rel=\"noreferrer noopener\"><em><\/em><\/a><\/p>\n\n\n\n<p><a rel=\"noreferrer noopener\" href=\"https:\/\/www.lanacion.com.ar\/el-mundo\/el-principe-harry-confeso-en-su-libro-que-mato-a-25-talibanes-en-afganistan-y-desperto-alerta-nid06012023\/\" target=\"_blank\"><\/a><\/p>\n","protected":false},"excerpt":{"rendered":"<p>Lo expuesto por el duque de Sussex en el adelanto de su libro caus\u00f3 revuelo dentro y fuera de la familia real brit\u00e1nica; ahora record\u00f3 en una entrevista televisiva la \u00faltima despedida a su madre<\/p>\n","protected":false},"author":3,"featured_media":29289,"comment_status":"open","ping_status":"closed","sticky":false,"template":"","format":"standard","meta":{"jnews-multi-image_gallery":[],"jnews_single_post":{"subtitle":"","format":"standard","video":"","gallery":"","source_name":"","source_url":"","via_name":"","via_url":"","override_template":"0","override":[{"template":"4","single_blog_custom":"","parallax":"1","fullscreen":"1","layout":"right-sidebar","sidebar":"default-sidebar","second_sidebar":"default-sidebar","sticky_sidebar":"1","share_position":"top","share_float_style":"share-monocrhome","show_share_counter":"1","show_view_counter":"1","show_featured":"1","show_post_meta":"1","show_post_author":"1","show_post_author_image":"1","show_post_date":"1","post_date_format":"default","post_date_format_custom":"Y\/m\/d","show_post_category":"1","show_post_reading_time":"1","post_reading_time_wpm":"300","show_zoom_button":"1","zoom_button_out_step":"2","zoom_button_in_step":"3","show_post_tag":"1","show_prev_next_post":"1","show_popup_post":"1","number_popup_post":"1","show_author_box":"1","show_post_related":"1","show_inline_post_related":"0"}],"override_image_size":"0","image_override":[{"single_post_thumbnail_size":"crop-500","single_post_gallery_size":"crop-500"}],"trending_post":"0","trending_post_position":"meta","trending_post_label":"Trending","sponsored_post":"0","sponsored_post_label":"Sponsored by","sponsored_post_name":"","sponsored_post_url":"","sponsored_post_logo_enable":"0","sponsored_post_logo":"","sponsored_post_desc":"","disable_ad":"0"},"jnews_primary_category":{"id":"","hide":""},"jnews_social_meta":{"fb_title":"","fb_description":"","fb_image":"","twitter_title":"","twitter_description":"","twitter_image":""},"jnews_review":[],"enable_review":"0","type":"percentage","name":"","summary":"","brand":"","sku":"","good":[{"good_text":""}],"bad":[{"bad_text":""}],"score_override":"","override_value":"","rating":[{"rating_text":"","rating_number":"10"}],"price":[{"shop":"","price":"","link":"","icon":""}],"jnews_override_counter":{"override_view_counter":"0","view_counter_number":"0","override_share_counter":"0","share_counter_number":"0","override_like_counter":"0","like_counter_number":"0","override_dislike_counter":"0","dislike_counter_number":"0"},"jnews_post_split":{"enable_post_split":"0","post_split":[{"template":"1","tag":"h2","numbering":"asc","mode":"normal","first":"0","enable_toc":"0","toc_type":"normal"}]},"footnotes":""},"categories":[50],"tags":[3451,6238,4021,45,1105,2721,2722],"class_list":["post-29288","post","type-post","status-publish","format-standard","has-post-thumbnail","hentry","category-entretenimiento","tag-gda","tag-lady-diana-spencer","tag-muerte-de-lady-di","tag-noticias","tag-princesa-diana","tag-principe-harry-2","tag-realeza-britanica"],"amp_enabled":true,"_links":{"self":[{"href":"https:\/\/esreviral.com\/index.php?rest_route=\/wp\/v2\/posts\/29288"}],"collection":[{"href":"https:\/\/esreviral.com\/index.php?rest_route=\/wp\/v2\/posts"}],"about":[{"href":"https:\/\/esreviral.com\/index.php?rest_route=\/wp\/v2\/types\/post"}],"author":[{"embeddable":true,"href":"https:\/\/esreviral.com\/index.php?rest_route=\/wp\/v2\/users\/3"}],"replies":[{"embeddable":true,"href":"https:\/\/esreviral.com\/index.php?rest_route=%2Fwp%2Fv2%2Fcomments&post=29288"}],"version-history":[{"count":0,"href":"https:\/\/esreviral.com\/index.php?rest_route=\/wp\/v2\/posts\/29288\/revisions"}],"wp:featuredmedia":[{"embeddable":true,"href":"https:\/\/esreviral.com\/index.php?rest_route=\/wp\/v2\/media\/29289"}],"wp:attachment":[{"href":"https:\/\/esreviral.com\/index.php?rest_route=%2Fwp%2Fv2%2Fmedia&parent=29288"}],"wp:term":[{"taxonomy":"category","embeddable":true,"href":"https:\/\/esreviral.com\/index.php?rest_route=%2Fwp%2Fv2%2Fcategories&post=29288"},{"taxonomy":"post_tag","embeddable":true,"href":"https:\/\/esreviral.com\/index.php?rest_route=%2Fwp%2Fv2%2Ftags&post=29288"}],"curies":[{"name":"wp","href":"https:\/\/api.w.org\/{rel}","templated":true}]}}