{"id":29285,"date":"2023-01-10T07:15:33","date_gmt":"2023-01-10T12:15:33","guid":{"rendered":"https:\/\/esreviral.com\/?p=29285"},"modified":"2023-01-10T07:15:34","modified_gmt":"2023-01-10T12:15:34","slug":"el-intendente-de-moron-sufrio-un-robo-a-mano-armada-en-la-puerta-de-su-casa","status":"publish","type":"post","link":"https:\/\/esreviral.com\/?p=29285","title":{"rendered":"El intendente de Mor\u00f3n, sufri\u00f3 un robo a mano armada en la puerta de su casa"},"content":{"rendered":"\n<p><\/p>\n\n\n\n<p>El intendente de Mor\u00f3n,&nbsp;<strong>Lucas Ghi<\/strong>, sufri\u00f3 anoche<strong>&nbsp;un robo a mano armada<\/strong>&nbsp;cuando llegaba a su casa en&nbsp;<strong>El Palomar<\/strong>. Antes de abordarlo, los ladrones hab\u00edan asaltado a un vecino y tras ello tambi\u00e9n fueron contra personal que trabajaba con el jefe comunal y se encontraba con \u00e9l en ese momento, seg\u00fan pudo confirmar&nbsp;<strong>LA NACION&nbsp;<\/strong>de fuentes con acceso a la investigaci\u00f3n.<\/p>\n\n\n\n<p>El raid delictivo se desencaden\u00f3 cuando<strong>\u00a0un joven de 23 a\u00f1os que estaba por estacionar su auto Renault Megane\u00a0<\/strong>en esa localidad\u00a0bonaerense\u00a0del partido de Mor\u00f3n fue<strong>\u00a0abordado por varios hombres armados\u00a0<\/strong>que circulaban en un Peugeot 208 negro. Los delincuentes se bajaron y le robaron el veh\u00edculo. Despu\u00e9s se dieron a la fuga.<strong>\u00a0Esto ocurri\u00f3 a aproximadamente diez cuadras de la casa de Ghi.<\/strong><\/p>\n\n\n\n<p>Luego, los ladrones circularon por las calles del municipio hasta que&nbsp;<strong>dieron con el intendente, quien se dispon\u00eda a abrir la puerta de su casa<\/strong>. En ese momento, le robaron el celular.<\/p>\n\n\n\n<p>Pero la situaci\u00f3n no termin\u00f3 ah\u00ed. Es que el dirigente del Frente de Todos se encontraba<strong>&nbsp;junto a su chofer y su secretaria,<\/strong>&nbsp;que estaban en el auto que dej\u00f3 a Ghi en su vivienda.&nbsp;<strong>Entonces, el grupo armado le rob\u00f3 el celular y otras pertenencias al conductor, a la vez que intentaron sustraer el veh\u00edculo.<\/strong><\/p>\n\n\n\n<p>Sin embargo,<strong>\u00a0no pudieron concretar esta \u00faltima acci\u00f3n ya que no lograron arrancar el coche.<\/strong>\u00a0Al darse cuenta que iba a ser imposible llevarse ese auto, escaparon. Con el celular del intendente y de su chofer, y el Renault Megane que le hab\u00edan sacado antes a su vecino de 23 a\u00f1os, los delincuentes decidieron concluir con los robos y huir.<\/p>\n\n\n\n<p>M\u00e1s tarde, a trav\u00e9s de una operaci\u00f3n cerrojo que mont\u00f3 la\u00a0Polic\u00eda Bonaerense, los oficiales de esa fuerza lograron recuperar el auto del joven, que los delincuentes dejaron abandonado y con las puertas abiertas en<strong>\u00a0la Avenida Illia y la colectora de la Autopista del Oeste,<\/strong>\u00a0en<strong>\u00a0la zona de Villa Sarmiento,<\/strong>\u00a0tambi\u00e9n en la provincia de Buenos Aires,<strong>\u00a0<\/strong>a aproximadamente 3 kil\u00f3metros de la casa del intendente.<\/p>\n\n\n\n<p>Desde la Unidad Fiscal N\u00b0 4, que interviene en el expediente,&nbsp;<strong>se orden\u00f3 levantar rastros en el coche<\/strong>&nbsp;para intentar dar con los ladrones, que est\u00e1n&nbsp;<strong>pr\u00f3fugos.<\/strong><\/p>\n\n\n\n<p><strong><mark style=\"background-color:rgba(0, 0, 0, 0)\" class=\"has-inline-color has-vivid-red-color\">Un hecho similar hace un a\u00f1o<\/mark><\/strong><\/p>\n\n\n\n<p>Hace un a\u00f1o, justo en enero de 2022,\u00a0<strong>un custodio de Ghi\u00a0mat\u00f3 de un balazo a un motoladr\u00f3n<\/strong>\u00a0que quiso robarle cuando realizaba la custodia de la vivienda del jefe comunal, la misma en donde ahora lo asaltaron al dirigente. Ese d\u00eda del a\u00f1o pasado, el hombre de seguridad fue sorprendido de atr\u00e1s por los ladrones, que exhibieron un arma de fuego. \u201cA pesar de que el uniformado se identific\u00f3 como polic\u00eda, los delincuentes amenazaron con disparar\u201d, contaron en ese entonces las fuentes a\u00a0<strong>LA NACION.<\/strong><\/p>\n\n\n\n<p>En medio de la situaci\u00f3n,&nbsp;<strong>el custodio dispar\u00f3 su arma reglamentaria e hiri\u00f3 a una de los motochorros a la altura del abdomen.<\/strong>&nbsp;El joven de 29 a\u00f1os&nbsp;<strong>muri\u00f3&nbsp;<\/strong>luego en el Hospital Posadas, adonde hab\u00eda sido trasladado de urgencia, mientras que el otro sospechoso se dio a la fuga. En la escena de los hechos, en tanto, se secuestr\u00f3 una r\u00e9plica de arma de fuego.<\/p>\n\n\n\n<p>En ese entonces, la\u00a0<em>Agencia T\u00e9lam<\/em>\u00a0cit\u00f3 fuentes judiciales que remarcaron que se hab\u00eda tratado de una cuesti\u00f3n \u201cal voleo\u201d y no de un ataque intencional contra Ghi.<\/p>\n\n\n\n<p class=\"has-text-align-right\"><em><strong>LA NACION<\/strong>.-<\/em><\/p>\n","protected":false},"excerpt":{"rendered":"<p>Los ladrones ya hab\u00edan sustra\u00eddo pertenencias de un vecino y tambi\u00e9n fueron contra personal del jefe comunal que se encontraba con \u00e9l<\/p>\n","protected":false},"author":3,"featured_media":29286,"comment_status":"open","ping_status":"closed","sticky":false,"template":"","format":"standard","meta":{"jnews-multi-image_gallery":[],"jnews_single_post":{"subtitle":"","format":"standard","video":"","gallery":"","source_name":"","source_url":"","via_name":"","via_url":"","override_template":"0","override":[{"template":"4","single_blog_custom":"","parallax":"1","fullscreen":"1","layout":"right-sidebar","sidebar":"default-sidebar","second_sidebar":"default-sidebar","sticky_sidebar":"1","share_position":"top","share_float_style":"share-monocrhome","show_share_counter":"1","show_view_counter":"1","show_featured":"1","show_post_meta":"1","show_post_author":"1","show_post_author_image":"1","show_post_date":"1","post_date_format":"default","post_date_format_custom":"Y\/m\/d","show_post_category":"1","show_post_reading_time":"1","post_reading_time_wpm":"300","show_zoom_button":"1","zoom_button_out_step":"2","zoom_button_in_step":"3","show_post_tag":"1","show_prev_next_post":"1","show_popup_post":"1","number_popup_post":"1","show_author_box":"1","show_post_related":"1","show_inline_post_related":"0"}],"override_image_size":"0","image_override":[{"single_post_thumbnail_size":"crop-500","single_post_gallery_size":"crop-500"}],"trending_post":"0","trending_post_position":"meta","trending_post_label":"Trending","sponsored_post":"0","sponsored_post_label":"Sponsored by","sponsored_post_name":"","sponsored_post_url":"","sponsored_post_logo_enable":"0","sponsored_post_logo":"","sponsored_post_desc":"","disable_ad":"0"},"jnews_primary_category":{"id":"","hide":""},"jnews_social_meta":{"fb_title":"","fb_description":"","fb_image":"","twitter_title":"","twitter_description":"","twitter_image":""},"jnews_review":[],"enable_review":"0","type":"percentage","name":"","summary":"","brand":"","sku":"","good":[{"good_text":""}],"bad":[{"bad_text":""}],"score_override":"","override_value":"","rating":[{"rating_text":"","rating_number":"10"}],"price":[{"shop":"","price":"","link":"","icon":""}],"jnews_override_counter":{"override_view_counter":"0","view_counter_number":"0","override_share_counter":"0","share_counter_number":"0","override_like_counter":"0","like_counter_number":"0","override_dislike_counter":"0","dislike_counter_number":"0"},"jnews_post_split":{"enable_post_split":"0","post_split":[{"template":"1","tag":"h2","numbering":"asc","mode":"normal","first":"0","enable_toc":"0","toc_type":"normal"}]},"footnotes":""},"categories":[58],"tags":[44,6235,6236,1239,45,6234,130,2008],"class_list":["post-29285","post","type-post","status-publish","format-standard","has-post-thumbnail","hentry","category-argentina","tag-argentina","tag-intendente-de-moron","tag-lucas-ghi","tag-moron-2","tag-noticias","tag-policia-bonaerense-3","tag-robo","tag-robo-a-mano-armada"],"amp_enabled":true,"_links":{"self":[{"href":"https:\/\/esreviral.com\/index.php?rest_route=\/wp\/v2\/posts\/29285"}],"collection":[{"href":"https:\/\/esreviral.com\/index.php?rest_route=\/wp\/v2\/posts"}],"about":[{"href":"https:\/\/esreviral.com\/index.php?rest_route=\/wp\/v2\/types\/post"}],"author":[{"embeddable":true,"href":"https:\/\/esreviral.com\/index.php?rest_route=\/wp\/v2\/users\/3"}],"replies":[{"embeddable":true,"href":"https:\/\/esreviral.com\/index.php?rest_route=%2Fwp%2Fv2%2Fcomments&post=29285"}],"version-history":[{"count":0,"href":"https:\/\/esreviral.com\/index.php?rest_route=\/wp\/v2\/posts\/29285\/revisions"}],"wp:featuredmedia":[{"embeddable":true,"href":"https:\/\/esreviral.com\/index.php?rest_route=\/wp\/v2\/media\/29286"}],"wp:attachment":[{"href":"https:\/\/esreviral.com\/index.php?rest_route=%2Fwp%2Fv2%2Fmedia&parent=29285"}],"wp:term":[{"taxonomy":"category","embeddable":true,"href":"https:\/\/esreviral.com\/index.php?rest_route=%2Fwp%2Fv2%2Fcategories&post=29285"},{"taxonomy":"post_tag","embeddable":true,"href":"https:\/\/esreviral.com\/index.php?rest_route=%2Fwp%2Fv2%2Ftags&post=29285"}],"curies":[{"name":"wp","href":"https:\/\/api.w.org\/{rel}","templated":true}]}}