{"id":2928,"date":"2020-12-28T14:08:37","date_gmt":"2020-12-28T14:08:37","guid":{"rendered":"http:\/\/esreviral.com\/?p=2928"},"modified":"2020-12-28T14:08:37","modified_gmt":"2020-12-28T14:08:37","slug":"guaido-la-dictadura-no-saldra-voluntariamente-del-poder-y-necesitamos-la-fuerza","status":"publish","type":"post","link":"https:\/\/esreviral.com\/?p=2928","title":{"rendered":"Guaid\u00f3: \u201cLa dictadura no saldr\u00e1 voluntariamente del poder y necesitamos la fuerza\u201d"},"content":{"rendered":"\n<p>El l\u00edder opositor y presidente encargado, Juan Guaid\u00f3, augur\u00f3 que Venezuela vivir\u00e1 en 2021 un \u201ccierre de ciclo\u201d del chavismo gobernante, un pron\u00f3stico que prometi\u00f3 materializar desde enero de 2019, cuando se proclam\u00f3 presidente interino, y que todav\u00eda no ha conseguido.<\/p>\n\n\n\n<p>\u201cEl 2021 ser\u00e1 un cierre de ciclo hist\u00f3rico de m\u00e1s de 20 a\u00f1os y se dar\u00e1 el inicio de una nueva Venezuela\u201d, dijo, en un video que difundi\u00f3 a trav\u00e9s de las redes sociales, en alusi\u00f3n a la llamada revoluci\u00f3n bolivariana, en el poder desde 1999.<\/p>\n\n\n\n<p>Guaid\u00f3, reconocido como mandatario interino de Venezuela por unos 50 pa\u00edses, reiter\u00f3 su ofrecimiento a hacer todo lo que est\u00e9 a su alcance \u201cpara lograr forzar una soluci\u00f3n pol\u00edtica\u201d, que saque del poder al presidente Nicol\u00e1s Maduro, si bien este cuenta con el respaldo de todas las instituciones nacionales, excepto la Asamblea Nacional.<\/p>\n\n\n\n<p>\u201cSabemos, adem\u00e1s, que hoy la dictadura no saldr\u00e1 voluntariamente del poder, a menos que se vea obligada a hacerlo y claro que necesitamos la fuerza, tanto de la Fuerza Armada como de la comunidad internacional\u201d, prosigui\u00f3.<\/p>\n\n\n\n<figure class=\"wp-block-embed-twitter wp-block-embed is-type-rich is-provider-twitter\"><div class=\"wp-block-embed__wrapper\">\n<blockquote class=\"twitter-tweet\" data-width=\"500\" data-dnt=\"true\"><p lang=\"es\" dir=\"ltr\">Los convoco a luchar por la salvaci\u00f3n de Venezuela y exigir el cumplimiento del mandato popular.<br><br>Gracias a quienes rechazaron el fraude del 6D y alzaron su voz en la Consulta Popular. <br><br>A la <a href=\"https:\/\/twitter.com\/AsambleaVE?ref_src=twsrc%5Etfw\">@AsambleaVE<\/a> que ayer dio un paso firme en defensa de nuestra gente y la Constituci\u00f3n. <a href=\"https:\/\/t.co\/YdRI9DXNb2\">pic.twitter.com\/YdRI9DXNb2<\/a><\/p>&mdash; Juan Guaid\u00f3 (@jguaido) <a href=\"https:\/\/twitter.com\/jguaido\/status\/1343352956859666432?ref_src=twsrc%5Etfw\">December 28, 2020<\/a><\/blockquote><script async src=\"https:\/\/platform.twitter.com\/widgets.js\" charset=\"utf-8\"><\/script>\n<\/div><\/figure>\n\n\n\n<p>Guaid\u00f3 se comprometi\u00f3 a \u201cunificar la exigencia por nuestros derechos\u201d, en referencia a las numerosas protestas sociales que registra el pa\u00eds, en las que los ciudadanos reclaman por fallos en <strong>los servicios p\u00fablicos, bajos salarios y otros problemas de la crisis.<\/strong><\/p>\n\n\n\n<p>\u201c\u00bfQu\u00e9 van a hacer cuando el pueblo salga nuevamente a exigir estos primeros meses del a\u00f1o?\u201d, pregunt\u00f3 a los miembros de la Fuerza Armada Nacional Bolivariana (FANB), una instituci\u00f3n que hasta ahora ha respaldado a Maduro como presidente.<\/p>\n\n\n\n<p>Convoc\u00f3 tambi\u00e9n a los venezolanos a respaldar el pr\u00f3ximo 5 de enero a la Asamblea Nacional (AN, Parlamento) que \u00e9l preside y que extender\u00e1 sus funciones un a\u00f1o m\u00e1s, aun cuando la Constituci\u00f3n establece que su per\u00edodo termina ese d\u00eda, fecha en la que tomar\u00e1n posesi\u00f3n los diputados elegidos en las parlamentarias del pasado 6 de diciembre.<\/p>\n\n\n\n<p>\u201cA partir del 5 de enero, alcemos la voz en las calles de Venezuela y el mundo para luchar por la salvaci\u00f3n de nuestro pa\u00eds. Es en la calle donde ejercemos la mayor\u00eda, donde construimos esta opci\u00f3n para Venezuela\u201d, sostuvo.<\/p>\n\n\n\n<p class=\"has-text-align-right\"><strong><em>El Nacional.-<\/em><\/strong><\/p>\n","protected":false},"excerpt":{"rendered":"<p>\u00abA partir del 5 de enero, alcemos la voz en las calles de Venezuela y el mundo para luchar por la salvaci\u00f3n de nuestro pa\u00eds. Es en la calle donde ejercemos la mayor\u00eda, donde construimos esta opci\u00f3n para Venezuela\u00bb, sostuvo<\/p>\n","protected":false},"author":2,"featured_media":2929,"comment_status":"open","ping_status":"open","sticky":false,"template":"","format":"standard","meta":{"jnews-multi-image_gallery":[],"jnews_single_post":[],"jnews_primary_category":[],"jnews_social_meta":[],"jnews_review":[],"enable_review":"","type":"","name":"","summary":"","brand":"","sku":"","good":[],"bad":[],"score_override":"","override_value":"","rating":[],"price":[],"jnews_override_counter":[],"jnews_post_split":[],"footnotes":""},"categories":[66],"tags":[154,56],"class_list":["post-2928","post","type-post","status-publish","format-standard","has-post-thumbnail","hentry","category-venezuela","tag-guaido","tag-venezuela"],"amp_enabled":true,"_links":{"self":[{"href":"https:\/\/esreviral.com\/index.php?rest_route=\/wp\/v2\/posts\/2928"}],"collection":[{"href":"https:\/\/esreviral.com\/index.php?rest_route=\/wp\/v2\/posts"}],"about":[{"href":"https:\/\/esreviral.com\/index.php?rest_route=\/wp\/v2\/types\/post"}],"author":[{"embeddable":true,"href":"https:\/\/esreviral.com\/index.php?rest_route=\/wp\/v2\/users\/2"}],"replies":[{"embeddable":true,"href":"https:\/\/esreviral.com\/index.php?rest_route=%2Fwp%2Fv2%2Fcomments&post=2928"}],"version-history":[{"count":0,"href":"https:\/\/esreviral.com\/index.php?rest_route=\/wp\/v2\/posts\/2928\/revisions"}],"wp:featuredmedia":[{"embeddable":true,"href":"https:\/\/esreviral.com\/index.php?rest_route=\/"}],"wp:attachment":[{"href":"https:\/\/esreviral.com\/index.php?rest_route=%2Fwp%2Fv2%2Fmedia&parent=2928"}],"wp:term":[{"taxonomy":"category","embeddable":true,"href":"https:\/\/esreviral.com\/index.php?rest_route=%2Fwp%2Fv2%2Fcategories&post=2928"},{"taxonomy":"post_tag","embeddable":true,"href":"https:\/\/esreviral.com\/index.php?rest_route=%2Fwp%2Fv2%2Ftags&post=2928"}],"curies":[{"name":"wp","href":"https:\/\/api.w.org\/{rel}","templated":true}]}}