{"id":2917,"date":"2020-12-25T16:24:10","date_gmt":"2020-12-25T16:24:10","guid":{"rendered":"http:\/\/esreviral.com\/?p=2917"},"modified":"2020-12-25T16:24:10","modified_gmt":"2020-12-25T16:24:10","slug":"se-entrego-el-joven-que-atropello-a-un-nino-de-5-anos-en-flores-yo-manejaba-pido-disculpas","status":"publish","type":"post","link":"https:\/\/esreviral.com\/?p=2917","title":{"rendered":"Se entreg\u00f3 el joven que atropell\u00f3 a un ni\u00f1o de 5 a\u00f1os en Flores: \u201cYo manejaba, pido disculpas\u201d"},"content":{"rendered":"\n<p><strong>Ricardo Papad\u00f3pulos<\/strong>\u00a0admiti\u00f3 su responsabilidad en la tragedia de Flores y se puso a disposici\u00f3n de la\u00a0<strong>Justicia<\/strong>. El joven est\u00e1 acusado de atropellar y matar a\u00a0<strong>Isaac Sus<\/strong>, de 5 a\u00f1os y dejar con graves heridas a su mam\u00e1\u00a0<strong>D\u00e9bora<\/strong>, para luego darse a la fuga.<\/p>\n\n\n\n<p>\u201c<em>Yo manejaba, pido disculpas<\/em>\u201d, expres\u00f3 el joven al ingresar a la alcald\u00eda n\u00famero 14 de la\u00a0<strong>Ciudad de Buenos Aires<\/strong>, luego de estar pr\u00f3fugo durante ocho d\u00edas y tener pedido de captura nacional e internacional.<\/p>\n\n\n\n<p>La jueza del&nbsp;<strong>Juzgado Criminal y Correccional&nbsp;<\/strong>n\u00famero 62,&nbsp;<strong>Patricia Guichandut<\/strong>, hab\u00eda dispuesto el d\u00eda de ayer la liberaci\u00f3n por falta de m\u00e9rito de&nbsp;<strong>Rub\u00e9n Papad\u00f3pulos<\/strong>, el padre del acusado, que se entreg\u00f3 por ser el titular del&nbsp;<strong>Volkswagen Golf&nbsp;<\/strong>que atropell\u00f3 al nene y a su mam\u00e1, que a\u00fan est\u00e1 internada.<\/p>\n\n\n\n<p>El padre de&nbsp;<strong>Ricardo<\/strong>&nbsp;prest\u00f3 declaraci\u00f3n el lunes ante la titular del Juzgado y hab\u00eda dicho que no conoc\u00eda el paradero de su hijo. \u201c<em>No s\u00e9 d\u00f3nde est\u00e1 porque despu\u00e9s de ese primer llamado no tuve m\u00e1s contacto con \u00e9l. No s\u00e9 nada m\u00e1s. \u00c9l ni siquiera viv\u00eda conmigo<\/em>\u201d, sostuvo el hombre en el marco de la causa.<\/p>\n\n\n\n<p>\u201c<em>Yo no estaba en ese auto. Yo me encontraba en mi casa cuando me llam\u00f3 mi hijo para decirme que tuvo un accidente. Estaba nervioso, asustado y llorando. No le entend\u00ed bien porque la comunicaci\u00f3n se cort\u00f3 y no me pude volver a comunicar. Ese fue el \u00faltimo contacto que tuve<\/em>\u201d, indic\u00f3 en esa ocasi\u00f3n.<\/p>\n\n\n\n<p>El abogado de las v\u00edctimas,&nbsp;Gabriel Becker, expres\u00f3 que su liberaci\u00f3n era previsible ya que \u201c<em>su abogado pidi\u00f3 el sobreseimiento porque no hay elementos para situarlo en el auto que atropell\u00f3 a Isaac y no se lo puede acusar de encubrimiento porque por su car\u00e1cter de padre del sospechoso est\u00e1 exento de responsabilidad criminal<\/em>\u201d.<\/p>\n","protected":false},"excerpt":{"rendered":"<p>El joven de 21 a\u00f1os se entreg\u00f3 esta ma\u00f1ana en la alcald\u00eda 14 de la ciudad de Buenos Aires<\/p>\n","protected":false},"author":2,"featured_media":2918,"comment_status":"open","ping_status":"open","sticky":false,"template":"","format":"standard","meta":{"jnews-multi-image_gallery":[],"jnews_single_post":[],"jnews_primary_category":[],"jnews_social_meta":[],"jnews_review":[],"enable_review":"","type":"","name":"","summary":"","brand":"","sku":"","good":[],"bad":[],"score_override":"","override_value":"","rating":[],"price":[],"jnews_override_counter":[],"jnews_post_split":[],"footnotes":""},"categories":[58],"tags":[434,123,45],"class_list":["post-2917","post","type-post","status-publish","format-standard","has-post-thumbnail","hentry","category-argentina","tag-flores","tag-informacion","tag-noticias"],"amp_enabled":true,"_links":{"self":[{"href":"https:\/\/esreviral.com\/index.php?rest_route=\/wp\/v2\/posts\/2917"}],"collection":[{"href":"https:\/\/esreviral.com\/index.php?rest_route=\/wp\/v2\/posts"}],"about":[{"href":"https:\/\/esreviral.com\/index.php?rest_route=\/wp\/v2\/types\/post"}],"author":[{"embeddable":true,"href":"https:\/\/esreviral.com\/index.php?rest_route=\/wp\/v2\/users\/2"}],"replies":[{"embeddable":true,"href":"https:\/\/esreviral.com\/index.php?rest_route=%2Fwp%2Fv2%2Fcomments&post=2917"}],"version-history":[{"count":0,"href":"https:\/\/esreviral.com\/index.php?rest_route=\/wp\/v2\/posts\/2917\/revisions"}],"wp:featuredmedia":[{"embeddable":true,"href":"https:\/\/esreviral.com\/index.php?rest_route=\/"}],"wp:attachment":[{"href":"https:\/\/esreviral.com\/index.php?rest_route=%2Fwp%2Fv2%2Fmedia&parent=2917"}],"wp:term":[{"taxonomy":"category","embeddable":true,"href":"https:\/\/esreviral.com\/index.php?rest_route=%2Fwp%2Fv2%2Fcategories&post=2917"},{"taxonomy":"post_tag","embeddable":true,"href":"https:\/\/esreviral.com\/index.php?rest_route=%2Fwp%2Fv2%2Ftags&post=2917"}],"curies":[{"name":"wp","href":"https:\/\/api.w.org\/{rel}","templated":true}]}}