{"id":29096,"date":"2023-01-06T07:17:24","date_gmt":"2023-01-06T12:17:24","guid":{"rendered":"https:\/\/esreviral.com\/?p=29096"},"modified":"2023-01-06T07:18:54","modified_gmt":"2023-01-06T12:18:54","slug":"identificaron-a-la-mujer-que-atropello-al-joven-motociclista-en-la-avenida-libertador","status":"publish","type":"post","link":"https:\/\/esreviral.com\/?p=29096","title":{"rendered":"Identificaron a la mujer que atropell\u00f3 al joven motociclista en la avenida Libertador"},"content":{"rendered":"\n<p><\/p>\n\n\n\n<p>Personal policial<strong>\u00a0identific\u00f3 y notific\u00f3 este jueves a la mujer imputada por el homicidio de Tom\u00e1s Emery<\/strong>, el joven que falleci\u00f3 tras ser atropellado en el barrio porte\u00f1o de Belgrano, inform\u00f3 hoy la fuerza de seguridad porte\u00f1a.<\/p>\n\n\n\n<p>Seg\u00fan un comunicado difundido por la Polic\u00eda de la Ciudad durante la tarde de este jueves, el personal de la Divisi\u00f3n Homicidios \u00ab<strong>notific\u00f3 a la mujer en una vivienda ubicada en la localidad de Burzaco<\/strong>\u00ab, en la zona sur del conurbano bonaerense, quien&nbsp;<strong>qued\u00f3 imputada por el cargo de \u201chomicidio\u201d.<\/strong><\/p>\n\n\n\n<p>\u00abPersonal de la Divisi\u00f3n Homicidios de la Polic\u00eda de la Ciudad notific\u00f3 en una vivienda de la localidad bonaerense de Burzaco a la mujer imputada en el homicidio ocurrido d\u00edas atr\u00e1s<strong>&nbsp;en el t\u00fanel de la avenida Del Libertador<\/strong>\u00ab, precis\u00f3 el parte.<\/p>\n\n\n\n<p>Y a\u00f1adi\u00f3: \u00abLa disposici\u00f3n fue ordenada por el Juzgado Nacional en lo Criminal y Correccional N\u00famero 7, a cargo de la doctora Paula Gonz\u00e1lez y ante la Secretar\u00eda \u00danica 121 de la doctora Silvina Damiano\u00bb.<\/p>\n\n\n\n<p>En esta l\u00ednea, se detall\u00f3 que la orden fue tramitada v\u00eda exhorto ante el Juzgado de Garant\u00edas N\u00famero 1 del Departamento Judicial de Lomas de Zamora y<strong>&nbsp;que, adem\u00e1s, se le secuestr\u00f3 el veh\u00edculo a la imputada.&nbsp;<\/strong><\/p>\n\n\n\n<p><strong><mark style=\"background-color:rgba(0, 0, 0, 0)\" class=\"has-inline-color has-vivid-red-color\">El caso, y la campa\u00f1a de amigos y familiares para dar con la responsable<\/mark><\/strong><\/p>\n\n\n\n<p><strong>Tom\u00e1s Emery,<\/strong>&nbsp;de 26 a\u00f1os, falleci\u00f3 tras ser embestido por un autom\u00f3vil el lunes cerca de las 19, cuando circulaba en moto por el t\u00fanel de Avenida del Libertador y La Pampa, en el barrio porte\u00f1o de Belgrano.<\/p>\n\n\n\n<p>Como consecuencia del impacto,&nbsp;<strong>el joven muri\u00f3 en el acto y la conductora responsable se escap\u00f3<\/strong>. Cuando lleg\u00f3 la Polic\u00eda porte\u00f1a se solicit\u00f3 la participaci\u00f3n del cuerpo forense de la fuerza que pidi\u00f3 testigos de sus tareas y de la apertura de la mochila de Emery, lo que permiti\u00f3 contactar a sus familiares.<\/p>\n\n\n\n<p>Ante esta situaci\u00f3n, amigos y familiares de Tom\u00e1s hab\u00edan impulsado&nbsp;<strong>una b\u00fasqueda a trav\u00e9s de las redes sociales para dar con la ahora imputada.<\/strong><\/p>\n\n\n\n<p>Patricia, una de las amigas de Emery, explic\u00f3 a&nbsp;<em>T\u00e9lam&nbsp;<\/em>que el joven conduc\u00eda su moto por el t\u00fanel de Avenida del Libertador&nbsp;<strong>\u201cy un auto azul lo encerr\u00f3, lo choc\u00f3 y sigui\u00f3 como si nada\u201d.<\/strong><\/p>\n\n\n\n<p>\u00abEl lunes por la noche la familia ya no pudo contactarse con \u00e9l y comenz\u00f3 a buscarlo\u00bb, agreg\u00f3, y cont\u00f3 que reci\u00e9n un par de horas despu\u00e9s tuvieron noticias de lo que hab\u00eda ocurrido.<\/p>\n\n\n\n<p>Sobre lo ocurrido, Patricia indic\u00f3 que tienen la informaci\u00f3n brindada por testigos. \u00abNo sabemos si hubo un solo auto involucrado o dos;\u00a0<strong>lo que s\u00ed sabemos es que quien provoc\u00f3 el accidente de Tomy huy\u00f3 del lugar, abandon\u00e1ndolo\u00bb.<\/strong><\/p>\n\n\n\n<p class=\"has-text-align-right\"><strong><em>pagina12.com.ar.-<\/em><\/strong><\/p>\n","protected":false},"excerpt":{"rendered":"<p>La acusada, que reside en la zona sur del conurbano bonaerense, fue imputada por homicidio. Familiares y amigos de Tom\u00e1s Emery hab\u00edan impulsado una campa\u00f1a en redes sociales para poder encontrarla.<\/p>\n","protected":false},"author":3,"featured_media":29097,"comment_status":"open","ping_status":"closed","sticky":false,"template":"","format":"standard","meta":{"jnews-multi-image_gallery":[],"jnews_single_post":{"subtitle":"","format":"standard","video":"","gallery":"","source_name":"","source_url":"","via_name":"","via_url":"","override_template":"0","override":[{"template":"4","single_blog_custom":"","parallax":"1","fullscreen":"1","layout":"right-sidebar","sidebar":"default-sidebar","second_sidebar":"default-sidebar","sticky_sidebar":"1","share_position":"top","share_float_style":"share-monocrhome","show_share_counter":"1","show_view_counter":"1","show_featured":"1","show_post_meta":"1","show_post_author":"1","show_post_author_image":"1","show_post_date":"1","post_date_format":"default","post_date_format_custom":"Y\/m\/d","show_post_category":"1","show_post_reading_time":"1","post_reading_time_wpm":"300","show_zoom_button":"1","zoom_button_out_step":"2","zoom_button_in_step":"3","show_post_tag":"1","show_prev_next_post":"1","show_popup_post":"1","number_popup_post":"1","show_author_box":"1","show_post_related":"1","show_inline_post_related":"0"}],"override_image_size":"0","image_override":[{"single_post_thumbnail_size":"crop-500","single_post_gallery_size":"crop-500"}],"trending_post":"0","trending_post_position":"meta","trending_post_label":"Trending","sponsored_post":"0","sponsored_post_label":"Sponsored by","sponsored_post_name":"","sponsored_post_url":"","sponsored_post_logo_enable":"0","sponsored_post_logo":"","sponsored_post_desc":"","disable_ad":"0"},"jnews_primary_category":{"id":"","hide":""},"jnews_social_meta":{"fb_title":"","fb_description":"","fb_image":"","twitter_title":"","twitter_description":"","twitter_image":""},"jnews_review":[],"enable_review":"0","type":"percentage","name":"","summary":"","brand":"","sku":"","good":[{"good_text":""}],"bad":[{"bad_text":""}],"score_override":"","override_value":"","rating":[{"rating_text":"","rating_number":"10"}],"price":[{"shop":"","price":"","link":"","icon":""}],"jnews_override_counter":{"override_view_counter":"0","view_counter_number":"0","override_share_counter":"0","share_counter_number":"0","override_like_counter":"0","like_counter_number":"0","override_dislike_counter":"0","dislike_counter_number":"0"},"jnews_post_split":{"enable_post_split":"0","post_split":[{"template":"1","tag":"h2","numbering":"asc","mode":"normal","first":"0","enable_toc":"0","toc_type":"normal"}]},"footnotes":""},"categories":[58,64],"tags":[44,1745,6153,6152,45,1469],"class_list":["post-29096","post","type-post","status-publish","format-standard","has-post-thumbnail","hentry","category-argentina","category-sucesos","tag-argentina","tag-avenida-libertador","tag-homicidio-de-tomas-emery","tag-joven-motociclista","tag-noticias","tag-policia-de-la-ciudad"],"amp_enabled":true,"_links":{"self":[{"href":"https:\/\/esreviral.com\/index.php?rest_route=\/wp\/v2\/posts\/29096"}],"collection":[{"href":"https:\/\/esreviral.com\/index.php?rest_route=\/wp\/v2\/posts"}],"about":[{"href":"https:\/\/esreviral.com\/index.php?rest_route=\/wp\/v2\/types\/post"}],"author":[{"embeddable":true,"href":"https:\/\/esreviral.com\/index.php?rest_route=\/wp\/v2\/users\/3"}],"replies":[{"embeddable":true,"href":"https:\/\/esreviral.com\/index.php?rest_route=%2Fwp%2Fv2%2Fcomments&post=29096"}],"version-history":[{"count":0,"href":"https:\/\/esreviral.com\/index.php?rest_route=\/wp\/v2\/posts\/29096\/revisions"}],"wp:featuredmedia":[{"embeddable":true,"href":"https:\/\/esreviral.com\/index.php?rest_route=\/wp\/v2\/media\/29097"}],"wp:attachment":[{"href":"https:\/\/esreviral.com\/index.php?rest_route=%2Fwp%2Fv2%2Fmedia&parent=29096"}],"wp:term":[{"taxonomy":"category","embeddable":true,"href":"https:\/\/esreviral.com\/index.php?rest_route=%2Fwp%2Fv2%2Fcategories&post=29096"},{"taxonomy":"post_tag","embeddable":true,"href":"https:\/\/esreviral.com\/index.php?rest_route=%2Fwp%2Fv2%2Ftags&post=29096"}],"curies":[{"name":"wp","href":"https:\/\/api.w.org\/{rel}","templated":true}]}}