{"id":29093,"date":"2023-01-06T07:02:47","date_gmt":"2023-01-06T12:02:47","guid":{"rendered":"https:\/\/esreviral.com\/?p=29093"},"modified":"2023-01-06T07:02:48","modified_gmt":"2023-01-06T12:02:48","slug":"sergio-massa-designara-a-angel-mario-elettore-como-nuevo-titular-de-la-casa-de-la-moneda","status":"publish","type":"post","link":"https:\/\/esreviral.com\/?p=29093","title":{"rendered":"Sergio Massa designar\u00e1 a \u00c1ngel Mario Elettore como nuevo titular de la Casa de la Moneda"},"content":{"rendered":"\n<p><\/p>\n\n\n\n<p><strong>Sergio Massa<\/strong>, design\u00f3 en las \u00faltimas horas a&nbsp;<strong>\u00c1ngel Mario Elettore<\/strong>&nbsp;como nuevo titular de la&nbsp;<strong>Casa de la Moneda<\/strong>&nbsp;tras la salida de&nbsp;<strong>Rodolfo Gabrielli<\/strong>, confirmaron fuentes del Ministerio de Econom\u00eda a&nbsp;<strong>LA NACION<\/strong>. El exministro de Finanzas cordob\u00e9s de Jos\u00e9 Manuel de la Sota acept\u00f3 el ofrecimiento y ambos acordaron reunirse el pr\u00f3ximo martes.<\/p>\n\n\n\n<p>Seg\u00fan pudo saber este medio,<strong>\u00a0el ofrecimiento de Massa se realiz\u00f3 mediante una comunicaci\u00f3n telef\u00f3nica debido a que Elettore se encuentra en un viaje fuera del pa\u00eds<\/strong>. Por eso, el acuerdo fue de palabra y se terminar\u00eda de cerrar en la reuni\u00f3n acordada para el martes 10 de enero.<\/p>\n\n\n\n<p>La noticia sucede una semana despu\u00e9s de que Massa\u00a0le pidiera la renuncia a Rodolfo Gabrielli, el expresidente de la entidad, tras conocerse los resultados de su gesti\u00f3n durante 2022.<\/p>\n\n\n\n<p>El malestar devino de una serie inversiones y planes que el reemplazante de Silvina Batakis encomend\u00f3 a Gabrielli, pero que no se cumplieron. La idea era ampliar las plantas productivas y mejorar la capacidad del organismo para satisfacer la demanda interna de billetes y monedas, junto al desarrollo continuado de servicios digitales.<\/p>\n\n\n\n<p>Seg\u00fan confirmaron al portal web de\u00a0<strong>LA NACION\u00a0<\/strong>fuentes del Palacio de Hacienda, el expresidente de la C\u00e1mara de Diputados \u201c<strong>no estaba conforme<\/strong>\u201d con el balance anual de la sociedad del Estado encargada de la impresi\u00f3n de los billetes, pasaportes, patentes, formularios y diplomas, entre otros documentos p\u00fablicos.<\/p>\n\n\n\n<p>En 2015,\u00a0Sergio Massa y Jos\u00e9 Manuel de la Sota presentaron el frente Nueva Argentina\u00a0(UNA). Por ese entonces, Massa era diputado por el Frente Renovador y, De la Sota, gobernador de C\u00f3rdoba por tercera vez. En aquel momento, la cercan\u00eda entre ambos pudo servir para afianzar un v\u00ednculo entre el actual ministro de Hacienda y el por entonces titular de la cartera de Finanzas de aquella provincia.<\/p>\n\n\n\n<p>Adem\u00e1s,<strong>&nbsp;en las PASO de 2015, los dos precandidatos presidenciales se enfrentaron internamente para dirimir qui\u00e9n ser\u00eda el representante del partido&nbsp;<\/strong>en las elecciones generales. Massa gan\u00f3 la elecci\u00f3n y se present\u00f3 como candidato a presidente, en la elecci\u00f3n que deriv\u00f3 en un&nbsp;<em>ballotage&nbsp;<\/em>entre&nbsp;<strong>Daniel Scioli y Mauricio Macri.<\/strong>&nbsp;Sin embargo, ese mismo a\u00f1o, el exgobernador muri\u00f3 en un accidente de tr\u00e1nsito.<\/p>\n\n\n\n<p><strong><mark style=\"background-color:rgba(0, 0, 0, 0)\" class=\"has-inline-color has-vivid-red-color\">Qui\u00e9n es el nuevo titular de la Casa de la Moneda<\/mark><\/strong><\/p>\n\n\n\n<p><mark style=\"background-color:rgba(0, 0, 0, 0)\" class=\"has-inline-color has-white-color\"><mark>\u00c1ngel Mario Elettore es un contador cordob\u00e9s egresado de la Universidad Nacional de C\u00f3rdoba.<\/mark>\u00a0<\/mark>En esa provincia fue secretario de Ingresos P\u00fablicos y ministro de Finanzas entre 2003 y 2015 durante dos mandatos de\u00a0<strong>Jos\u00e9 Manuel de la Sota\u00a0<\/strong>(2003-2007 y 2011-2015). Adem\u00e1s, ocup\u00f3 el mismo cargo durante la primera gobernaci\u00f3n del actual gobernador\u00a0<strong>Juan Schiaretti<\/strong>.<\/p>\n\n\n\n<p>Por otro lado se desempe\u00f1\u00f3 como\u00a0<strong>asesor de la C\u00e1mara de Senadores de la Naci\u00f3n para el exsenador Carlos Caserio<\/strong>\u00a0que concluy\u00f3 su mandato en 2021. A su vez, es exdirector Ejecutivo de la Oficina Nacional de Control Comercial Agropecuario (O.N.C.C.A.),\u00a0<strong>exlegislador de la Legislatura de la provincia de C\u00f3rdoba<\/strong>\u00a0y representante titular por la provincia ante la Comisi\u00f3n Federal de Impuestos.<\/p>\n\n\n\n<p class=\"has-text-align-right\"><strong><em>LA NACI\u00d3N.-<\/em><\/strong><\/p>\n","protected":false},"excerpt":{"rendered":"<p>El exministro de Finanzas cordob\u00e9s acept\u00f3 el ofrecimiento y se reunir\u00e1 con el titular de la cartera de Econom\u00eda el martes pr\u00f3ximo<\/p>\n","protected":false},"author":3,"featured_media":29094,"comment_status":"open","ping_status":"closed","sticky":false,"template":"","format":"standard","meta":{"jnews-multi-image_gallery":[],"jnews_single_post":{"subtitle":"","format":"standard","video":"","gallery":"","source_name":"","source_url":"","via_name":"","via_url":"","override_template":"0","override":[{"template":"4","single_blog_custom":"","parallax":"1","fullscreen":"1","layout":"right-sidebar","sidebar":"default-sidebar","second_sidebar":"default-sidebar","sticky_sidebar":"1","share_position":"top","share_float_style":"share-monocrhome","show_share_counter":"1","show_view_counter":"1","show_featured":"1","show_post_meta":"1","show_post_author":"1","show_post_author_image":"1","show_post_date":"1","post_date_format":"default","post_date_format_custom":"Y\/m\/d","show_post_category":"1","show_post_reading_time":"1","post_reading_time_wpm":"300","show_zoom_button":"1","zoom_button_out_step":"2","zoom_button_in_step":"3","show_post_tag":"1","show_prev_next_post":"1","show_popup_post":"1","number_popup_post":"1","show_author_box":"1","show_post_related":"1","show_inline_post_related":"0"}],"override_image_size":"0","image_override":[{"single_post_thumbnail_size":"crop-500","single_post_gallery_size":"crop-500"}],"trending_post":"0","trending_post_position":"meta","trending_post_label":"Trending","sponsored_post":"0","sponsored_post_label":"Sponsored by","sponsored_post_name":"","sponsored_post_url":"","sponsored_post_logo_enable":"0","sponsored_post_logo":"","sponsored_post_desc":"","disable_ad":"0"},"jnews_primary_category":{"id":"","hide":""},"jnews_social_meta":{"fb_title":"","fb_description":"","fb_image":"","twitter_title":"","twitter_description":"","twitter_image":""},"jnews_review":[],"enable_review":"0","type":"percentage","name":"","summary":"","brand":"","sku":"","good":[{"good_text":""}],"bad":[{"bad_text":""}],"score_override":"","override_value":"","rating":[{"rating_text":"","rating_number":"10"}],"price":[{"shop":"","price":"","link":"","icon":""}],"jnews_override_counter":{"override_view_counter":"0","view_counter_number":"0","override_share_counter":"0","share_counter_number":"0","override_like_counter":"0","like_counter_number":"0","override_dislike_counter":"0","dislike_counter_number":"0"},"jnews_post_split":{"enable_post_split":"0","post_split":[{"template":"1","tag":"h2","numbering":"asc","mode":"normal","first":"0","enable_toc":"0","toc_type":"normal"}]},"footnotes":""},"categories":[61],"tags":[6149,44,6003,45,6150,6151,3516],"class_list":["post-29093","post","type-post","status-publish","format-standard","has-post-thumbnail","hentry","category-economia","tag-angel-mario-elettore","tag-argentina","tag-casa-de-la-moneda","tag-noticias","tag-nuevo-titular","tag-salida-de-rodolfo-gabrielli","tag-sergio-massa"],"amp_enabled":true,"_links":{"self":[{"href":"https:\/\/esreviral.com\/index.php?rest_route=\/wp\/v2\/posts\/29093"}],"collection":[{"href":"https:\/\/esreviral.com\/index.php?rest_route=\/wp\/v2\/posts"}],"about":[{"href":"https:\/\/esreviral.com\/index.php?rest_route=\/wp\/v2\/types\/post"}],"author":[{"embeddable":true,"href":"https:\/\/esreviral.com\/index.php?rest_route=\/wp\/v2\/users\/3"}],"replies":[{"embeddable":true,"href":"https:\/\/esreviral.com\/index.php?rest_route=%2Fwp%2Fv2%2Fcomments&post=29093"}],"version-history":[{"count":0,"href":"https:\/\/esreviral.com\/index.php?rest_route=\/wp\/v2\/posts\/29093\/revisions"}],"wp:featuredmedia":[{"embeddable":true,"href":"https:\/\/esreviral.com\/index.php?rest_route=\/wp\/v2\/media\/29094"}],"wp:attachment":[{"href":"https:\/\/esreviral.com\/index.php?rest_route=%2Fwp%2Fv2%2Fmedia&parent=29093"}],"wp:term":[{"taxonomy":"category","embeddable":true,"href":"https:\/\/esreviral.com\/index.php?rest_route=%2Fwp%2Fv2%2Fcategories&post=29093"},{"taxonomy":"post_tag","embeddable":true,"href":"https:\/\/esreviral.com\/index.php?rest_route=%2Fwp%2Fv2%2Ftags&post=29093"}],"curies":[{"name":"wp","href":"https:\/\/api.w.org\/{rel}","templated":true}]}}