{"id":2900,"date":"2020-12-23T23:35:35","date_gmt":"2020-12-23T23:35:35","guid":{"rendered":"http:\/\/esreviral.com\/?p=2900"},"modified":"2020-12-23T23:35:35","modified_gmt":"2020-12-23T23:35:35","slug":"luego-de-la-suba-de-ayer-la-argentina-sumo-60-muertos-y-8-586-nuevos-casos","status":"publish","type":"post","link":"https:\/\/esreviral.com\/?p=2900","title":{"rendered":"Luego de la suba de ayer, la Argentina sum\u00f3 60 muertos y 8.586 nuevos casos"},"content":{"rendered":"\n<p>Tras la suba de contagios y fallecidos de ayer, el\u00a0<strong>Gobierno inform\u00f3 hoy que fueron 8.586 las personas que dieron positivo al test de coronavirus Covid-19\u00a0<\/strong>en las \u00faltimas 24 horas y los infectados\u00a0<strong>en el pa\u00eds llegaron a 1.563.865<\/strong>. De ese total, 1.379.726\u00a0<strong>ya se recuperaron<\/strong>. En tanto, los centros de salud de todo el pa\u00eds ingresaron en el Sistema Nacional de Vigilancia en Salud (SNVS)\u00a0<strong>60 fallecidos, y el total de muertos por la pandemia es de 42.314.<\/strong><\/p>\n\n\n\n<p>En tanto,&nbsp;<strong>son 3.390 las personas que cursan&nbsp;<\/strong>la enfermedad en Unidades de Terapia Intensiva (UTI). La ocupaci\u00f3n de camas UTI, m\u00e1s all\u00e1 de la dolencia que explique la internaci\u00f3n del paciente, a nivel nacional promedia el 54%, mientras que en el AMBA llega al: 58,9%.<\/p>\n\n\n\n<p>En las \u00faltimas 24 hs fueron realizados 39.323 testeos y desde el inicio del brote\u00a0<strong>se realizaron\u00a04.597.960 pruebas<\/strong>\u00a0diagn\u00f3sticas para esta enfermedad, lo que equivale a 101.328 muestras por mill\u00f3n de habitantes.<\/p>\n\n\n\n<p class=\"has-text-align-right\"><strong><em>La Naci\u00f3n.-<\/em><\/strong><\/p>\n\n\n\n<p>Lea tambi\u00e9n: <a href=\"http:\/\/esreviral.com\/2020\/12\/23\/oficial-cerraran-las-fronteras-de-argentina-por-el-aumento-de-casos\/\">OFICIAL: CERRAR\u00c1N LAS FRONTERAS DE ARGENTINA POR EL AUMENTO DE CASOS<\/a><\/p>\n","protected":false},"excerpt":{"rendered":"<p>Tras la suba de contagios y fallecidos de ayer, el\u00a0Gobierno inform\u00f3 hoy que fueron 8.586 las personas que dieron positivo al test de coronavirus Covid-19\u00a0en las \u00faltimas 24 horas y los infectados\u00a0en el pa\u00eds llegaron a 1.563.865. De ese total, 1.379.726\u00a0ya se recuperaron. En tanto, los centros de salud de todo el pa\u00eds ingresaron en [&hellip;]<\/p>\n","protected":false},"author":2,"featured_media":2901,"comment_status":"open","ping_status":"open","sticky":false,"template":"","format":"standard","meta":{"jnews-multi-image_gallery":[],"jnews_single_post":[],"jnews_primary_category":[],"jnews_social_meta":[],"jnews_review":[],"enable_review":"","type":"","name":"","summary":"","brand":"","sku":"","good":[],"bad":[],"score_override":"","override_value":"","rating":[],"price":[],"jnews_override_counter":[],"jnews_post_split":[],"footnotes":""},"categories":[76],"tags":[77,123,45],"class_list":["post-2900","post","type-post","status-publish","format-standard","has-post-thumbnail","hentry","category-coronavirus","tag-coronavirus","tag-informacion","tag-noticias"],"amp_enabled":true,"_links":{"self":[{"href":"https:\/\/esreviral.com\/index.php?rest_route=\/wp\/v2\/posts\/2900"}],"collection":[{"href":"https:\/\/esreviral.com\/index.php?rest_route=\/wp\/v2\/posts"}],"about":[{"href":"https:\/\/esreviral.com\/index.php?rest_route=\/wp\/v2\/types\/post"}],"author":[{"embeddable":true,"href":"https:\/\/esreviral.com\/index.php?rest_route=\/wp\/v2\/users\/2"}],"replies":[{"embeddable":true,"href":"https:\/\/esreviral.com\/index.php?rest_route=%2Fwp%2Fv2%2Fcomments&post=2900"}],"version-history":[{"count":0,"href":"https:\/\/esreviral.com\/index.php?rest_route=\/wp\/v2\/posts\/2900\/revisions"}],"wp:featuredmedia":[{"embeddable":true,"href":"https:\/\/esreviral.com\/index.php?rest_route=\/"}],"wp:attachment":[{"href":"https:\/\/esreviral.com\/index.php?rest_route=%2Fwp%2Fv2%2Fmedia&parent=2900"}],"wp:term":[{"taxonomy":"category","embeddable":true,"href":"https:\/\/esreviral.com\/index.php?rest_route=%2Fwp%2Fv2%2Fcategories&post=2900"},{"taxonomy":"post_tag","embeddable":true,"href":"https:\/\/esreviral.com\/index.php?rest_route=%2Fwp%2Fv2%2Ftags&post=2900"}],"curies":[{"name":"wp","href":"https:\/\/api.w.org\/{rel}","templated":true}]}}