{"id":28983,"date":"2023-01-04T16:05:41","date_gmt":"2023-01-04T21:05:41","guid":{"rendered":"https:\/\/esreviral.com\/?p=28983"},"modified":"2023-01-04T16:05:42","modified_gmt":"2023-01-04T21:05:42","slug":"estados-unidos-no-aclaro-si-reconoce-a-guaido-o-maduro-como-presidente","status":"publish","type":"post","link":"https:\/\/esreviral.com\/?p=28983","title":{"rendered":"Estados Unidos no aclar\u00f3 si reconoce a Guaid\u00f3 o Maduro como Presidente"},"content":{"rendered":"\n<p>La Casa Blanca afirm\u00f3 este mi\u00e9rcoles que se seguir\u00e1 coordinando con el opositor venezolano Juan Guaid\u00f3 y \u00abotros l\u00edderes democr\u00e1ticos que piensan parecido\u00bb de Venezuela, aunque el portavoz del consejo de seguridad nacional del gobierno, John Kirby, evit\u00f3 aclarar si Estados Unidos sigue reconoci\u00e9ndolo como presidente interino del pa\u00eds.<\/p>\n\n\n\n<p>El portavoz hizo estas declaraciones un d\u00eda despu\u00e9s de que el Departamento de Estado afirmara que respeta la decisi\u00f3n de la Asamblea Nacional de 2015, controlada por la oposici\u00f3n, de suprimir el llamado gobierno interino de\u00a0<a rel=\"noreferrer noopener\" href=\"https:\/\/twitter.com\/jguaido\" target=\"_blank\">Juan Guaid\u00f3<\/a>, al que Washington ha estado reconociendo como presidente interino de\u00a0 Venezuela.<\/p>\n\n\n\n<p>Lea tambi\u00e9n: <a href=\"https:\/\/esreviral.com\/embajadores-del-gobierno-interino-de-guaido-cesan-sus-funciones-en-el-exterior\/\">EMBAJADORES DEL GOBIERNO INTERINO DE GUAID\u00d3 CESAN SUS FUNCIONES EN EL EXTERIOR<\/a><\/p>\n\n\n\n<p>La Asamblea de 2015, cuyo mandato ya caduc\u00f3 y que no reconoce al Legislativo de 2021 con mayor\u00eda oficialista, decidi\u00f3 el pasado viernes suprimir el Ejecutivo de Guaid\u00f3, al que Estados Unidos reconoc\u00eda desde 2019, pese a no tener poder efectivo en el pa\u00eds.<\/p>\n\n\n\n<p class=\"has-text-align-right\"><strong><em>Con informaci\u00f3n de El Nacional.-<\/em><\/strong><\/p>\n","protected":false},"excerpt":{"rendered":"<p>La Casa Blanca afirm\u00f3 este mi\u00e9rcoles que se seguir\u00e1 coordinando con el opositor venezolano Juan Guaid\u00f3 y \u00abotros l\u00edderes democr\u00e1ticos que piensan parecido\u00bb de Venezuela, aunque el portavoz del consejo de seguridad nacional del gobierno, John Kirby, evit\u00f3 aclarar si Estados Unidos sigue reconoci\u00e9ndolo como presidente interino del pa\u00eds. El portavoz hizo estas declaraciones un [&hellip;]<\/p>\n","protected":false},"author":2,"featured_media":28985,"comment_status":"open","ping_status":"closed","sticky":false,"template":"","format":"standard","meta":{"jnews-multi-image_gallery":[],"jnews_single_post":{"subtitle":"","format":"standard","video":"","gallery":"","source_name":"","source_url":"","via_name":"","via_url":"","override_template":"0","override":[{"template":"4","single_blog_custom":"","parallax":"1","fullscreen":"1","layout":"right-sidebar","sidebar":"default-sidebar","second_sidebar":"default-sidebar","sticky_sidebar":"1","share_position":"top","share_float_style":"share-monocrhome","show_share_counter":"1","show_view_counter":"1","show_featured":"1","show_post_meta":"1","show_post_author":"1","show_post_author_image":"1","show_post_date":"1","post_date_format":"default","post_date_format_custom":"Y\/m\/d","show_post_category":"1","show_post_reading_time":"1","post_reading_time_wpm":"300","show_zoom_button":"1","zoom_button_out_step":"2","zoom_button_in_step":"3","show_post_tag":"1","show_prev_next_post":"1","show_popup_post":"1","number_popup_post":"1","show_author_box":"1","show_post_related":"1","show_inline_post_related":"0"}],"override_image_size":"0","image_override":[{"single_post_thumbnail_size":"crop-500","single_post_gallery_size":"crop-500"}],"trending_post":"0","trending_post_position":"meta","trending_post_label":"Trending","sponsored_post":"0","sponsored_post_label":"Sponsored by","sponsored_post_name":"","sponsored_post_url":"","sponsored_post_logo_enable":"0","sponsored_post_logo":"","sponsored_post_desc":"","disable_ad":"0"},"jnews_primary_category":{"id":"","hide":""},"jnews_social_meta":{"fb_title":"","fb_description":"","fb_image":"","twitter_title":"","twitter_description":"","twitter_image":""},"jnews_review":[],"enable_review":"0","type":"percentage","name":"","summary":"","brand":"","sku":"","good":[{"good_text":""}],"bad":[{"bad_text":""}],"score_override":"","override_value":"","rating":[{"rating_text":"","rating_number":"10"}],"price":[{"shop":"","price":"","link":"","icon":""}],"jnews_override_counter":{"override_view_counter":"0","view_counter_number":"0","override_share_counter":"0","share_counter_number":"0","override_like_counter":"0","like_counter_number":"0","override_dislike_counter":"0","dislike_counter_number":"0"},"jnews_post_split":{"enable_post_split":"0","post_split":[{"template":"1","tag":"h2","numbering":"asc","mode":"normal","first":"0","enable_toc":"0","toc_type":"normal"}]},"footnotes":""},"categories":[88,59],"tags":[136,154,82,45,56],"class_list":["post-28983","post","type-post","status-publish","format-standard","has-post-thumbnail","hentry","category-internacionales","category-politica","tag-estados-unidos","tag-guaido","tag-maduro","tag-noticias","tag-venezuela"],"amp_enabled":true,"_links":{"self":[{"href":"https:\/\/esreviral.com\/index.php?rest_route=\/wp\/v2\/posts\/28983"}],"collection":[{"href":"https:\/\/esreviral.com\/index.php?rest_route=\/wp\/v2\/posts"}],"about":[{"href":"https:\/\/esreviral.com\/index.php?rest_route=\/wp\/v2\/types\/post"}],"author":[{"embeddable":true,"href":"https:\/\/esreviral.com\/index.php?rest_route=\/wp\/v2\/users\/2"}],"replies":[{"embeddable":true,"href":"https:\/\/esreviral.com\/index.php?rest_route=%2Fwp%2Fv2%2Fcomments&post=28983"}],"version-history":[{"count":0,"href":"https:\/\/esreviral.com\/index.php?rest_route=\/wp\/v2\/posts\/28983\/revisions"}],"wp:featuredmedia":[{"embeddable":true,"href":"https:\/\/esreviral.com\/index.php?rest_route=\/wp\/v2\/media\/28985"}],"wp:attachment":[{"href":"https:\/\/esreviral.com\/index.php?rest_route=%2Fwp%2Fv2%2Fmedia&parent=28983"}],"wp:term":[{"taxonomy":"category","embeddable":true,"href":"https:\/\/esreviral.com\/index.php?rest_route=%2Fwp%2Fv2%2Fcategories&post=28983"},{"taxonomy":"post_tag","embeddable":true,"href":"https:\/\/esreviral.com\/index.php?rest_route=%2Fwp%2Fv2%2Ftags&post=28983"}],"curies":[{"name":"wp","href":"https:\/\/api.w.org\/{rel}","templated":true}]}}