{"id":28979,"date":"2023-01-04T15:59:39","date_gmt":"2023-01-04T20:59:39","guid":{"rendered":"https:\/\/esreviral.com\/?p=28979"},"modified":"2023-01-05T06:16:30","modified_gmt":"2023-01-05T11:16:30","slug":"3-claves-de-por-que-es-inedito-el-velorio-de-benedicto-xvi","status":"publish","type":"post","link":"https:\/\/esreviral.com\/?p=28979","title":{"rendered":"3 claves de por qu\u00e9 es in\u00e9dito el velorio de Benedicto XVI"},"content":{"rendered":"\n<p>La muerte de Joseph Ratzinger ha tra\u00eddo consigo una serie de novedades en el mundo porque desde hac\u00eda m\u00e1s 1500 a\u00f1os que no ocurr\u00eda la renuncia de un Papa como en el 2005 con Benedicto XVI, quien adem\u00e1s dej\u00f3 en su testamento c\u00f3mo quer\u00eda fuese su funeral. <\/p>\n\n\n\n<p><strong><mark style=\"background-color:rgba(0, 0, 0, 0)\" class=\"has-inline-color has-vivid-red-color\">1. Ser\u00e1 celebrado por un Papa<\/mark><\/strong><\/p>\n\n\n\n<p>Por lo general, los funerales de un Papa reci\u00e9n fallecido son presididos por una figura llamada el \u00abcamarlengo\u00bb, quien se encarga de conducir a la Iglesia cat\u00f3lica en los momentos en que no hay un sumo pont\u00edfice en ejercicio.<\/p>\n\n\n\n<p>El tema es que esta vez, debido a que Benedicto XVI renunci\u00f3 en febrero de 2013, casi diez a\u00f1os antes de su fallecimiento, s\u00ed hay un Papa en funciones: Francisco.<\/p>\n\n\n\n<p>Y ser\u00e1 \u00e9l quien se encargue,&nbsp;<strong>por primera vez en la historia<\/strong>, de oficiar el funeral de otro Papa.<\/p>\n\n\n\n<p>Y es que en la historia vaticana solo un Papa hab\u00eda<strong>&nbsp;renunciado voluntariamente&nbsp;<\/strong>al trono de San Pedro de la misma forma en que lo hizo Benedicto XVI.<\/p>\n\n\n\n<p>Ocurri\u00f3 en el siglo XIV, cuando&nbsp;<strong>Pietro Angeleri di Murrone<\/strong>, un sacerdote conocido por sus pr\u00e1cticas de ermita\u00f1o, fue electo Papa en una decisi\u00f3n poco usual incluso para la \u00e9poca, dado que Murrone no era cardenal.<\/p>\n\n\n\n<p><strong><mark style=\"background-color:rgba(0, 0, 0, 0)\" class=\"has-inline-color has-vivid-red-color\">2. No habr\u00e1 elecci\u00f3n de un Papa<\/mark><\/strong><\/p>\n\n\n\n<p>Cuando muere un Papa, inmediatamente se convoca al c\u00f3nclave para escoger el sucesor pero en esta oportunidad no ser\u00e1 as\u00ed debido a que el sumo pont\u00edfice renunci\u00f3. Esta vez ese procedimiento no se realizar\u00e1, debido a que ya se complet\u00f3 una vez se ejecut\u00f3 la renuncia de Benedicto XVI en 2013 y llev\u00f3 a la elecci\u00f3n de Jorge Bergoglio como el nuevo obispo de Roma.<\/p>\n\n\n\n<p>Lea tambi\u00e9n: <strong><a href=\"https:\/\/esreviral.com\/el-adios-a-benedicto-xvi-miles-de-fieles-despiden-al-papa-emerito-en-la-basilica-de-san-pedro\/\">EL ADI\u00d3S A BENEDICTO XVI: MILES DE FIELES DESPIDEN AL PAPA EM\u00c9RITO EN LA BAS\u00cdLICA DE SAN PEDRO<\/a><\/strong><\/p>\n\n\n\n<p><strong><mark style=\"background-color:rgba(0, 0, 0, 0)\" class=\"has-inline-color has-vivid-red-color\">3. La destrucci\u00f3n del anillo del pescador<\/mark><\/strong><\/p>\n\n\n\n<p>Tras ser elegido, un Papa se distingue de los dem\u00e1s cl\u00e9rigos por tres aspectos de su indumentaria: la sotana blanca, la f\u00e9rula o b\u00e1culo papal y el llamado anillo del pescador.<\/p>\n\n\n\n<p>La sotana blanca ha sido utilizada por todos los Papas recientes, mientras que la f\u00e9rula papal no es exclusiva de un pont\u00edfice -por ejemplo,&nbsp;<strong>Francisco utiliza<\/strong><strong>&nbsp;en algunas ocasiones<\/strong><strong>&nbsp;la misma que us\u00f3 Pablo VI y Juan Pablo II.<\/strong><\/p>\n\n\n\n<p>Sin embargo, el anillo del pescador s\u00ed es dise\u00f1ado exclusivamente para cada Papa, una vez resulta elegido.<\/p>\n\n\n\n<p>Y cuando se confirma la muerte del sumo pont\u00edfice -en un ritual en que se lo llama tres veces por su nombre, aunque el Vaticano no ha confirmado si se hizo con Benedicto XVI-, se procede con varios protocolos, entre los cuales est\u00e1 destruir con un martillo el anillo del pescador.<\/p>\n\n\n\n<p>Pues esta vez, con el fallecimiento de Benedicto XVI no se dio este protocolo, debido a que el anillo del pescador que le hab\u00eda sido entregado en 2005 fue \u00abanulado\u00bb en el momento que se hizo efectiva su renuncia, el 28 de febrero de 2013.<\/p>\n\n\n\n<p>Tradicionalmente este objeto era destruido tras la muerte del Sumo Pont\u00edfice,&nbsp;<strong>pero en el caso del anillo de Benedicto XVI, se procedi\u00f3 a marcarlo con una cruz, como lo se\u00f1al\u00f3 el entonces vocero Federico Lombardi.<\/strong><\/p>\n\n\n\n<p>Sin embargo, una vez renunci\u00f3, a Benedicto XVI se le permiti\u00f3 llevar una sotana blanca sencilla -distinta a la que luce Francisco-&nbsp;<strong>para indicar su condici\u00f3n de Papa em\u00e9rito, que Ratzinger visti\u00f3 hasta su muerte.<\/strong><\/p>\n\n\n\n<p class=\"has-text-align-right\"><strong><em>BBC.-<\/em><\/strong><\/p>\n","protected":false},"excerpt":{"rendered":"<p>La muerte de Joseph Ratzinger ha tra\u00eddo consigo una serie de novedades en el mundo porque desde hac\u00eda m\u00e1s 1500 a\u00f1os que no ocurr\u00eda la renuncia de un Papa como en el 2005 con Benedicto XVI, quien adem\u00e1s dej\u00f3 en su testamento c\u00f3mo quer\u00eda fuese su funeral. 1. Ser\u00e1 celebrado por un Papa Por lo [&hellip;]<\/p>\n","protected":false},"author":2,"featured_media":28980,"comment_status":"closed","ping_status":"closed","sticky":false,"template":"","format":"standard","meta":{"jnews-multi-image_gallery":[],"jnews_single_post":{"subtitle":"","format":"standard","video":"","gallery":"","source_name":"","source_url":"","via_name":"","via_url":"","override_template":"0","override":[{"template":"4","single_blog_custom":"","parallax":"1","fullscreen":"1","layout":"right-sidebar","sidebar":"default-sidebar","second_sidebar":"default-sidebar","sticky_sidebar":"1","share_position":"top","share_float_style":"share-monocrhome","show_share_counter":"1","show_view_counter":"1","show_featured":"1","show_post_meta":"1","show_post_author":"1","show_post_author_image":"1","show_post_date":"1","post_date_format":"default","post_date_format_custom":"Y\/m\/d","show_post_category":"1","show_post_reading_time":"1","post_reading_time_wpm":"300","show_zoom_button":"1","zoom_button_out_step":"2","zoom_button_in_step":"3","show_post_tag":"1","show_prev_next_post":"1","show_popup_post":"1","number_popup_post":"1","show_author_box":"1","show_post_related":"1","show_inline_post_related":"0"}],"override_image_size":"0","image_override":[{"single_post_thumbnail_size":"crop-500","single_post_gallery_size":"crop-500"}],"trending_post":"0","trending_post_position":"meta","trending_post_label":"Trending","sponsored_post":"0","sponsored_post_label":"Sponsored by","sponsored_post_name":"","sponsored_post_url":"","sponsored_post_logo_enable":"0","sponsored_post_logo":"","sponsored_post_desc":"","disable_ad":"0"},"jnews_primary_category":{"id":"","hide":""},"jnews_social_meta":{"fb_title":"","fb_description":"","fb_image":"","twitter_title":"","twitter_description":"","twitter_image":""},"jnews_review":[],"enable_review":"0","type":"percentage","name":"","summary":"","brand":"","sku":"","good":[{"good_text":""}],"bad":[{"bad_text":""}],"score_override":"","override_value":"","rating":[{"rating_text":"","rating_number":"10"}],"price":[{"shop":"","price":"","link":"","icon":""}],"jnews_override_counter":{"override_view_counter":"0","view_counter_number":"0","override_share_counter":"0","share_counter_number":"0","override_like_counter":"0","like_counter_number":"0","override_dislike_counter":"0","dislike_counter_number":"0"},"jnews_post_split":{"enable_post_split":"0","post_split":[{"template":"1","tag":"h2","numbering":"asc","mode":"normal","first":"0","enable_toc":"0","toc_type":"normal"}]},"footnotes":""},"categories":[88],"tags":[45,3172,129],"class_list":["post-28979","post","type-post","status-publish","format-standard","has-post-thumbnail","hentry","category-internacionales","tag-noticias","tag-papa-benedicto-xvi","tag-vaticano"],"amp_enabled":true,"_links":{"self":[{"href":"https:\/\/esreviral.com\/index.php?rest_route=\/wp\/v2\/posts\/28979"}],"collection":[{"href":"https:\/\/esreviral.com\/index.php?rest_route=\/wp\/v2\/posts"}],"about":[{"href":"https:\/\/esreviral.com\/index.php?rest_route=\/wp\/v2\/types\/post"}],"author":[{"embeddable":true,"href":"https:\/\/esreviral.com\/index.php?rest_route=\/wp\/v2\/users\/2"}],"replies":[{"embeddable":true,"href":"https:\/\/esreviral.com\/index.php?rest_route=%2Fwp%2Fv2%2Fcomments&post=28979"}],"version-history":[{"count":0,"href":"https:\/\/esreviral.com\/index.php?rest_route=\/wp\/v2\/posts\/28979\/revisions"}],"wp:featuredmedia":[{"embeddable":true,"href":"https:\/\/esreviral.com\/index.php?rest_route=\/wp\/v2\/media\/28980"}],"wp:attachment":[{"href":"https:\/\/esreviral.com\/index.php?rest_route=%2Fwp%2Fv2%2Fmedia&parent=28979"}],"wp:term":[{"taxonomy":"category","embeddable":true,"href":"https:\/\/esreviral.com\/index.php?rest_route=%2Fwp%2Fv2%2Fcategories&post=28979"},{"taxonomy":"post_tag","embeddable":true,"href":"https:\/\/esreviral.com\/index.php?rest_route=%2Fwp%2Fv2%2Ftags&post=28979"}],"curies":[{"name":"wp","href":"https:\/\/api.w.org\/{rel}","templated":true}]}}