{"id":28919,"date":"2023-01-04T07:12:56","date_gmt":"2023-01-04T12:12:56","guid":{"rendered":"https:\/\/esreviral.com\/?p=28919"},"modified":"2023-01-04T07:12:56","modified_gmt":"2023-01-04T12:12:56","slug":"farruko-reacciono-a-la-controversia-de-bad-bunny-con-una-fanatica","status":"publish","type":"post","link":"https:\/\/esreviral.com\/?p=28919","title":{"rendered":"Farruko reaccion\u00f3 a la controversia de Bad Bunny con una fan\u00e1tica"},"content":{"rendered":"\n<p><\/p>\n\n\n\n<p>Dentro de la vor\u00e1gine de comentarios y opiniones provocadas por la publicaci\u00f3n de un v\u00eddeo en la que se ve a\u00a0Bad Bunny\u00a0lanzar al suelo el tel\u00e9fono celular de una fan\u00e1tica que quer\u00eda hacerse una foto,\u00a0otro exponente de m\u00fasica urbana quiso dar su opini\u00f3n desde su experiencia.<\/p>\n\n\n\n<p>Fue as\u00ed que el puertorrique\u00f1o&nbsp;Farruko,&nbsp;quien hace casi un a\u00f1o tom\u00f3 la decisi\u00f3n de cantar m\u00fasica con tem\u00e1tica positiva, dej\u00f3 saber a trav\u00e9s de las redes sociales lo que pensaba la situaci\u00f3n ocurrida en Rep\u00fablica Dominicana.<\/p>\n\n\n\n<p>\u201cEl que no te bien \u2018agarrao\u2019 emocional y espiritualmente la sobre aceptaci\u00f3n (fama) tuesta shifla y jode a los artistas\u201d, escribi\u00f3 Carlos Efr\u00e9n Reyes Rosado, nombre de pila de Farruko, en sus historias en Instagram.&nbsp;\u201cSon seres humanos tambi\u00e9n y los artistas caemos en ese juego creyendo que esa aceptaci\u00f3n es real y pa\u2019 siempre. Por eso muchos terminan en \u2018depre\u2019 o quit\u00e1ndose la vida cuando el p\u00fabico dice fo\u2019\u201d.<\/p>\n\n\n\n<p><strong><mark style=\"background-color:rgba(0, 0, 0, 0)\" class=\"has-inline-color has-vivid-red-color\">El video<\/mark><\/strong><\/p>\n\n\n\n<p>Minutos m\u00e1s tarde, el autor de \u201cPepas\u201d, \u201cGracias\u201d y \u201cNazareno\u201d, quiso abundar un poco m\u00e1s en sus expresiones relacionados al asunto de Bad Bunny, aunque nunca lo menciona por nombre.<\/p>\n\n\n\n<p>\u201cAhora que \u2018toy\u2019 afuerita, veo a la fama haciendo de las suyas con panas m\u00edos. Dios los cuide mano. En mis oraciones los pondr\u00e9\u201d, a\u00f1adi\u00f3 el cantante nacido en Bayam\u00f3n hace 31 a\u00f1os.\u00a0\u201cUnos \u2018aborrec\u00edos\u2019, otros haciendo lo que sea por no dejarla caer. Ta\u2019 cabr\u00f3n mano. No nos damos cuenta donde tamos\u2019 metidos hasta que lo ves de afuera\u201d.<\/p>\n\n\n\n<p>El v\u00eddeo publicado en varias cuentas de redes sociales muestran el momento en que una fan\u00e1tica se le acerca al puertorrique\u00f1o, quien camina junto a un grupo de personas con un pa\u00f1uelo blanco en la cabeza, para tomarse una fotograf\u00eda o v\u00eddeo tipo \u201cselfie\u201d.<\/p>\n\n\n\n<p><strong><mark style=\"background-color:rgba(0, 0, 0, 0)\" class=\"has-inline-color has-vivid-red-color\">La respuesta de Bad Bunny<\/mark><\/strong><\/p>\n\n\n\n<p>Luego de varios segundos, el cantante le arrebata el celular de las manos a la joven y lo lanza por los aires por encima de unos arbustos.&nbsp;La mujer se queda paralizada y con cara de asombro, mientras ve c\u00f3mo su tel\u00e9fono inteligente vuela por los aires.<\/p>\n\n\n\n<p>Horas m\u00e1s tarde, el propio Bad Bunny public\u00f3 en sus redes sociales en un escueto mensaje en el que justificaba sus acciones con la joven.\u00a0\u201cLa persona que se acerque a mi a saludarme, a decirme algo, o solo conocerme, siempre recibir\u00e1 mi atenci\u00f3n y respeto. Los que vengan a ponerme un cabr\u00f3n tel\u00e9fono en la cara lo considerar\u00e9 como lo que es, una falta de respeto y as\u00ed mismo lo tratar\u00e9 yo\u201d, tuite\u00f3<a href=\"https:\/\/www.elnuevodia.com\/entretenimiento\/farandula\/notas\/farruko-reacciona-a-la-controversia-de-bad-bunny-con-una-fanatica\/?utm_source=elnuevodia.com&amp;utm_medium=widget&amp;utm_campaign=las_mas_vistas\">.<\/a><\/p>\n\n\n\n<p>Lea Tambi\u00e9n: <strong><em><\/em><\/strong><\/p>\n\n\n\n<p class=\"has-text-align-right\"><strong><em>ElNacional.-<\/em><\/strong><\/p>\n","protected":false},"excerpt":{"rendered":"<p>El propio Bad Bunny public\u00f3 en sus redes sociales un escueto mensaje en el que justificaba sus acciones con la joven<\/p>\n","protected":false},"author":3,"featured_media":28920,"comment_status":"open","ping_status":"closed","sticky":false,"template":"","format":"standard","meta":{"jnews-multi-image_gallery":[],"jnews_single_post":{"subtitle":"","format":"standard","video":"","gallery":"","source_name":"","source_url":"","via_name":"","via_url":"","override_template":"0","override":[{"template":"4","single_blog_custom":"","parallax":"1","fullscreen":"1","layout":"right-sidebar","sidebar":"default-sidebar","second_sidebar":"default-sidebar","sticky_sidebar":"1","share_position":"top","share_float_style":"share-monocrhome","show_share_counter":"1","show_view_counter":"1","show_featured":"1","show_post_meta":"1","show_post_author":"1","show_post_author_image":"1","show_post_date":"1","post_date_format":"default","post_date_format_custom":"Y\/m\/d","show_post_category":"1","show_post_reading_time":"1","post_reading_time_wpm":"300","show_zoom_button":"1","zoom_button_out_step":"2","zoom_button_in_step":"3","show_post_tag":"1","show_prev_next_post":"1","show_popup_post":"1","number_popup_post":"1","show_author_box":"1","show_post_related":"1","show_inline_post_related":"0"}],"override_image_size":"0","image_override":[{"single_post_thumbnail_size":"crop-500","single_post_gallery_size":"crop-500"}],"trending_post":"0","trending_post_position":"meta","trending_post_label":"Trending","sponsored_post":"0","sponsored_post_label":"Sponsored by","sponsored_post_name":"","sponsored_post_url":"","sponsored_post_logo_enable":"0","sponsored_post_logo":"","sponsored_post_desc":"","disable_ad":"0"},"jnews_primary_category":{"id":"","hide":""},"jnews_social_meta":{"fb_title":"","fb_description":"","fb_image":"","twitter_title":"","twitter_description":"","twitter_image":""},"jnews_review":[],"enable_review":"0","type":"percentage","name":"","summary":"","brand":"","sku":"","good":[{"good_text":""}],"bad":[{"bad_text":""}],"score_override":"","override_value":"","rating":[{"rating_text":"","rating_number":"10"}],"price":[{"shop":"","price":"","link":"","icon":""}],"jnews_override_counter":{"override_view_counter":"0","view_counter_number":"0","override_share_counter":"0","share_counter_number":"0","override_like_counter":"0","like_counter_number":"0","override_dislike_counter":"0","dislike_counter_number":"0"},"jnews_post_split":{"enable_post_split":"0","post_split":[{"template":"1","tag":"h2","numbering":"asc","mode":"normal","first":"0","enable_toc":"0","toc_type":"normal"}]},"footnotes":""},"categories":[50],"tags":[1183,3306,6083,6082,45],"class_list":["post-28919","post","type-post","status-publish","format-standard","has-post-thumbnail","hentry","category-entretenimiento","tag-bad-bunny","tag-controversia","tag-fanatica-de-baf-bunny","tag-farruko","tag-noticias"],"_links":{"self":[{"href":"https:\/\/esreviral.com\/index.php?rest_route=\/wp\/v2\/posts\/28919","targetHints":{"allow":["GET"]}}],"collection":[{"href":"https:\/\/esreviral.com\/index.php?rest_route=\/wp\/v2\/posts"}],"about":[{"href":"https:\/\/esreviral.com\/index.php?rest_route=\/wp\/v2\/types\/post"}],"author":[{"embeddable":true,"href":"https:\/\/esreviral.com\/index.php?rest_route=\/wp\/v2\/users\/3"}],"replies":[{"embeddable":true,"href":"https:\/\/esreviral.com\/index.php?rest_route=%2Fwp%2Fv2%2Fcomments&post=28919"}],"version-history":[{"count":0,"href":"https:\/\/esreviral.com\/index.php?rest_route=\/wp\/v2\/posts\/28919\/revisions"}],"wp:featuredmedia":[{"embeddable":true,"href":"https:\/\/esreviral.com\/index.php?rest_route=\/wp\/v2\/media\/28920"}],"wp:attachment":[{"href":"https:\/\/esreviral.com\/index.php?rest_route=%2Fwp%2Fv2%2Fmedia&parent=28919"}],"wp:term":[{"taxonomy":"category","embeddable":true,"href":"https:\/\/esreviral.com\/index.php?rest_route=%2Fwp%2Fv2%2Fcategories&post=28919"},{"taxonomy":"post_tag","embeddable":true,"href":"https:\/\/esreviral.com\/index.php?rest_route=%2Fwp%2Fv2%2Ftags&post=28919"}],"curies":[{"name":"wp","href":"https:\/\/api.w.org\/{rel}","templated":true}]}}