{"id":28916,"date":"2023-01-04T06:58:07","date_gmt":"2023-01-04T11:58:07","guid":{"rendered":"https:\/\/esreviral.com\/?p=28916"},"modified":"2023-01-04T06:58:08","modified_gmt":"2023-01-04T11:58:08","slug":"embajadores-del-gobierno-interino-de-guaido-cesan-sus-funciones-en-el-exterior","status":"publish","type":"post","link":"https:\/\/esreviral.com\/?p=28916","title":{"rendered":"Embajadores del gobierno interino de Guaid\u00f3 cesan sus funciones en el exterior"},"content":{"rendered":"\n<p><\/p>\n\n\n\n<p>Unos\u00a0<strong>35 embajadores venezolanos<\/strong>\u00a0que integraban el cuerpo diplom\u00e1tico del gobierno interino que presid\u00eda Juan Guaid\u00f3 cesaron sus funciones el 30 de diciembre pasado, divulg\u00f3\u00a0<em><strong>ABC<\/strong><\/em>.<\/p>\n\n\n\n<p>La mayor\u00eda parlamentaria elimin\u00f3 el gobierno interino con 72 votos ese d\u00eda, una decisi\u00f3n que afectar\u00e1 los intereses de Venezuela en el exterior sin que se hayan tomado alternativas para reemplazar a Guaid\u00f3.<\/p>\n\n\n\n<p>Tampoco se nombrado la nueva junta parlamentaria que atender\u00e1 todo lo relacionado con la protecci\u00f3n de los activos y bienes de Venezuela en el extranjero, que hasta ahora formaban parte de las misiones diplom\u00e1ticas del gobierno interino, indic\u00f3.<\/p>\n\n\n\n<p>Carlos Vecchio\u00a0fue el primero en anunciar por las redes sociales la baja de su representaci\u00f3n en Washington en los Estados Unidos ante la eliminaci\u00f3n del gobierno interino. Al dejar de existir el interinato tambi\u00e9n cesan sus delegaciones diplom\u00e1ticas en el exterior, se\u00f1al\u00f3 a ABC uno de los cesados.<\/p>\n\n\n\n<figure class=\"wp-block-embed is-type-rich is-provider-twitter wp-block-embed-twitter\"><div class=\"wp-block-embed__wrapper\">\n<blockquote class=\"twitter-tweet\" data-width=\"500\" data-dnt=\"true\"><p lang=\"es\" dir=\"ltr\">En lo personal, tengo la conciencia tranquila porque jam\u00e1s he estado ni estar\u00e9 de acuerdo con nada que vaya en contra del inter\u00e9s supremo de nuestro pueblo por lograr su LIBERTAD. Realizaremos conforme a la Ley el cese de nuestras actividades diplom\u00e1ticas en los Estados Unidos.<\/p>&mdash; CARLOS VECCHIO (@carlosvecchio) <a href=\"https:\/\/twitter.com\/carlosvecchio\/status\/1608986963008450560?ref_src=twsrc%5Etfw\">December 31, 2022<\/a><\/blockquote><script async src=\"https:\/\/platform.twitter.com\/widgets.js\" charset=\"utf-8\"><\/script>\n<\/div><\/figure>\n\n\n\n<p><strong><mark style=\"background-color:rgba(0, 0, 0, 0)\" class=\"has-inline-color has-vivid-red-color\">Sin gobierno interino<\/mark><\/strong><\/p>\n\n\n\n<p>La tensa sesi\u00f3n parlamentaria que dio al traste con el gobierno interino de la oposici\u00f3n todav\u00eda no ha anunciado a la nueva directiva<\/p>\n\n\n\n<p>Tambi\u00e9n quedan afectadas las funciones diplom\u00e1ticas, consulares y de ayuda humanitaria que se tramitaban a los venezolanos refugiados y migrantes. \u00abTodos los tr\u00e1mites pendientes quedan suspendidos en el aire de manera incierta\u00bb, explic\u00f3 una fuente a\u00a0<em>ABC<\/em>. Por otro lado, las investigaciones iniciadas para rastrear los fondos y el\u00a0oro de Venezuela\u00a0saqueados por los chavistas corruptos y sus conexiones en Europa y los para\u00edsos fiscales quedan suspendidos al cerrar las representaciones diplom\u00e1ticas. Ejemplo del seguimiento bancario es el caso de Bulgaria.<\/p>\n\n\n\n<p>\u00abLo peor es que no podemos regresar a Venezuela porque todos tenemos orden de detenci\u00f3n, emitida por el r\u00e9gimen de Nicol\u00e1s Maduro\u00bb, denunci\u00f3 a&nbsp;<em>ABC<\/em>&nbsp;desde Madrid&nbsp;<strong>Enrique Alvarado<\/strong>, exembajador en Hungr\u00eda durante cuatro a\u00f1os.<\/p>\n\n\n\n<p>\u00abSi volvemos nos detienen en el aeropuerto de Maiquet\u00eda y nos meten presos en el Sebin\u00bb, agreg\u00f3.<\/p>\n\n\n\n<p><strong><mark style=\"background-color:rgba(0, 0, 0, 0)\" class=\"has-inline-color has-vivid-red-color\">Primarias<\/mark><\/strong><\/p>\n\n\n\n<p>Por su parte, Guaid\u00f3,&nbsp;<strong>destituido como presidente encargado<\/strong>, intenta \u00abrecomponer la alternativa democr\u00e1tica\u00bb. Para ello, seg\u00fan&nbsp;<em>ABC<\/em>, planea de manera firme lanzar su candidatura para las primarias ahora que est\u00e1 libre de ataduras ejecutivas y si resulta favorecido entonces convertirse en el candidato de la unidad para competir en las presidenciales con el postulado del chavismo, que todos suponen que ser\u00e1 Maduro.<\/p>\n\n\n\n<p>La comisi\u00f3n electoral de las primarias fue elegida hace tres meses por la Plataforma Unitaria que integran 10 partidos de la oposici\u00f3n, entre ellos Acci\u00f3n Democr\u00e1tica (AD), Un Nuevo Tiempo (UNT y Primero Justicia (PJ), que destituyeron y eliminaron a Guaid\u00f3 del interinato.<\/p>\n\n\n\n<p class=\"has-text-align-right\"><strong><em>ElNacional.-<\/em><\/strong><\/p>\n","protected":false},"excerpt":{"rendered":"<p>A\u00fan no se nombrado la nueva junta parlamentaria que atender\u00e1 todo lo relacionado con la protecci\u00f3n de los activos y bienes de Venezuela en el extranjero<\/p>\n","protected":false},"author":3,"featured_media":28917,"comment_status":"open","ping_status":"closed","sticky":false,"template":"","format":"standard","meta":{"jnews-multi-image_gallery":[],"jnews_single_post":{"subtitle":"","format":"standard","video":"","gallery":"","source_name":"","source_url":"","via_name":"","via_url":"","override_template":"0","override":[{"template":"4","single_blog_custom":"","parallax":"1","fullscreen":"1","layout":"right-sidebar","sidebar":"default-sidebar","second_sidebar":"default-sidebar","sticky_sidebar":"1","share_position":"top","share_float_style":"share-monocrhome","show_share_counter":"1","show_view_counter":"1","show_featured":"1","show_post_meta":"1","show_post_author":"1","show_post_author_image":"1","show_post_date":"1","post_date_format":"default","post_date_format_custom":"Y\/m\/d","show_post_category":"1","show_post_reading_time":"1","post_reading_time_wpm":"300","show_zoom_button":"1","zoom_button_out_step":"2","zoom_button_in_step":"3","show_post_tag":"1","show_prev_next_post":"1","show_popup_post":"1","number_popup_post":"1","show_author_box":"1","show_post_related":"1","show_inline_post_related":"0"}],"override_image_size":"0","image_override":[{"single_post_thumbnail_size":"crop-500","single_post_gallery_size":"crop-500"}],"trending_post":"0","trending_post_position":"meta","trending_post_label":"Trending","sponsored_post":"0","sponsored_post_label":"Sponsored by","sponsored_post_name":"","sponsored_post_url":"","sponsored_post_logo_enable":"0","sponsored_post_logo":"","sponsored_post_desc":"","disable_ad":"0"},"jnews_primary_category":{"id":"","hide":""},"jnews_social_meta":{"fb_title":"","fb_description":"","fb_image":"","twitter_title":"","twitter_description":"","twitter_image":""},"jnews_review":[],"enable_review":"0","type":"percentage","name":"","summary":"","brand":"","sku":"","good":[{"good_text":""}],"bad":[{"bad_text":""}],"score_override":"","override_value":"","rating":[{"rating_text":"","rating_number":"10"}],"price":[{"shop":"","price":"","link":"","icon":""}],"jnews_override_counter":{"override_view_counter":"0","view_counter_number":"0","override_share_counter":"0","share_counter_number":"0","override_like_counter":"0","like_counter_number":"0","override_dislike_counter":"0","dislike_counter_number":"0"},"jnews_post_split":{"enable_post_split":"0","post_split":[{"template":"1","tag":"h2","numbering":"asc","mode":"normal","first":"0","enable_toc":"0","toc_type":"normal"}]},"footnotes":""},"categories":[59,66],"tags":[6081,2990,6080,2492,45,56],"class_list":["post-28916","post","type-post","status-publish","format-standard","has-post-thumbnail","hentry","category-politica","category-venezuela","tag-cesan-sus-funciones","tag-embajadores","tag-gobierno-interino-de-guaido","tag-juan-guaido-2","tag-noticias","tag-venezuela"],"_links":{"self":[{"href":"https:\/\/esreviral.com\/index.php?rest_route=\/wp\/v2\/posts\/28916","targetHints":{"allow":["GET"]}}],"collection":[{"href":"https:\/\/esreviral.com\/index.php?rest_route=\/wp\/v2\/posts"}],"about":[{"href":"https:\/\/esreviral.com\/index.php?rest_route=\/wp\/v2\/types\/post"}],"author":[{"embeddable":true,"href":"https:\/\/esreviral.com\/index.php?rest_route=\/wp\/v2\/users\/3"}],"replies":[{"embeddable":true,"href":"https:\/\/esreviral.com\/index.php?rest_route=%2Fwp%2Fv2%2Fcomments&post=28916"}],"version-history":[{"count":0,"href":"https:\/\/esreviral.com\/index.php?rest_route=\/wp\/v2\/posts\/28916\/revisions"}],"wp:featuredmedia":[{"embeddable":true,"href":"https:\/\/esreviral.com\/index.php?rest_route=\/wp\/v2\/media\/28917"}],"wp:attachment":[{"href":"https:\/\/esreviral.com\/index.php?rest_route=%2Fwp%2Fv2%2Fmedia&parent=28916"}],"wp:term":[{"taxonomy":"category","embeddable":true,"href":"https:\/\/esreviral.com\/index.php?rest_route=%2Fwp%2Fv2%2Fcategories&post=28916"},{"taxonomy":"post_tag","embeddable":true,"href":"https:\/\/esreviral.com\/index.php?rest_route=%2Fwp%2Fv2%2Ftags&post=28916"}],"curies":[{"name":"wp","href":"https:\/\/api.w.org\/{rel}","templated":true}]}}