{"id":28753,"date":"2023-01-01T12:39:15","date_gmt":"2023-01-01T17:39:15","guid":{"rendered":"https:\/\/esreviral.com\/?p=28753"},"modified":"2023-01-01T15:24:27","modified_gmt":"2023-01-01T20:24:27","slug":"quien-era-el-venezolano-asesinado-el-1ero-de-enero-en-argentina","status":"publish","type":"post","link":"https:\/\/esreviral.com\/?p=28753","title":{"rendered":"Qui\u00e9n era el venezolano asesinado el 1ero de enero en Argentina"},"content":{"rendered":"\n<p>Este domingo 1ero de enero de 2023, se confirm\u00f3 el homicidio de Brayan Trejo Reyes, quien ten\u00eda 33 a\u00f1os de edad, cumplidos el pasado 4 de diciembre.<\/p>\n\n\n\n<p>Se conoci\u00f3 que las autoridades a\u00fan mantienen exhaustivamente las investigaciones y buscan las c\u00e1maras de seguridad de la zona, en Gorriti al 5500 para determinar lo ocurrido. <\/p>\n\n\n\n<p>Hasta ahora, las versiones apuntan que la v\u00edctima estaba por la zona con algunos familiares y cerca de una esquina le dispararon en \u00e9l \u00e1rea abdominal y corri\u00f3 hasta la discoteca Rumbas Ve, donde habr\u00eda pedido auxilio. <\/p>\n\n\n\n<p>Desde el local, afirmaron que Trejo Reyes <strong>no estaba dentro del local<\/strong> sino que efectivamente lleg\u00f3 a pedir ayuda y escucharon a la mam\u00e1 gritando que hab\u00edan matado al hijo. <\/p>\n\n\n\n<p>Otra persona asegur\u00f3 que <strong>s\u00ed estaba en el lugar, <\/strong>pasadas las 4am sali\u00f3 del local, \u201cal rato apagaron la m\u00fasica y escuchamos a la mam\u00e1 gritando\u201d,<\/p>\n\n\n\n<p><strong>Autoridades policiales no descartan ning\u00fan tipo de hip\u00f3tesis<\/strong> porque al parecer, le dispararon sin mediar palabras, ser\u00e1n ellos quienes determinen lo ocurrido. <br><\/p>\n\n\n\n<figure class=\"wp-block-image size-full\"><img fetchpriority=\"high\" decoding=\"async\" width=\"750\" height=\"993\" src=\"https:\/\/esreviral.com\/wp-content\/uploads\/2023\/01\/15B2C8FE-E4E7-4AA8-901B-4F020092C5B7.jpeg\" alt=\"\" class=\"wp-image-28762\" srcset=\"https:\/\/esreviral.com\/wp-content\/uploads\/2023\/01\/15B2C8FE-E4E7-4AA8-901B-4F020092C5B7.jpeg 750w, https:\/\/esreviral.com\/wp-content\/uploads\/2023\/01\/15B2C8FE-E4E7-4AA8-901B-4F020092C5B7-227x300.jpeg 227w\" sizes=\"(max-width: 750px) 100vw, 750px\" \/><\/figure>\n\n\n\n<p>El ahora occiso era del sector Ca\u00f1a de Az\u00facar en Maracay, estado Aragua, en el centro de Venezuela. Ah\u00ed estuvo durante a\u00f1os como <strong>funcionario del Ejercito Nacional aunque se desconoce el grado hasta el que lleg\u00f3.<\/strong><\/p>\n\n\n\n<p>El hombre ten\u00eda a\u00f1os en Argentina con algunos miembros de su familia, uno de ellos, es un m\u00fasico conocido y deja una hija peque\u00f1a hu\u00e9rfana. <br><br>Vivi\u00f3 en Caseros hasta hace poco tiempo que se mud\u00f3 a la ciudad de Buenos Aires y jugaba Softbol en la liga que se desarrolla en los bosques de Palermo.<br><\/p>\n\n\n\n<p><strong>Lea tambi\u00e9n:<\/strong> <a href=\"https:\/\/esreviral.com\/de-un-tiro-en-el-abdomen-asesinaron-a-un-venezolano-delante-de-su-madre-en-argentina\/\" data-type=\"URL\" data-id=\"https:\/\/esreviral.com\/de-un-tiro-en-el-abdomen-asesinaron-a-un-venezolano-delante-de-su-madre-en-argentina\/\">De un tiro en el abdomen mataron a un venezolano delante de su mam\u00e1<\/a><\/p>\n\n\n\n<figure class=\"wp-block-image size-full\"><img decoding=\"async\" width=\"480\" height=\"480\" src=\"https:\/\/esreviral.com\/wp-content\/uploads\/2023\/01\/6A8473EA-187F-48AC-8589-719851997CC0.jpeg\" alt=\"\" class=\"wp-image-28754\" srcset=\"https:\/\/esreviral.com\/wp-content\/uploads\/2023\/01\/6A8473EA-187F-48AC-8589-719851997CC0.jpeg 480w, https:\/\/esreviral.com\/wp-content\/uploads\/2023\/01\/6A8473EA-187F-48AC-8589-719851997CC0-300x300.jpeg 300w, https:\/\/esreviral.com\/wp-content\/uploads\/2023\/01\/6A8473EA-187F-48AC-8589-719851997CC0-150x150.jpeg 150w, https:\/\/esreviral.com\/wp-content\/uploads\/2023\/01\/6A8473EA-187F-48AC-8589-719851997CC0-75x75.jpeg 75w, https:\/\/esreviral.com\/wp-content\/uploads\/2023\/01\/6A8473EA-187F-48AC-8589-719851997CC0-350x350.jpeg 350w\" sizes=\"(max-width: 480px) 100vw, 480px\" \/><figcaption class=\"wp-element-caption\">Trejo Reyes en su \u00e9poca de funcionario militar en Venezuela <\/figcaption><\/figure>\n","protected":false},"excerpt":{"rendered":"<p>Este domingo 1ero de enero de 2023, se confirm\u00f3 el homicidio de Brayan Trejo Reyes, quien ten\u00eda 33 a\u00f1os de edad, cumplidos el pasado 4 de diciembre. Se conoci\u00f3 que las autoridades a\u00fan mantienen exhaustivamente las investigaciones y buscan las c\u00e1maras de seguridad de la zona, en Gorriti al 5500 para determinar lo ocurrido. Hasta [&hellip;]<\/p>\n","protected":false},"author":2,"featured_media":28755,"comment_status":"open","ping_status":"closed","sticky":false,"template":"","format":"standard","meta":{"jnews-multi-image_gallery":[],"jnews_single_post":{"subtitle":"","format":"standard","video":"","gallery":"","source_name":"","source_url":"","via_name":"","via_url":"","override_template":"0","override":[{"template":"4","single_blog_custom":"","parallax":"1","fullscreen":"1","layout":"right-sidebar","sidebar":"default-sidebar","second_sidebar":"default-sidebar","sticky_sidebar":"1","share_position":"top","share_float_style":"share-monocrhome","show_share_counter":"1","show_view_counter":"1","show_featured":"1","show_post_meta":"1","show_post_author":"1","show_post_author_image":"1","show_post_date":"1","post_date_format":"default","post_date_format_custom":"Y\/m\/d","show_post_category":"1","show_post_reading_time":"1","post_reading_time_wpm":"300","show_zoom_button":"1","zoom_button_out_step":"2","zoom_button_in_step":"3","show_post_tag":"1","show_prev_next_post":"1","show_popup_post":"1","number_popup_post":"1","show_author_box":"1","show_post_related":"1","show_inline_post_related":"0"}],"override_image_size":"0","image_override":[{"single_post_thumbnail_size":"crop-500","single_post_gallery_size":"crop-500"}],"trending_post":"0","trending_post_position":"meta","trending_post_label":"Trending","sponsored_post":"0","sponsored_post_label":"Sponsored by","sponsored_post_name":"","sponsored_post_url":"","sponsored_post_logo_enable":"0","sponsored_post_logo":"","sponsored_post_desc":"","disable_ad":"0"},"jnews_primary_category":{"id":"","hide":""},"jnews_social_meta":{"fb_title":"","fb_description":"","fb_image":"","twitter_title":"","twitter_description":"","twitter_image":""},"jnews_review":[],"enable_review":"0","type":"percentage","name":"","summary":"","brand":"","sku":"","good":[{"good_text":""}],"bad":[{"bad_text":""}],"score_override":"","override_value":"","rating":[{"rating_text":"","rating_number":"10"}],"price":[{"shop":"","price":"","link":"","icon":""}],"jnews_override_counter":{"override_view_counter":"0","view_counter_number":"0","override_share_counter":"0","share_counter_number":"0","override_like_counter":"0","like_counter_number":"0","override_dislike_counter":"0","dislike_counter_number":"0"},"jnews_post_split":{"enable_post_split":"0","post_split":[{"template":"1","tag":"h2","numbering":"asc","mode":"normal","first":"0","enable_toc":"0","toc_type":"normal"}]},"footnotes":""},"categories":[64,5892],"tags":[44,45,67],"class_list":["post-28753","post","type-post","status-publish","format-standard","has-post-thumbnail","hentry","category-sucesos","category-venezolanos-en-argentina","tag-argentina","tag-noticias","tag-venezolanos-en-argentina"],"amp_enabled":true,"_links":{"self":[{"href":"https:\/\/esreviral.com\/index.php?rest_route=\/wp\/v2\/posts\/28753"}],"collection":[{"href":"https:\/\/esreviral.com\/index.php?rest_route=\/wp\/v2\/posts"}],"about":[{"href":"https:\/\/esreviral.com\/index.php?rest_route=\/wp\/v2\/types\/post"}],"author":[{"embeddable":true,"href":"https:\/\/esreviral.com\/index.php?rest_route=\/wp\/v2\/users\/2"}],"replies":[{"embeddable":true,"href":"https:\/\/esreviral.com\/index.php?rest_route=%2Fwp%2Fv2%2Fcomments&post=28753"}],"version-history":[{"count":0,"href":"https:\/\/esreviral.com\/index.php?rest_route=\/wp\/v2\/posts\/28753\/revisions"}],"wp:featuredmedia":[{"embeddable":true,"href":"https:\/\/esreviral.com\/index.php?rest_route=\/wp\/v2\/media\/28755"}],"wp:attachment":[{"href":"https:\/\/esreviral.com\/index.php?rest_route=%2Fwp%2Fv2%2Fmedia&parent=28753"}],"wp:term":[{"taxonomy":"category","embeddable":true,"href":"https:\/\/esreviral.com\/index.php?rest_route=%2Fwp%2Fv2%2Fcategories&post=28753"},{"taxonomy":"post_tag","embeddable":true,"href":"https:\/\/esreviral.com\/index.php?rest_route=%2Fwp%2Fv2%2Ftags&post=28753"}],"curies":[{"name":"wp","href":"https:\/\/api.w.org\/{rel}","templated":true}]}}