{"id":28291,"date":"2022-12-22T10:18:20","date_gmt":"2022-12-22T15:18:20","guid":{"rendered":"https:\/\/esreviral.com\/?p=28291"},"modified":"2022-12-22T10:18:21","modified_gmt":"2022-12-22T15:18:21","slug":"bancos-cuales-son-los-horarios-de-atencion-financieros-por-navidad","status":"publish","type":"post","link":"https:\/\/esreviral.com\/?p=28291","title":{"rendered":"Bancos: cuales son los horarios de atenci\u00f3n financieros por Navidad"},"content":{"rendered":"\n<p><\/p>\n\n\n\n<p>Las corridas de \u00faltimo momento provocan un caos total en el tr\u00e1nsito, los comercios se atestan de gente, y la tensi\u00f3n se suma si adem\u00e1s se declaran asuetos en el medio. Esto \u00faltimo provoca algunas dudas y confusiones que mejor hay despejar. En la puerta de la Nochebuena y Navidad,\u00a0<strong>que caen s\u00e1bado y domingo,<\/strong>\u00a0y el asueto declarado para algunos sectores para el d\u00eda vienes 23 de diciembre\u00a0<strong>genera preguntas clave como: \u00bflos bancos abrir\u00e1n ma\u00f1ana?<\/strong>\u00a0\u00bfAtender\u00e1n en horario habitual o har\u00e1n jornada recortada?<\/p>\n\n\n\n<p>Y pese a que las especulaciones apuntaban a un horario de trabajo recortado para los que lo hacen en bancos e instituciones financieras, desde el Banco Central y La Bancaria&nbsp;<strong>confirmaron a Clar\u00edn que el horario de atenci\u00f3n ser\u00e1 el habitual.<\/strong><\/p>\n\n\n\n<p>Como es habitual, s\u00e1bado 24 y domingo 25, las entidades bancarias permanecer\u00e1n cerradas.&nbsp;<strong>Algunas operaciones podr\u00e1n realizarse por los canales alternativos.<\/strong><\/p>\n\n\n\n<p>Desde La Bancaria, se\u00f1alaron que la autoridad es el Banco Central y por ahora se trabaja en horario habitual<strong>. \u00abSalvo, que a \u00faltimo momento decidan otra cosa\u00bb<\/strong>, indicaron.<\/p>\n\n\n\n<p>Bancos p\u00fablicos y privados consultados por Clar\u00edn confirmaron que&nbsp;<strong>trabajar\u00e1n en horario habitual.<\/strong><\/p>\n\n\n\n<p><\/p>\n\n\n\n<figure class=\"wp-block-image size-full\"><img fetchpriority=\"high\" decoding=\"async\" width=\"768\" height=\"432\" src=\"https:\/\/esreviral.com\/wp-content\/uploads\/2022\/12\/owyah2bw3rb3dka3zh4az7kidmpng-1.webp\" alt=\"\" class=\"wp-image-28292\" srcset=\"https:\/\/esreviral.com\/wp-content\/uploads\/2022\/12\/owyah2bw3rb3dka3zh4az7kidmpng-1.webp 768w, https:\/\/esreviral.com\/wp-content\/uploads\/2022\/12\/owyah2bw3rb3dka3zh4az7kidmpng-1-300x169.webp 300w, https:\/\/esreviral.com\/wp-content\/uploads\/2022\/12\/owyah2bw3rb3dka3zh4az7kidmpng-1-750x422.webp 750w\" sizes=\"(max-width: 768px) 100vw, 768px\" \/><\/figure>\n\n\n\n<p><\/p>\n\n\n\n<p><strong><mark style=\"background-color:rgba(0, 0, 0, 0)\" class=\"has-inline-color has-vivid-red-color\">Qu\u00e9 sectores quedan alcanzados por el asueto<\/mark><\/strong><\/p>\n\n\n\n<p>El gobierno nacional y los provinciales emitieron un decreto donde se establece&nbsp;<strong>asueto administrativo para los viernes&nbsp;23 y 30 de diciembre.<\/strong>&nbsp;Decreto que excluye al sistema financiero.<\/p>\n\n\n\n<p>La medida se public\u00f3 este lunes en el Bolet\u00edn Oficial,&nbsp;bajo el Decreto 820\/2022, que lleva&nbsp;las firmas&nbsp;del Presidente de la Naci\u00f3n, Alberto Fern\u00e1ndez, el Jefe de Gabinete, Juan Luis Manzur, y el ministro del Interior, Eduardo Enrique \u00abWado\u00bb de Pedro.<\/p>\n\n\n\n<p>En los considerandos el decreto que determin\u00f3 el asueto para la administraci\u00f3n p\u00fablica que&nbsp;<strong>\u00ablas festividades de la NAVIDAD y del A\u00d1O NUEVO constituyen,<\/strong>&nbsp;tradicionalmente, motivo de festejos para todas las familias que habitan en nuestro territorio\u00bb.<\/p>\n\n\n\n<p>Y que por lo tanto, \u00ab<strong>con el fin de facilitar las cl\u00e1sicas reuniones familiares que se realizan en dichas fechas,\u00a0<\/strong>se estima procedente posibilitar el acercamiento de quienes, por diversas causas, se domicilian lejos de sus seres queridos\u00bb.<\/p>\n\n\n\n<p class=\"has-text-align-right\"><strong><em>Clarin.-<\/em><\/strong><\/p>\n\n\n\n<p><\/p>\n\n\n\n<p><\/p>\n\n\n\n<p><\/p>\n\n\n\n<p><\/p>\n\n\n\n<p><\/p>\n\n\n\n<p><\/p>\n\n\n\n<p><\/p>\n\n\n\n<p><\/p>\n\n\n\n<p><\/p>\n\n\n\n<p><\/p>\n\n\n\n<p><\/p>\n\n\n\n<figure class=\"wp-block-image size-full\"><img decoding=\"async\" width=\"768\" height=\"432\" src=\"https:\/\/esreviral.com\/wp-content\/uploads\/2022\/12\/fcsnud4e2rdzdckxx6y5emfjwipng-1.webp\" alt=\"\" class=\"wp-image-28293\" srcset=\"https:\/\/esreviral.com\/wp-content\/uploads\/2022\/12\/fcsnud4e2rdzdckxx6y5emfjwipng-1.webp 768w, https:\/\/esreviral.com\/wp-content\/uploads\/2022\/12\/fcsnud4e2rdzdckxx6y5emfjwipng-1-300x169.webp 300w, https:\/\/esreviral.com\/wp-content\/uploads\/2022\/12\/fcsnud4e2rdzdckxx6y5emfjwipng-1-750x422.webp 750w\" sizes=\"(max-width: 768px) 100vw, 768px\" \/><\/figure>\n\n\n\n<p><strong>Scotiabank:&nbsp;<\/strong>en esta agencia la atenci\u00f3n al p\u00fablico es desde las 9 de la ma\u00f1ana hasta las 18:00 horas. Mientras tanto, los s\u00e1bados ser\u00e1 solo hasta las 13:00 horas.<\/p>\n\n\n\n<p><strong>BBVA<\/strong>: las oficinas del Banco Continental tambi\u00e9n atienden desde las 9 de la ma\u00f1ana hasta las 18 horas, pero los s\u00e1bados hasta la 13:00 horas.<\/p>\n\n\n\n<p><strong>Banco de la Naci\u00f3n:&nbsp;<\/strong>la atenci\u00f3n en el banco del Estado es desde las 8:30 de la ma\u00f1ana hasta las 17:00 horas. Los s\u00e1bados atender\u00e1n desde las 9 de la ma\u00f1ana hasta las 13:00 horas.<\/p>\n\n\n\n<p><strong>Banco Comercio:<\/strong>&nbsp;la entidad cuenta con 11 agencias en Lima, de las cuales sus horarios var\u00edan de acuerdo con la direcci\u00f3n. En general, la atenci\u00f3n es de las 9 de la ma\u00f1ana hasta las 18:00 horas. Sin embargo, en algunos locales se abre a las 9:15 a.m. hasta las 12:30 p.m.; mientras que, en otras oficinas es desde las 10 de la ma\u00f1ana.<\/p>\n\n\n\n<p><strong>Banco Falabella:<\/strong>&nbsp;la atenci\u00f3n del banco tambi\u00e9n es desde las 9 de la ma\u00f1ana hasta las 18:00 horas. No obstante, la entidad anunci\u00f3 que los horarios se modificar\u00e1n en cualquier momento debido a las manifestaciones en algunas regiones del pa\u00eds.<\/p>\n\n\n\n<p><strong><mark style=\"background-color:rgba(0, 0, 0, 0)\" class=\"has-inline-color has-vivid-red-color\">Empresas financieras<\/mark><\/strong><\/p>\n\n\n\n<p><strong>Crediscotia:<\/strong>&nbsp;la empresa financiera atiende desde las 9 de la ma\u00f1ana hasta las 18:00 horas, los lunes a viernes. En cambio, los s\u00e1bados desde las 9:30 a.m. hasta las 13:00 horas.<\/p>\n\n\n\n<p><strong>Caja Trujillo:<\/strong>&nbsp;la atenci\u00f3n al cliente es de lunes a viernes desde las 9 de la ma\u00f1ana a 18:00 horas. Los s\u00e1bados solo hasta las 13:00 horas.<\/p>\n\n\n\n<p><strong>Caja Huancayo:<\/strong>&nbsp;de lunes a viernes la atenci\u00f3n es desde las 9 de la ma\u00f1ana hasta las 18 horas. El s\u00e1bado solo hasta las 13 horas.<\/p>\n\n\n\n<p><strong>Caja Piura:&nbsp;<\/strong>la atenci\u00f3n en esta entidad financiera es de lunes a viernes desde las 8:30 a.m. hasta las 18:00 horas. Y los s\u00e1bados desde las 9 de la ma\u00f1ana hasta las 13:00 horas.<\/p>\n\n\n\n<p>Es importante saber los horarios en caso su fecha de pago de alg\u00fan pr\u00e9stamo se encuentre programado para ese d\u00eda. Esto evitar\u00e1 el cobro de comisiones o intereses.<\/p>\n\n\n\n<p><strong><mark style=\"background-color:rgba(0, 0, 0, 0)\" class=\"has-inline-color has-vivid-red-color\">Estado de Emergencia<\/mark><\/strong><\/p>\n\n\n\n<p>El Ejecutivo declar\u00f3<strong>&nbsp;Estado de Emergencia&nbsp;<\/strong>por 30 d\u00edas a nivel nacional, pero solo decret\u00f3 toque de queda en 15 provincias del pa\u00eds hasta este martes 20 de diciembre. Sin embargo, las autoridades ministeriales anunciaron que esta medida podr\u00eda quedar sin efecto si las protestas y la ola de violencia disminuye.<\/p>\n\n\n\n<p>Por su parte, las entidades financieras han acortado sus horarios e incluso han decidi\u00f3 cerrar las oficinas con la finalidad de salvaguardar la integridad de los trabajadores y tambi\u00e9n de los usuarios. Ante ello, han actualizado sus horarios solo en algunos centros de atenci\u00f3n.<\/p>\n\n\n\n<p class=\"has-text-align-right\"><strong><em>Infobae.-<\/em><\/strong><\/p>\n","protected":false},"excerpt":{"rendered":"<p>El Gobierno emiti\u00f3 un decreto donde se establece asueto administrativo para el 23 y 30. Qu\u00e9 pasa con entidades bancarias y sistema financiero.<\/p>\n","protected":false},"author":3,"featured_media":28295,"comment_status":"open","ping_status":"closed","sticky":false,"template":"","format":"standard","meta":{"jnews-multi-image_gallery":[],"jnews_single_post":{"format":"standard"},"jnews_primary_category":[],"jnews_social_meta":[],"jnews_review":[],"enable_review":"","type":"","name":"","summary":"","brand":"","sku":"","good":[],"bad":[],"score_override":"","override_value":"","rating":[],"price":[],"jnews_override_counter":[],"jnews_post_split":[],"footnotes":""},"categories":[58],"tags":[44,1909,5890,5889,83,45],"class_list":["post-28291","post","type-post","status-publish","format-standard","has-post-thumbnail","hentry","category-argentina","tag-argentina","tag-bancos","tag-centros-financieros","tag-horarios-de-atencion","tag-navidad","tag-noticias"],"amp_enabled":true,"_links":{"self":[{"href":"https:\/\/esreviral.com\/index.php?rest_route=\/wp\/v2\/posts\/28291"}],"collection":[{"href":"https:\/\/esreviral.com\/index.php?rest_route=\/wp\/v2\/posts"}],"about":[{"href":"https:\/\/esreviral.com\/index.php?rest_route=\/wp\/v2\/types\/post"}],"author":[{"embeddable":true,"href":"https:\/\/esreviral.com\/index.php?rest_route=\/wp\/v2\/users\/3"}],"replies":[{"embeddable":true,"href":"https:\/\/esreviral.com\/index.php?rest_route=%2Fwp%2Fv2%2Fcomments&post=28291"}],"version-history":[{"count":0,"href":"https:\/\/esreviral.com\/index.php?rest_route=\/wp\/v2\/posts\/28291\/revisions"}],"wp:featuredmedia":[{"embeddable":true,"href":"https:\/\/esreviral.com\/index.php?rest_route=\/wp\/v2\/media\/28295"}],"wp:attachment":[{"href":"https:\/\/esreviral.com\/index.php?rest_route=%2Fwp%2Fv2%2Fmedia&parent=28291"}],"wp:term":[{"taxonomy":"category","embeddable":true,"href":"https:\/\/esreviral.com\/index.php?rest_route=%2Fwp%2Fv2%2Fcategories&post=28291"},{"taxonomy":"post_tag","embeddable":true,"href":"https:\/\/esreviral.com\/index.php?rest_route=%2Fwp%2Fv2%2Ftags&post=28291"}],"curies":[{"name":"wp","href":"https:\/\/api.w.org\/{rel}","templated":true}]}}