{"id":28275,"date":"2022-12-22T09:24:31","date_gmt":"2022-12-22T14:24:31","guid":{"rendered":"https:\/\/esreviral.com\/?p=28275"},"modified":"2022-12-22T09:24:32","modified_gmt":"2022-12-22T14:24:32","slug":"lali-esposito-recibio-un-mensaje-del-joven-acusado-de-acosarla-en-qatar-la-estoy-pasando-muy-mal","status":"publish","type":"post","link":"https:\/\/esreviral.com\/?p=28275","title":{"rendered":"Lali Esp\u00f3sito recibi\u00f3 un mensaje del joven acusado de acosarla en Qatar: \u00abLa estoy pasando muy mal\u00bb"},"content":{"rendered":"\n<p><\/p>\n\n\n\n<p>La filmaci\u00f3n de un joven acusado de acosar sexualmente a\u00a0<strong>Lali Esp\u00f3sito<\/strong>\u00a0en la final de la Copa de Mundo en Qatar 2022 gener\u00f3 un repudio\u00a0generalizado.\u00a0El momento ocurri\u00f3 antes del penal de Gonzalo Montiel contra Francia que le dio el t\u00edtulo a Argentina y sali\u00f3 al aire en el programa Por el Mundo: Mundial (Telefe), donde la cantante presenci\u00f3 el partido junto a Marley en el estadio Lusail.<\/p>\n\n\n\n<p>En medio de la efervescencia, la encargada de cantar el Himno Nacional en el encuentro definitorio no tom\u00f3 conocimiento de que esta persona la tom\u00f3 de la cintura y se acerc\u00f3 en exceso, pero luego en las redes muchos seguidores lo definieron como una\u00a0situaci\u00f3n de\u00a0<strong>acoso sexual.<\/strong><\/p>\n\n\n\n<p>\u00abLamentablemente pasamos por eso todo el tiempo\u00bb, fueron\u00a0las primeras palabras que arroj\u00f3 Lali\u00a0al pisar nuevamente suelo argentino, en referencia al pol\u00e9mico hecho.<\/p>\n\n\n\n<figure class=\"wp-block-image size-full\"><img fetchpriority=\"high\" decoding=\"async\" width=\"720\" height=\"406\" src=\"https:\/\/esreviral.com\/wp-content\/uploads\/2022\/12\/image.png\" alt=\"\" class=\"wp-image-28278\" srcset=\"https:\/\/esreviral.com\/wp-content\/uploads\/2022\/12\/image.png 720w, https:\/\/esreviral.com\/wp-content\/uploads\/2022\/12\/image-300x169.png 300w\" sizes=\"(max-width: 720px) 100vw, 720px\" \/><\/figure>\n\n\n\n<p>En di\u00e1logo con un notero de&nbsp;<em>LAM&nbsp;<\/em>(Am\u00e9rica TV)&nbsp;que la fue a buscar al aeropuerto en su regreso al pa\u00eds, la artista explic\u00f3:&nbsp;\u00abMir\u00e1,&nbsp;mis amigas se suben al bondi para ir a laburar y lamentablemente tambi\u00e9n les pasa. Ac\u00e1 lo que sucede es que yo soy conocida, entonces llama la atenci\u00f3n el hecho\u00bb.<\/p>\n\n\n\n<p>\u00ab<strong>Repudiemos todo lo que vemos todos los d\u00edas<\/strong>, no solo lo que le hacen a una Lali Esp\u00f3sito en un video viral\u00bb, reflexion\u00f3.<\/p>\n\n\n\n<p>Despu\u00e9s, al ser consultada nuevamente en un mensaje de WhatsApp por el conductor del ciclo \u00c1ngel de Brito, Lali prefiri\u00f3 no darle trascendencia:\u00a0\u00abNo le quiero dar entidad a este episodio. Fue tan groso lo que viv\u00ed y lo que me paso con la convocatoria para cantar el himno que no quiero empa\u00f1ar esta situaci\u00f3n hablando de eso\u00bb<\/p>\n\n\n\n<figure class=\"wp-block-image size-full\"><img decoding=\"async\" width=\"720\" height=\"506\" src=\"https:\/\/esreviral.com\/wp-content\/uploads\/2022\/12\/viwmhlfsw-720x0-1.webp\" alt=\"\" class=\"wp-image-28277\" srcset=\"https:\/\/esreviral.com\/wp-content\/uploads\/2022\/12\/viwmhlfsw-720x0-1.webp 720w, https:\/\/esreviral.com\/wp-content\/uploads\/2022\/12\/viwmhlfsw-720x0-1-300x211.webp 300w\" sizes=\"(max-width: 720px) 100vw, 720px\" \/><\/figure>\n\n\n\n<p>De Brito tambi\u00e9n dijo en su programa que hablaron con el joven que aparece involucrado el episodio.&nbsp;<strong>\u00abLa estoy pasando re mal.&nbsp;<\/strong>Se est\u00e1 diciendo cualquiera mal. Yo estoy con mi amigo. \u00c9l me empuj\u00f3 y casi me caigo\u00bb, dijo el acusado.<\/p>\n\n\n\n<p>El periodista revel\u00f3 tambi\u00e9n que el hincha argentino&nbsp;se comunic\u00f3 con Lali y que su mensaje para la cantante fue el siguiente: \u00abHola Lali, soy la persona que estaba en la cancha atr\u00e1s tuyo en la final del Mundial. Estoy viendo los videos y comentarios que salieron en las redes y los medios.<strong>&nbsp;Es falso lo que se esta diciendo<\/strong>\u00ab.<\/p>\n\n\n\n<p>\u00abYo estaba con mis amigos viendo los penales, perd\u00ed el equilibrio y, para evitar caer sobre vos, me sostuve en tu cintura un segundo\u00bb, le explic\u00f3.<\/p>\n\n\n\n<p>\u00abEstuve en Qatar desde los primeros partidos y lo \u00fanico que quer\u00eda era ver a Argentina campe\u00f3n. Jam\u00e1s har\u00eda algo como lo que me est\u00e1n acusando.&nbsp;<strong>Lo estoy pasando muy mal<\/strong>&nbsp;por todas las cosas que dicen sobre m\u00ed\u00bb, concluy\u00f3.<\/p>\n\n\n\n<p>Adem\u00e1s, le aclar\u00f3 que \u00abhay un tipo en las redes que se llama<strong>&nbsp;Mariano D\u00edaz<\/strong>&nbsp;que dice ser \u00e9l la persona que estaba atr\u00e1s tuyo y que te toc\u00f3 a prop\u00f3sito\u00bb y&nbsp;neg\u00f3 conocerlo.<\/p>\n\n\n\n<p>\u00abIncluso, se enorgullece de haberlo hecho. No conozco a esa persona, no s\u00e9 por qu\u00e9 dice semejante barbaridad, y ni siquiera s\u00e9 si ese es su verdadero nombre. Te repito que la persona del video soy yo y jam\u00e1s tuve ninguna mala intenci\u00f3n\u00bb, concluy\u00f3 el mensaje.<\/p>\n\n\n\n<p>Finalmente, en LAM dijeron que Lali decidi\u00f3 dar por finalizada la pol\u00e9mica:\u00a0<strong>\u00abLa verdad, le creo. Vi el video y no sent\u00ed que fuera intencional\u00bb.<\/strong><\/p>\n\n\n\n<p><strong><mark style=\"background-color:rgba(0, 0, 0, 0)\" class=\"has-inline-color has-vivid-red-color\">Lali y su emoci\u00f3n por cantar el Himno<\/mark><\/strong><\/p>\n\n\n\n<p>Lali tuvo un rol muy especial en este Mundial, ya que fue la artista elegida para entonar el Himno Nacional Argentino en la previa de la final, en el estadio Lusail de Doha.<\/p>\n\n\n\n<p>La artista cant\u00f3 ante m\u00e1s de 80 mil personas y billones de televidentes de todo el mundo. Detr\u00e1s de ella estaban los jugadores de la Selecci\u00f3n. Con un vestido largo negro de la prestigiosa marca Yves Saint Laurent, Lali conmovi\u00f3 a todo el estadio.<\/p>\n\n\n\n<p>\u00abCant\u00e9 con el coraz\u00f3n. Me emocion\u00e9 mucho. Los ve\u00eda ah\u00ed parados\u00bb, expres\u00f3 la artista al volver a la tribuna junto a Marley cuando termin\u00f3 de cantar y cuando ya el partido contra Francia corr\u00eda sus primero minutos.<\/p>\n\n\n\n<p>La cantante expres\u00f3 su emoci\u00f3n por haber formado parte del momento m\u00e1s importante del f\u00fatbol argentino en los \u00faltimos 36 a\u00f1os:&nbsp;\u00abNo puedo creer haber cantado el Himno cuando salimos campeones del mundo. Estoy totalmente atravesada, emocionada\u00bb, expres\u00f3 llorando desde la tribuna junto a Marley.<\/p>\n\n\n\n<p>\u201cEsto es m\u00e1s de lo que pod\u00eda so\u00f1ar&#8230;y miren que siempre fui de so\u00f1ar en grande. Soy del pa\u00eds m\u00e1s lindo del mundo. Coronados de gloria vivamos\u201d, escribi\u00f3 luego en su cuenta de Instagram junto a las postales del momento.<\/p>\n\n\n\n<p class=\"has-text-align-right\"><strong><em>Clarin.-<\/em><\/strong><\/p>\n","protected":false},"excerpt":{"rendered":"<p>Se trata del hincha argentino que apareci\u00f3 agarr\u00e1ndola por atr\u00e1s en la tribuna antes del penal que le dio la Copa del Mundo a la Selecci\u00f3n.<\/p>\n","protected":false},"author":3,"featured_media":28279,"comment_status":"open","ping_status":"closed","sticky":false,"template":"","format":"standard","meta":{"jnews-multi-image_gallery":[],"jnews_single_post":{"subtitle":"","format":"standard","video":"","gallery":"","source_name":"","source_url":"","via_name":"","via_url":"","override_template":"0","override":[{"template":"4","single_blog_custom":"","parallax":"1","fullscreen":"1","layout":"right-sidebar","sidebar":"default-sidebar","second_sidebar":"default-sidebar","sticky_sidebar":"1","share_position":"top","share_float_style":"share-monocrhome","show_share_counter":"1","show_view_counter":"1","show_featured":"1","show_post_meta":"1","show_post_author":"1","show_post_author_image":"1","show_post_date":"1","post_date_format":"default","post_date_format_custom":"Y\/m\/d","show_post_category":"1","show_post_reading_time":"1","post_reading_time_wpm":"300","show_zoom_button":"1","zoom_button_out_step":"2","zoom_button_in_step":"3","show_post_tag":"1","show_prev_next_post":"1","show_popup_post":"1","number_popup_post":"1","show_author_box":"1","show_post_related":"1","show_inline_post_related":"0"}],"override_image_size":"0","image_override":[{"single_post_thumbnail_size":"crop-500","single_post_gallery_size":"crop-500"}],"trending_post":"0","trending_post_position":"meta","trending_post_label":"Trending","sponsored_post":"0","sponsored_post_label":"Sponsored by","sponsored_post_name":"","sponsored_post_url":"","sponsored_post_logo_enable":"0","sponsored_post_logo":"","sponsored_post_desc":"","disable_ad":"0"},"jnews_primary_category":{"id":"","hide":""},"jnews_social_meta":{"fb_title":"","fb_description":"","fb_image":"","twitter_title":"","twitter_description":"","twitter_image":""},"jnews_review":[],"enable_review":"0","type":"percentage","name":"","summary":"","brand":"","sku":"","good":[{"good_text":""}],"bad":[{"bad_text":""}],"score_override":"","override_value":"","rating":[{"rating_text":"","rating_number":"10"}],"price":[{"shop":"","price":"","link":"","icon":""}],"jnews_override_counter":{"override_view_counter":"0","view_counter_number":"0","override_share_counter":"0","share_counter_number":"0","override_like_counter":"0","like_counter_number":"0","override_dislike_counter":"0","dislike_counter_number":"0"},"jnews_post_split":{"enable_post_split":"0","post_split":[{"template":"1","tag":"h2","numbering":"asc","mode":"normal","first":"0","enable_toc":"0","toc_type":"normal"}]},"footnotes":""},"categories":[50],"tags":[777,44,5883,5882,73,45],"class_list":["post-28275","post","type-post","status-publish","format-standard","has-post-thumbnail","hentry","category-entretenimiento","tag-acoso-sexual","tag-argentina","tag-copa-de-mundo-en-qatar-2022","tag-lali-esposito-2","tag-mundial-de-qatar-2022","tag-noticias"],"_links":{"self":[{"href":"https:\/\/esreviral.com\/index.php?rest_route=\/wp\/v2\/posts\/28275","targetHints":{"allow":["GET"]}}],"collection":[{"href":"https:\/\/esreviral.com\/index.php?rest_route=\/wp\/v2\/posts"}],"about":[{"href":"https:\/\/esreviral.com\/index.php?rest_route=\/wp\/v2\/types\/post"}],"author":[{"embeddable":true,"href":"https:\/\/esreviral.com\/index.php?rest_route=\/wp\/v2\/users\/3"}],"replies":[{"embeddable":true,"href":"https:\/\/esreviral.com\/index.php?rest_route=%2Fwp%2Fv2%2Fcomments&post=28275"}],"version-history":[{"count":0,"href":"https:\/\/esreviral.com\/index.php?rest_route=\/wp\/v2\/posts\/28275\/revisions"}],"wp:featuredmedia":[{"embeddable":true,"href":"https:\/\/esreviral.com\/index.php?rest_route=\/wp\/v2\/media\/28279"}],"wp:attachment":[{"href":"https:\/\/esreviral.com\/index.php?rest_route=%2Fwp%2Fv2%2Fmedia&parent=28275"}],"wp:term":[{"taxonomy":"category","embeddable":true,"href":"https:\/\/esreviral.com\/index.php?rest_route=%2Fwp%2Fv2%2Fcategories&post=28275"},{"taxonomy":"post_tag","embeddable":true,"href":"https:\/\/esreviral.com\/index.php?rest_route=%2Fwp%2Fv2%2Ftags&post=28275"}],"curies":[{"name":"wp","href":"https:\/\/api.w.org\/{rel}","templated":true}]}}