{"id":28231,"date":"2022-12-21T18:12:51","date_gmt":"2022-12-21T23:12:51","guid":{"rendered":"https:\/\/esreviral.com\/?p=28231"},"modified":"2022-12-21T18:13:38","modified_gmt":"2022-12-21T23:13:38","slug":"desde-este-jueves-eliminaran-el-impuesto-a-las-tarjetas-de-credito-en-caba","status":"publish","type":"post","link":"https:\/\/esreviral.com\/?p=28231","title":{"rendered":"Desde este jueves eliminar\u00e1n el impuesto a las tarjetas de cr\u00e9dito en CABA"},"content":{"rendered":"\n<p>El jefe de Gobierno,<strong>Horacio Rodr\u00edguez Larreta<\/strong>, habl\u00f3 tras el fallo de la Corte Suprema que le dio la raz\u00f3n a la ciudad de Buenos Aires en la disputa por la coparticipaci\u00f3n con el Poder Ejecutivo. Primero, el dirigente del PRO celebr\u00f3 el fallo del m\u00e1ximo tribunal, hizo un breve recuerdo de c\u00f3mo\u00a0<strong>Alberto Fern\u00e1ndez<\/strong>\u00a0tom\u00f3 la decisi\u00f3n de quitarle fondos a CABA y luego anunci\u00f3 que eliminar\u00e1 el impuesto a las tarjetas de cr\u00e9dito que hab\u00eda creado para compensar el faltante de dinero.<\/p>\n\n\n\n<p><strong>\u201cVoy a eliminar totalmente el impuesto a las tarjetas de cr\u00e9dito.&nbsp;<\/strong>Repito, voy a eliminar el impuesto a las tarjetas de cr\u00e9dito. A&nbsp;<strong>partir de ma\u00f1ana<\/strong>&nbsp;mismo, jueves 22 de diciembre, el impuesto dejar\u00e1 de estar vigente. Para eso, en este momento estamos enviando el proyecto de ley a la Legislatura\u201d, dijo el jefe de Gobierno. De todos modos, aclar\u00f3 que el \u201cfallo no es retroactivo\u201d y agreg\u00f3: \u201cNo nos devuelven todo lo que injustamente nos quitaron hacia atr\u00e1s. Por eso las medidas van a implementarse hacia adelante\u201d.<\/p>\n\n\n\n<p>A ra\u00edz de la convocatoria de los gobernadores a la Casa Rosada, Larreta expres\u00f3 que \u201cno entiende\u201d c\u00f3mo algunos mandatarios provinciales apoyan a Fern\u00e1ndez y agreg\u00f3: \u201cEste fallo refuerza el federalismo. La divisi\u00f3n de poderes y la institucionalidad frenaron un ataque directo de la Naci\u00f3n a la Ciudad, que es aut\u00f3noma como todas las provincias. Y hago una aclaraci\u00f3n importante que el fallo expl\u00edcitamente se\u00f1ala: esto no afecta en lo m\u00e1s m\u00ednimo a ninguna provincia\u201d.<\/p>\n\n\n\n<p class=\"has-text-align-right\"><strong><em>Infobae.-<\/em><\/strong><\/p>\n\n\n\n<figure class=\"wp-block-embed is-type-rich is-provider-twitter wp-block-embed-twitter\"><div class=\"wp-block-embed__wrapper\">\n<blockquote class=\"twitter-tweet\" data-width=\"500\" data-dnt=\"true\"><p lang=\"es\" dir=\"ltr\">El fallo de la Corte Suprema a favor de la Ciudad demuestra que una Argentina mejor es posible por encima del abuso de poder y la grieta. Es una gran noticia para los 7 millones de argentinos que duermen, trabajan, estudian y se curan en esta Ciudad. <a href=\"https:\/\/t.co\/B8jOKRM6fw\">pic.twitter.com\/B8jOKRM6fw<\/a><\/p>&mdash; Claudio Romero (@CRomeroOK) <a href=\"https:\/\/twitter.com\/CRomeroOK\/status\/1605605600997433348?ref_src=twsrc%5Etfw\">December 21, 2022<\/a><\/blockquote><script async src=\"https:\/\/platform.twitter.com\/widgets.js\" charset=\"utf-8\"><\/script>\n<\/div><\/figure>\n","protected":false},"excerpt":{"rendered":"<p>El jefe de Gobierno,Horacio Rodr\u00edguez Larreta, habl\u00f3 tras el fallo de la Corte Suprema que le dio la raz\u00f3n a la ciudad de Buenos Aires en la disputa por la coparticipaci\u00f3n con el Poder Ejecutivo. Primero, el dirigente del PRO celebr\u00f3 el fallo del m\u00e1ximo tribunal, hizo un breve recuerdo de c\u00f3mo\u00a0Alberto Fern\u00e1ndez\u00a0tom\u00f3 la decisi\u00f3n [&hellip;]<\/p>\n","protected":false},"author":2,"featured_media":28232,"comment_status":"closed","ping_status":"closed","sticky":false,"template":"","format":"standard","meta":{"jnews-multi-image_gallery":[],"jnews_single_post":{"subtitle":"","format":"standard","video":"","gallery":"","source_name":"","source_url":"","via_name":"","via_url":"","override_template":"0","override":[{"template":"4","single_blog_custom":"","parallax":"1","fullscreen":"1","layout":"right-sidebar","sidebar":"default-sidebar","second_sidebar":"default-sidebar","sticky_sidebar":"1","share_position":"top","share_float_style":"share-monocrhome","show_share_counter":"1","show_view_counter":"1","show_featured":"1","show_post_meta":"1","show_post_author":"1","show_post_author_image":"1","show_post_date":"1","post_date_format":"default","post_date_format_custom":"Y\/m\/d","show_post_category":"1","show_post_reading_time":"1","post_reading_time_wpm":"300","show_zoom_button":"1","zoom_button_out_step":"2","zoom_button_in_step":"3","show_post_tag":"1","show_prev_next_post":"1","show_popup_post":"1","number_popup_post":"1","show_author_box":"1","show_post_related":"1","show_inline_post_related":"0"}],"override_image_size":"0","image_override":[{"single_post_thumbnail_size":"crop-500","single_post_gallery_size":"crop-500"}],"trending_post":"0","trending_post_position":"meta","trending_post_label":"Trending","sponsored_post":"0","sponsored_post_label":"Sponsored by","sponsored_post_name":"","sponsored_post_url":"","sponsored_post_logo_enable":"0","sponsored_post_logo":"","sponsored_post_desc":"","disable_ad":"0"},"jnews_primary_category":{"id":"","hide":""},"jnews_social_meta":{"fb_title":"","fb_description":"","fb_image":"","twitter_title":"","twitter_description":"","twitter_image":""},"jnews_review":[],"enable_review":"0","type":"percentage","name":"","summary":"","brand":"","sku":"","good":[{"good_text":""}],"bad":[{"bad_text":""}],"score_override":"","override_value":"","rating":[{"rating_text":"","rating_number":"10"}],"price":[{"shop":"","price":"","link":"","icon":""}],"jnews_override_counter":{"override_view_counter":"0","view_counter_number":"0","override_share_counter":"0","share_counter_number":"0","override_like_counter":"0","like_counter_number":"0","override_dislike_counter":"0","dislike_counter_number":"0"},"jnews_post_split":{"enable_post_split":"0","post_split":[{"template":"1","tag":"h2","numbering":"asc","mode":"normal","first":"0","enable_toc":"0","toc_type":"normal"}]},"footnotes":""},"categories":[43,58],"tags":[44,478,1177,45],"class_list":["post-28231","post","type-post","status-publish","format-standard","has-post-thumbnail","hentry","category-actualidad","category-argentina","tag-argentina","tag-horacio-rodriguez-larreta","tag-impuestos","tag-noticias"],"amp_enabled":true,"_links":{"self":[{"href":"https:\/\/esreviral.com\/index.php?rest_route=\/wp\/v2\/posts\/28231"}],"collection":[{"href":"https:\/\/esreviral.com\/index.php?rest_route=\/wp\/v2\/posts"}],"about":[{"href":"https:\/\/esreviral.com\/index.php?rest_route=\/wp\/v2\/types\/post"}],"author":[{"embeddable":true,"href":"https:\/\/esreviral.com\/index.php?rest_route=\/wp\/v2\/users\/2"}],"replies":[{"embeddable":true,"href":"https:\/\/esreviral.com\/index.php?rest_route=%2Fwp%2Fv2%2Fcomments&post=28231"}],"version-history":[{"count":0,"href":"https:\/\/esreviral.com\/index.php?rest_route=\/wp\/v2\/posts\/28231\/revisions"}],"wp:featuredmedia":[{"embeddable":true,"href":"https:\/\/esreviral.com\/index.php?rest_route=\/wp\/v2\/media\/28232"}],"wp:attachment":[{"href":"https:\/\/esreviral.com\/index.php?rest_route=%2Fwp%2Fv2%2Fmedia&parent=28231"}],"wp:term":[{"taxonomy":"category","embeddable":true,"href":"https:\/\/esreviral.com\/index.php?rest_route=%2Fwp%2Fv2%2Fcategories&post=28231"},{"taxonomy":"post_tag","embeddable":true,"href":"https:\/\/esreviral.com\/index.php?rest_route=%2Fwp%2Fv2%2Ftags&post=28231"}],"curies":[{"name":"wp","href":"https:\/\/api.w.org\/{rel}","templated":true}]}}