{"id":28220,"date":"2022-12-21T14:39:34","date_gmt":"2022-12-21T19:39:34","guid":{"rendered":"https:\/\/esreviral.com\/?p=28220"},"modified":"2022-12-21T14:39:35","modified_gmt":"2022-12-21T19:39:35","slug":"presidente-argentino-afirma-ser-el-de-las-tres-copas","status":"publish","type":"post","link":"https:\/\/esreviral.com\/?p=28220","title":{"rendered":"Presidente argentino afirma ser el de \u00ablas tres copas\u00bb"},"content":{"rendered":"\n<p>El presidente&nbsp;<strong>Alberto Fern\u00e1ndez<\/strong>&nbsp;asegur\u00f3 que les hab\u00eda ofrecido a los jugadores de la Selecci\u00f3n nacional celebrar el Campeonato del Mundo en Casa Rosada, pero el plantel rechaz\u00f3 la posibilidad porque estaba muy cansado despu\u00e9s de la final y del largo viaje desde Qatar.<\/p>\n\n\n\n<p>\u201cHay muchas especulaciones. Yo soy un futbolero consumado y la verdad es que veo las cosas de otra manera. Yo sab\u00eda que\u00a0<strong>los jugadores ten\u00edan un nivel de agotamiento muy grande<\/strong>\u00a0y quer\u00edan una celebraci\u00f3n relativamente breve.\u00a0<strong>Yo le hice saber a la AFA que si ellos quer\u00edan ten\u00edan la Casa Rosada a disposici\u00f3n de los jugadores, pero ellos eligieron otra cosa<\/strong>\u201d, asegur\u00f3 Fern\u00e1ndez en un reportaje concedido al periodista Reynaldo Sietecase en radio\u00a0<em>Con Vos.<\/em><\/p>\n\n\n\n<p>El jefe de Estado asegur\u00f3 que&nbsp;<strong>no se siente ofendido<\/strong>&nbsp;por la actitud de los futbolistas porque ninguno lo agravio ni le dijo algo impropio. \u201cSi la decisi\u00f3n estuvo vinculada a no involucrar el f\u00fatbol con la pol\u00edtica, me encanta estar haciendo escuela\u201d, puntualiz\u00f3. No obstante, aclar\u00f3 que la invitaci\u00f3n a los deportistas no era partidaria, sino desde su rol institucional como presidente de todos los argentinos.<\/p>\n\n\n\n<p>En otro tramo de la entrevista, se defini\u00f3 como \u201cel Presidente de las tres copas\u201d en alusi\u00f3n a las victorias en la Copa Am\u00e9rica, la Final\u00edssima contra Italia (Argentina gan\u00f3 3-0) y el Campeonato del Mundo. \u201c<strong>Adem\u00e1s del presidente de las tres copas, soy el presidente desde N\u00e9stor hasta ac\u00e1 que hizo crecer a Argentina durante tres a\u00f1os consecutivos en el medio de todos los que nos pas\u00f3<\/strong>\u201d, plante\u00f3.<\/p>\n\n\n\n<figure class=\"wp-block-embed is-type-rich is-provider-twitter wp-block-embed-twitter\"><div class=\"wp-block-embed__wrapper\">\n<blockquote class=\"twitter-tweet\" data-width=\"500\" data-dnt=\"true\"><p lang=\"es\" dir=\"ltr\">Habl\u00f3 Alberto Fern\u00e1ndez: \u201cSoy el \u00fanico presidente que, durante su mandato, ganamos la copa Am\u00e9rica, la Intercontinental y la copa del mundo\u201d. <a href=\"https:\/\/t.co\/mjJXIpKJie\">pic.twitter.com\/mjJXIpKJie<\/a><\/p>&mdash; WELL3 (@well3officiql) <a href=\"https:\/\/twitter.com\/well3officiql\/status\/1605643338052292608?ref_src=twsrc%5Etfw\">December 21, 2022<\/a><\/blockquote><script async src=\"https:\/\/platform.twitter.com\/widgets.js\" charset=\"utf-8\"><\/script>\n<\/div><\/figure>\n\n\n\n<p>Lea tambi\u00e9n: <\/p>\n\n\n\n<p class=\"has-text-align-right\"><strong><em>Infobae.-<\/em><\/strong><\/p>\n","protected":false},"excerpt":{"rendered":"<p>El presidente&nbsp;Alberto Fern\u00e1ndez&nbsp;asegur\u00f3 que les hab\u00eda ofrecido a los jugadores de la Selecci\u00f3n nacional celebrar el Campeonato del Mundo en Casa Rosada, pero el plantel rechaz\u00f3 la posibilidad porque estaba muy cansado despu\u00e9s de la final y del largo viaje desde Qatar. \u201cHay muchas especulaciones. Yo soy un futbolero consumado y la verdad es que [&hellip;]<\/p>\n","protected":false},"author":2,"featured_media":28221,"comment_status":"closed","ping_status":"closed","sticky":false,"template":"","format":"standard","meta":{"jnews-multi-image_gallery":[],"jnews_single_post":{"subtitle":"","format":"standard","video":"","gallery":"","source_name":"","source_url":"","via_name":"","via_url":"","override_template":"0","override":[{"template":"4","single_blog_custom":"","parallax":"1","fullscreen":"1","layout":"right-sidebar","sidebar":"default-sidebar","second_sidebar":"default-sidebar","sticky_sidebar":"1","share_position":"top","share_float_style":"share-monocrhome","show_share_counter":"1","show_view_counter":"1","show_featured":"1","show_post_meta":"1","show_post_author":"1","show_post_author_image":"1","show_post_date":"1","post_date_format":"default","post_date_format_custom":"Y\/m\/d","show_post_category":"1","show_post_reading_time":"1","post_reading_time_wpm":"300","show_zoom_button":"1","zoom_button_out_step":"2","zoom_button_in_step":"3","show_post_tag":"1","show_prev_next_post":"1","show_popup_post":"1","number_popup_post":"1","show_author_box":"1","show_post_related":"1","show_inline_post_related":"0"}],"override_image_size":"0","image_override":[{"single_post_thumbnail_size":"crop-500","single_post_gallery_size":"crop-500"}],"trending_post":"0","trending_post_position":"meta","trending_post_label":"Trending","sponsored_post":"0","sponsored_post_label":"Sponsored by","sponsored_post_name":"","sponsored_post_url":"","sponsored_post_logo_enable":"0","sponsored_post_logo":"","sponsored_post_desc":"","disable_ad":"0"},"jnews_primary_category":{"id":"","hide":""},"jnews_social_meta":{"fb_title":"","fb_description":"","fb_image":"","twitter_title":"","twitter_description":"","twitter_image":""},"jnews_review":[],"enable_review":"0","type":"percentage","name":"","summary":"","brand":"","sku":"","good":[{"good_text":""}],"bad":[{"bad_text":""}],"score_override":"","override_value":"","rating":[{"rating_text":"","rating_number":"10"}],"price":[{"shop":"","price":"","link":"","icon":""}],"jnews_override_counter":{"override_view_counter":"0","view_counter_number":"0","override_share_counter":"0","share_counter_number":"0","override_like_counter":"0","like_counter_number":"0","override_dislike_counter":"0","dislike_counter_number":"0"},"jnews_post_split":{"enable_post_split":"0","post_split":[{"template":"1","tag":"h2","numbering":"asc","mode":"normal","first":"0","enable_toc":"0","toc_type":"normal"}]},"footnotes":""},"categories":[58],"tags":[86,44,45,1147],"class_list":["post-28220","post","type-post","status-publish","format-standard","has-post-thumbnail","hentry","category-argentina","tag-alberto-fernandez","tag-argentina","tag-noticias","tag-seleccion-argentina"],"amp_enabled":true,"_links":{"self":[{"href":"https:\/\/esreviral.com\/index.php?rest_route=\/wp\/v2\/posts\/28220"}],"collection":[{"href":"https:\/\/esreviral.com\/index.php?rest_route=\/wp\/v2\/posts"}],"about":[{"href":"https:\/\/esreviral.com\/index.php?rest_route=\/wp\/v2\/types\/post"}],"author":[{"embeddable":true,"href":"https:\/\/esreviral.com\/index.php?rest_route=\/wp\/v2\/users\/2"}],"replies":[{"embeddable":true,"href":"https:\/\/esreviral.com\/index.php?rest_route=%2Fwp%2Fv2%2Fcomments&post=28220"}],"version-history":[{"count":0,"href":"https:\/\/esreviral.com\/index.php?rest_route=\/wp\/v2\/posts\/28220\/revisions"}],"wp:featuredmedia":[{"embeddable":true,"href":"https:\/\/esreviral.com\/index.php?rest_route=\/wp\/v2\/media\/28221"}],"wp:attachment":[{"href":"https:\/\/esreviral.com\/index.php?rest_route=%2Fwp%2Fv2%2Fmedia&parent=28220"}],"wp:term":[{"taxonomy":"category","embeddable":true,"href":"https:\/\/esreviral.com\/index.php?rest_route=%2Fwp%2Fv2%2Fcategories&post=28220"},{"taxonomy":"post_tag","embeddable":true,"href":"https:\/\/esreviral.com\/index.php?rest_route=%2Fwp%2Fv2%2Ftags&post=28220"}],"curies":[{"name":"wp","href":"https:\/\/api.w.org\/{rel}","templated":true}]}}