{"id":28151,"date":"2022-12-20T07:57:23","date_gmt":"2022-12-20T12:57:23","guid":{"rendered":"https:\/\/esreviral.com\/?p=28151"},"modified":"2022-12-20T07:57:23","modified_gmt":"2022-12-20T12:57:23","slug":"video-maria-alejandra-requena-anuncio-su-retiro-de-cnn-tras-una-decada-de-trabajo","status":"publish","type":"post","link":"https:\/\/esreviral.com\/?p=28151","title":{"rendered":"+VIDEO: Mar\u00eda Alejandra Requena anunci\u00f3 su retiro de CNN tras una d\u00e9cada de trabajo"},"content":{"rendered":"\n<p><\/p>\n\n\n\n<p>La presentadora y modelo venezolana Mar\u00eda Alejandra Requena realiz\u00f3 su \u00faltimo Panorama Mundial, programa que condujo en CNN en espa\u00f1ol durante los \u00faltimos diez a\u00f1os.<\/p>\n\n\n\n<p>A trav\u00e9s de su cuenta de Instagram la comunicadora comparti\u00f3 con sus seguidores un video en el que revel\u00f3 la noticia.<\/p>\n\n\n\n<p>\u201cHola, quiero compartir con todos ustedes una noticia muy importante y es que, este viernes, hoy viernes 16 de diciembre de 2022 ser\u00e1 mi \u00faltimo programa en Panorama Mundial, y s\u00ed es como raro, pero al mismo tiempo s\u00e9 que es el comienzo de muchas cosas buenas\u201d, expres\u00f3 la conductora.<\/p>\n\n\n\n<figure class=\"wp-block-embed is-type-rich is-provider-twitter wp-block-embed-twitter\"><div class=\"wp-block-embed__wrapper\">\n<blockquote class=\"twitter-tweet\" data-width=\"500\" data-dnt=\"true\"><p lang=\"es\" dir=\"ltr\"><a href=\"https:\/\/twitter.com\/hashtag\/EEUU?src=hash&amp;ref_src=twsrc%5Etfw\">#EEUU<\/a> | La presentadora venezolana, Mar\u00eda Alejandra Requena, se despidi\u00f3 este viernes <a href=\"https:\/\/twitter.com\/hashtag\/16Dic?src=hash&amp;ref_src=twsrc%5Etfw\">#16Dic<\/a> de las pantallas de CNN, donde era conductora del programa Panorama Mundial. <a href=\"https:\/\/t.co\/2zwukUokPt\">pic.twitter.com\/2zwukUokPt<\/a><\/p>&mdash; Caraota Digital (@CaraotaDigital) <a href=\"https:\/\/twitter.com\/CaraotaDigital\/status\/1604257769497968642?ref_src=twsrc%5Etfw\">December 17, 2022<\/a><\/blockquote><script async src=\"https:\/\/platform.twitter.com\/widgets.js\" charset=\"utf-8\"><\/script>\n<\/div><\/figure>\n\n\n\n<p>A su vez, Requena explic\u00f3 tambi\u00e9n las razones de su despedida del lugar donde trabaj\u00f3 por muchos a\u00f1os y dijo qu\u00e9 se trae entre manos para el pr\u00f3ximo a\u00f1o.<\/p>\n\n\n\n<p>\u201cHe estado trabajando en un par de proyectos que muy pronto voy a compartir con ustedes, lamentablemente los he ido aplazando por falta de tiempo, ahora pienso dedicarme a ellos y estoy segura, adem\u00e1s, que les va a encantar cuando conozcan de qu\u00e9 se trata\u201d, a\u00f1adi\u00f3.<\/p>\n\n\n\n<p><strong><mark style=\"background-color:rgba(0, 0, 0, 0)\" class=\"has-inline-color has-vivid-red-color\">Boda con Luciano D\u2019Alessandro<\/mark><\/strong><\/p>\n\n\n\n<p>Durante el pasado mes de mayo Mar\u00eda Alejandra Requena y el actor venezolano Luciano D\u2019Alessandro, contrajeron nupcias. La \u00edntima ceremonia, celebrada entre familiares y amigos cercanos, se realiz\u00f3 en la playa.<\/p>\n\n\n\n<p>Desde el momento que anunciaron su compromiso, muchos quer\u00edan saber c\u00f3mo ser\u00eda el vestido de la novia, d\u00f3nde har\u00edan el matrimonio y qui\u00e9nes ser\u00edan los invitados, pero ellos se reservaron todos los detalles.<\/p>\n\n\n\n<p>Pero despu\u00e9s de pasado el gran momento, ambos compartieron sus seguidores uno de los momentos m\u00e1s \u00edntimos y especiales de su uni\u00f3n: los votos.<\/p>\n\n\n\n<p>Llenos de mucho amor, sentimientos y deseos de vivir juntos y felices por siempre, todos quedaron conmovidos con las palabras que tuvieron el uno para el otro.<\/p>\n\n\n\n<p>Sus fan\u00e1ticos quedaron conmovidos y agradecidos con la pareja por compartir tan \u00edntimo momento.<\/p>\n\n\n\n<p class=\"has-text-align-right\"><strong><em>rdnoticiasven.net.-<\/em><\/strong><\/p>\n","protected":false},"excerpt":{"rendered":"<p>La famosa tiene nuevos proyectos en puerta<\/p>\n","protected":false},"author":3,"featured_media":28152,"comment_status":"open","ping_status":"closed","sticky":false,"template":"","format":"standard","meta":{"jnews-multi-image_gallery":[],"jnews_single_post":{"subtitle":"","format":"standard","video":"","gallery":"","source_name":"","source_url":"","via_name":"","via_url":"","override_template":"0","override":[{"template":"4","single_blog_custom":"","parallax":"1","fullscreen":"1","layout":"right-sidebar","sidebar":"default-sidebar","second_sidebar":"default-sidebar","sticky_sidebar":"1","share_position":"top","share_float_style":"share-monocrhome","show_share_counter":"1","show_view_counter":"1","show_featured":"1","show_post_meta":"1","show_post_author":"1","show_post_author_image":"1","show_post_date":"1","post_date_format":"default","post_date_format_custom":"Y\/m\/d","show_post_category":"1","show_post_reading_time":"1","post_reading_time_wpm":"300","show_zoom_button":"1","zoom_button_out_step":"2","zoom_button_in_step":"3","show_post_tag":"1","show_prev_next_post":"1","show_popup_post":"1","number_popup_post":"1","show_author_box":"1","show_post_related":"1","show_inline_post_related":"0"}],"override_image_size":"0","image_override":[{"single_post_thumbnail_size":"crop-500","single_post_gallery_size":"crop-500"}],"trending_post":"0","trending_post_position":"meta","trending_post_label":"Trending","sponsored_post":"0","sponsored_post_label":"Sponsored by","sponsored_post_name":"","sponsored_post_url":"","sponsored_post_logo_enable":"0","sponsored_post_logo":"","sponsored_post_desc":"","disable_ad":"0"},"jnews_primary_category":{"id":"","hide":""},"jnews_social_meta":{"fb_title":"","fb_description":"","fb_image":"","twitter_title":"","twitter_description":"","twitter_image":""},"jnews_review":[],"enable_review":"0","type":"percentage","name":"","summary":"","brand":"","sku":"","good":[{"good_text":""}],"bad":[{"bad_text":""}],"score_override":"","override_value":"","rating":[{"rating_text":"","rating_number":"10"}],"price":[{"shop":"","price":"","link":"","icon":""}],"jnews_override_counter":{"override_view_counter":"0","view_counter_number":"0","override_share_counter":"0","share_counter_number":"0","override_like_counter":"0","like_counter_number":"0","override_dislike_counter":"0","dislike_counter_number":"0"},"jnews_post_split":{"enable_post_split":"0","post_split":[{"template":"1","tag":"h2","numbering":"asc","mode":"normal","first":"0","enable_toc":"0","toc_type":"normal"}]},"footnotes":""},"categories":[50],"tags":[178,5843,5841,45,5842],"class_list":["post-28151","post","type-post","status-publish","format-standard","has-post-thumbnail","hentry","category-entretenimiento","tag-cnn","tag-decada-de-trabajo","tag-maria-alejandra-requena","tag-noticias","tag-retiro-de-cnn"],"amp_enabled":true,"_links":{"self":[{"href":"https:\/\/esreviral.com\/index.php?rest_route=\/wp\/v2\/posts\/28151"}],"collection":[{"href":"https:\/\/esreviral.com\/index.php?rest_route=\/wp\/v2\/posts"}],"about":[{"href":"https:\/\/esreviral.com\/index.php?rest_route=\/wp\/v2\/types\/post"}],"author":[{"embeddable":true,"href":"https:\/\/esreviral.com\/index.php?rest_route=\/wp\/v2\/users\/3"}],"replies":[{"embeddable":true,"href":"https:\/\/esreviral.com\/index.php?rest_route=%2Fwp%2Fv2%2Fcomments&post=28151"}],"version-history":[{"count":0,"href":"https:\/\/esreviral.com\/index.php?rest_route=\/wp\/v2\/posts\/28151\/revisions"}],"wp:featuredmedia":[{"embeddable":true,"href":"https:\/\/esreviral.com\/index.php?rest_route=\/wp\/v2\/media\/28152"}],"wp:attachment":[{"href":"https:\/\/esreviral.com\/index.php?rest_route=%2Fwp%2Fv2%2Fmedia&parent=28151"}],"wp:term":[{"taxonomy":"category","embeddable":true,"href":"https:\/\/esreviral.com\/index.php?rest_route=%2Fwp%2Fv2%2Fcategories&post=28151"},{"taxonomy":"post_tag","embeddable":true,"href":"https:\/\/esreviral.com\/index.php?rest_route=%2Fwp%2Fv2%2Ftags&post=28151"}],"curies":[{"name":"wp","href":"https:\/\/api.w.org\/{rel}","templated":true}]}}