{"id":28148,"date":"2022-12-20T07:45:35","date_gmt":"2022-12-20T12:45:35","guid":{"rendered":"https:\/\/esreviral.com\/?p=28148"},"modified":"2022-12-20T07:45:36","modified_gmt":"2022-12-20T12:45:36","slug":"video-la-actriz-venezolana-marianela-gonzalez-afirmo-que-sufrio-acoso-sexual-por-parte-de-winston-vallenilla","status":"publish","type":"post","link":"https:\/\/esreviral.com\/?p=28148","title":{"rendered":"+VIDEO: La actriz venezolana\u00a0Marianela Gonz\u00e1lez afirm\u00f3 que sufri\u00f3 acoso sexual por parte de Winston Vallenilla"},"content":{"rendered":"\n<p><\/p>\n\n\n\n<p>La actriz venezolana, Marianela Gonz\u00e1lez asegur\u00f3 que sufri\u00f3 acoso s3xual por parte del tambi\u00e9n actor y animador Winston Vallenilla cuando protagonizaron la telenovela \u2018\u2019Por todo lo alto\u2019\u2019, de Radio Caracas Televisi\u00f3n (RCTV).<\/p>\n\n\n\n<p>Desde un comienzo Gonz\u00e1lez se neg\u00f3 a hablar del tema en el programa \u2018\u2019C\u00f3mo vivir en pareja y no morir en el intento\u2019\u2019, que cuelgan semana a semana en su canal oficial en la plataforma de YouTube la pareja de actores criollos Juliet Lima y Arturo de los R\u00edos, pero seguidamente dio detalles de lo que ocurri\u00f3 hace casi 20 a\u00f1os.<\/p>\n\n\n\n<p>\u00ab\u00c9l s\u00ed me mand\u00f3 a echar de RCTV. (Me odiaba) porque no me pudo comer y el tipo no pudo con eso y su arrechera no fue normal\u00bb, aleg\u00f3.<\/p>\n\n\n\n<figure class=\"wp-block-embed is-type-rich is-provider-twitter wp-block-embed-twitter\"><div class=\"wp-block-embed__wrapper\">\n<blockquote class=\"twitter-tweet\" data-width=\"500\" data-dnt=\"true\"><p lang=\"es\" dir=\"ltr\">Nela Gonz\u00e1lez revel\u00f3 que sufri\u00f3 acoso por parte del diputado chavista Winston Vallenilla durante la grabaci\u00f3n de la novela Por todo lo alto.<br><br>\u201cMe odiaba porque no me pudo comer. Su arrechera no fue normal\u201d.<br><br>La actriz asegur\u00f3 que Vallenilla, adem\u00e1s, pidi\u00f3 que la botaran de RCTV. <a href=\"https:\/\/t.co\/b5uiy1sOof\">pic.twitter.com\/b5uiy1sOof<\/a><\/p>&mdash; Directo a la Fuente (@directolafuente) <a href=\"https:\/\/twitter.com\/directolafuente\/status\/1603861583238946816?ref_src=twsrc%5Etfw\">December 16, 2022<\/a><\/blockquote><script async src=\"https:\/\/platform.twitter.com\/widgets.js\" charset=\"utf-8\"><\/script>\n<\/div><\/figure>\n\n\n\n<p>Coment\u00f3 que el acoso que habr\u00eda sufrido por parte de Vallenilla ocurri\u00f3 durante la grabaci\u00f3n de la novela y que incluso lleg\u00f3 a escribirle despu\u00e9s de las grabaciones para \u00abofrecerle\u00bb unos besos: \u00abTen\u00edamos escenas de besos y no bes\u00e1bamos, yo me iba, me montaba en el carro y me mandaba mensajes: \u2018qu\u00e9 ricos esos besos, quiero m\u00e1s. \u00bfS\u00ed o no?\u2019\u00bb.<\/p>\n\n\n\n<p>Con un tono de iron\u00eda lo mandaba a preguntarle a su novia, la tambi\u00e9n actriz Marlene de Andrade: \u00abPero adem\u00e1s era como acosador y se me quedaba viendo. Y todo el mundo \u2018marica, no te quedes sola\u2019. Antiprofesional era todo lo que hac\u00eda \u00e9l en esa novela. Yo lo super\u00e9\u00bb.<\/p>\n\n\n\n<p>Gonz\u00e1lez tambi\u00e9n aleg\u00f3 que termin\u00f3 en terapia porque sal\u00eda del estudio de grabaci\u00f3n al camerino a llorar: \u00abEra muy fuerte. La gente dir\u00e1: \u2018es que no hab\u00eda qu\u00edmica\u2019. \u00a1Claro que no hab\u00eda qu\u00edmica\u00bb.<\/p>\n\n\n\n<figure class=\"wp-block-embed is-type-video is-provider-youtube wp-block-embed-youtube wp-embed-aspect-16-9 wp-has-aspect-ratio\"><div class=\"wp-block-embed__wrapper\">\n<div class=\"jeg_video_container jeg_video_content\"><iframe title=\"Me gustan Ellos, pero me quedo con Ellas - Nela Gonzales - En la cama...\" width=\"500\" height=\"281\" src=\"https:\/\/www.youtube.com\/embed\/iWVzwuaKRww?feature=oembed\" frameborder=\"0\" allow=\"accelerometer; autoplay; clipboard-write; encrypted-media; gyroscope; picture-in-picture; web-share\" referrerpolicy=\"strict-origin-when-cross-origin\" allowfullscreen><\/iframe><\/div>\n<\/div><\/figure>\n\n\n\n<p class=\"has-text-align-right\"><strong><em>rdnoticiasven.net.-<\/em><\/strong><\/p>\n","protected":false},"excerpt":{"rendered":"<p>Los hechos fueron cuando ambos protagonizaron la telenovela \u2018\u2019Por todo lo alto\u2019\u2019<\/p>\n","protected":false},"author":3,"featured_media":28149,"comment_status":"open","ping_status":"closed","sticky":false,"template":"","format":"standard","meta":{"jnews-multi-image_gallery":[],"jnews_single_post":{"subtitle":"","format":"standard","video":"","gallery":"","source_name":"","source_url":"","via_name":"","via_url":"","override_template":"0","override":[{"template":"4","single_blog_custom":"","parallax":"1","fullscreen":"1","layout":"right-sidebar","sidebar":"default-sidebar","second_sidebar":"default-sidebar","sticky_sidebar":"1","share_position":"top","share_float_style":"share-monocrhome","show_share_counter":"1","show_view_counter":"1","show_featured":"1","show_post_meta":"1","show_post_author":"1","show_post_author_image":"1","show_post_date":"1","post_date_format":"default","post_date_format_custom":"Y\/m\/d","show_post_category":"1","show_post_reading_time":"1","post_reading_time_wpm":"300","show_zoom_button":"1","zoom_button_out_step":"2","zoom_button_in_step":"3","show_post_tag":"1","show_prev_next_post":"1","show_popup_post":"1","number_popup_post":"1","show_author_box":"1","show_post_related":"1","show_inline_post_related":"0"}],"override_image_size":"0","image_override":[{"single_post_thumbnail_size":"crop-500","single_post_gallery_size":"crop-500"}],"trending_post":"0","trending_post_position":"meta","trending_post_label":"Trending","sponsored_post":"0","sponsored_post_label":"Sponsored by","sponsored_post_name":"","sponsored_post_url":"","sponsored_post_logo_enable":"0","sponsored_post_logo":"","sponsored_post_desc":"","disable_ad":"0"},"jnews_primary_category":{"id":"","hide":""},"jnews_social_meta":{"fb_title":"","fb_description":"","fb_image":"","twitter_title":"","twitter_description":"","twitter_image":""},"jnews_review":[],"enable_review":"0","type":"percentage","name":"","summary":"","brand":"","sku":"","good":[{"good_text":""}],"bad":[{"bad_text":""}],"score_override":"","override_value":"","rating":[{"rating_text":"","rating_number":"10"}],"price":[{"shop":"","price":"","link":"","icon":""}],"jnews_override_counter":{"override_view_counter":"0","view_counter_number":"0","override_share_counter":"0","share_counter_number":"0","override_like_counter":"0","like_counter_number":"0","override_dislike_counter":"0","dislike_counter_number":"0"},"jnews_post_split":{"enable_post_split":"0","post_split":[{"template":"1","tag":"h2","numbering":"asc","mode":"normal","first":"0","enable_toc":"0","toc_type":"normal"}]},"footnotes":""},"categories":[50],"tags":[777,5838,45,5840,5839],"class_list":["post-28148","post","type-post","status-publish","format-standard","has-post-thumbnail","hentry","category-entretenimiento","tag-acoso-sexual","tag-marianela-gonzalez","tag-noticias","tag-novelas","tag-winston-vallenilla"],"amp_enabled":true,"_links":{"self":[{"href":"https:\/\/esreviral.com\/index.php?rest_route=\/wp\/v2\/posts\/28148"}],"collection":[{"href":"https:\/\/esreviral.com\/index.php?rest_route=\/wp\/v2\/posts"}],"about":[{"href":"https:\/\/esreviral.com\/index.php?rest_route=\/wp\/v2\/types\/post"}],"author":[{"embeddable":true,"href":"https:\/\/esreviral.com\/index.php?rest_route=\/wp\/v2\/users\/3"}],"replies":[{"embeddable":true,"href":"https:\/\/esreviral.com\/index.php?rest_route=%2Fwp%2Fv2%2Fcomments&post=28148"}],"version-history":[{"count":0,"href":"https:\/\/esreviral.com\/index.php?rest_route=\/wp\/v2\/posts\/28148\/revisions"}],"wp:featuredmedia":[{"embeddable":true,"href":"https:\/\/esreviral.com\/index.php?rest_route=\/wp\/v2\/media\/28149"}],"wp:attachment":[{"href":"https:\/\/esreviral.com\/index.php?rest_route=%2Fwp%2Fv2%2Fmedia&parent=28148"}],"wp:term":[{"taxonomy":"category","embeddable":true,"href":"https:\/\/esreviral.com\/index.php?rest_route=%2Fwp%2Fv2%2Fcategories&post=28148"},{"taxonomy":"post_tag","embeddable":true,"href":"https:\/\/esreviral.com\/index.php?rest_route=%2Fwp%2Fv2%2Ftags&post=28148"}],"curies":[{"name":"wp","href":"https:\/\/api.w.org\/{rel}","templated":true}]}}