{"id":28013,"date":"2022-12-16T14:10:47","date_gmt":"2022-12-16T19:10:47","guid":{"rendered":"https:\/\/esreviral.com\/?p=28013"},"modified":"2022-12-16T14:10:48","modified_gmt":"2022-12-16T19:10:48","slug":"oasis-centro-estetico-celebro-un-nuevo-aniversario-video","status":"publish","type":"post","link":"https:\/\/esreviral.com\/?p=28013","title":{"rendered":"Oasis Centro Est\u00e9tico celebr\u00f3 un nuevo aniversario (+VIDEO)"},"content":{"rendered":"\n<p>Oasis Centro Est\u00e9tico suma cinco a\u00f1os desde sus inicios pero es el primero en su sede de Belgrano donde m\u00e1s de 600 personas ya se han atendido. <\/p>\n\n\n\n<p>Mari\u00e1ngela Jim\u00e9nez, directora del centro, coment\u00f3 sentirse muy satisfecha por os logros alcanzados y la atenci\u00f3n al p\u00fablico argentino, venezolanos y otros migrantes. <\/p>\n\n\n\n<p>\u00abHa sido una receptividad incre\u00edble. Seguimos ampliando los servicios, de hecho, para el pr\u00f3ximo a\u00f1o venimos con nuevas capacitaciones\u00bb.<\/p>\n\n\n\n<figure class=\"wp-block-image size-large\"><img fetchpriority=\"high\" decoding=\"async\" width=\"768\" height=\"1024\" src=\"https:\/\/esreviral.com\/wp-content\/uploads\/2022\/12\/atsapp-image-2022-12-16-at-10-56-10-768x1024.webp\" alt=\"\" class=\"wp-image-28014\" srcset=\"https:\/\/esreviral.com\/wp-content\/uploads\/2022\/12\/atsapp-image-2022-12-16-at-10-56-10-768x1024.webp 768w, https:\/\/esreviral.com\/wp-content\/uploads\/2022\/12\/atsapp-image-2022-12-16-at-10-56-10-225x300.webp 225w, https:\/\/esreviral.com\/wp-content\/uploads\/2022\/12\/atsapp-image-2022-12-16-at-10-56-10-1152x1536.webp 1152w, https:\/\/esreviral.com\/wp-content\/uploads\/2022\/12\/atsapp-image-2022-12-16-at-10-56-10-750x1000.webp 750w, https:\/\/esreviral.com\/wp-content\/uploads\/2022\/12\/atsapp-image-2022-12-16-at-10-56-10-1140x1520.webp 1140w, https:\/\/esreviral.com\/wp-content\/uploads\/2022\/12\/atsapp-image-2022-12-16-at-10-56-10.webp 1200w\" sizes=\"(max-width: 768px) 100vw, 768px\" \/><figcaption class=\"wp-element-caption\">Parte de las integrantes de Oasis<\/figcaption><\/figure>\n\n\n\n<figure class=\"wp-block-embed is-type-rich is-provider-twitter wp-block-embed-twitter\"><div class=\"wp-block-embed__wrapper\">\n<blockquote class=\"twitter-tweet\" data-width=\"500\" data-dnt=\"true\"><p lang=\"es\" dir=\"ltr\">Oasis Centro Est\u00e9tico celebr\u00f3 un nuevo aniversario <a href=\"https:\/\/t.co\/RyyuUpWdi1\">pic.twitter.com\/RyyuUpWdi1<\/a><\/p>&mdash; ES RE VIRAL (@esreviral) <a href=\"https:\/\/twitter.com\/esreviral\/status\/1603829704879898645?ref_src=twsrc%5Etfw\">December 16, 2022<\/a><\/blockquote><script async src=\"https:\/\/platform.twitter.com\/widgets.js\" charset=\"utf-8\"><\/script>\n<\/div><\/figure>\n","protected":false},"excerpt":{"rendered":"<p>Oasis Centro Est\u00e9tico suma cinco a\u00f1os desde sus inicios pero es el primero en su sede de Belgrano donde m\u00e1s de 600 personas ya se han atendido. Mari\u00e1ngela Jim\u00e9nez, directora del centro, coment\u00f3 sentirse muy satisfecha por os logros alcanzados y la atenci\u00f3n al p\u00fablico argentino, venezolanos y otros migrantes. \u00abHa sido una receptividad incre\u00edble. [&hellip;]<\/p>\n","protected":false},"author":2,"featured_media":28015,"comment_status":"closed","ping_status":"closed","sticky":false,"template":"","format":"standard","meta":{"jnews-multi-image_gallery":[],"jnews_single_post":{"subtitle":"","format":"standard","video":"","gallery":"","source_name":"","source_url":"","via_name":"","via_url":"","override_template":"0","override":[{"template":"4","single_blog_custom":"","parallax":"1","fullscreen":"1","layout":"right-sidebar","sidebar":"default-sidebar","second_sidebar":"default-sidebar","sticky_sidebar":"1","share_position":"top","share_float_style":"share-monocrhome","show_share_counter":"1","show_view_counter":"1","show_featured":"1","show_post_meta":"1","show_post_author":"1","show_post_author_image":"1","show_post_date":"1","post_date_format":"default","post_date_format_custom":"Y\/m\/d","show_post_category":"1","show_post_reading_time":"1","post_reading_time_wpm":"300","show_zoom_button":"1","zoom_button_out_step":"2","zoom_button_in_step":"3","show_post_tag":"1","show_prev_next_post":"1","show_popup_post":"1","number_popup_post":"1","show_author_box":"1","show_post_related":"1","show_inline_post_related":"0"}],"override_image_size":"0","image_override":[{"single_post_thumbnail_size":"crop-500","single_post_gallery_size":"crop-500"}],"trending_post":"0","trending_post_position":"meta","trending_post_label":"Trending","sponsored_post":"0","sponsored_post_label":"Sponsored by","sponsored_post_name":"","sponsored_post_url":"","sponsored_post_logo_enable":"0","sponsored_post_logo":"","sponsored_post_desc":"","disable_ad":"0"},"jnews_primary_category":{"id":"","hide":""},"jnews_social_meta":{"fb_title":"","fb_description":"","fb_image":"","twitter_title":"","twitter_description":"","twitter_image":""},"jnews_review":[],"enable_review":"0","type":"percentage","name":"","summary":"","brand":"","sku":"","good":[{"good_text":""}],"bad":[{"bad_text":""}],"score_override":"","override_value":"","rating":[{"rating_text":"","rating_number":"10"}],"price":[{"shop":"","price":"","link":"","icon":""}],"jnews_override_counter":{"override_view_counter":"0","view_counter_number":"0","override_share_counter":"0","share_counter_number":"0","override_like_counter":"0","like_counter_number":"0","override_dislike_counter":"0","dislike_counter_number":"0"},"jnews_post_split":{"enable_post_split":"0","post_split":[{"template":"1","tag":"h2","numbering":"asc","mode":"normal","first":"0","enable_toc":"0","toc_type":"normal"}]},"footnotes":""},"categories":[50,54],"tags":[44,45,2224,67],"class_list":["post-28013","post","type-post","status-publish","format-standard","has-post-thumbnail","hentry","category-entretenimiento","category-inmigracion","tag-argentina","tag-noticias","tag-oasis-centro-estetico","tag-venezolanos-en-argentina"],"amp_enabled":true,"_links":{"self":[{"href":"https:\/\/esreviral.com\/index.php?rest_route=\/wp\/v2\/posts\/28013"}],"collection":[{"href":"https:\/\/esreviral.com\/index.php?rest_route=\/wp\/v2\/posts"}],"about":[{"href":"https:\/\/esreviral.com\/index.php?rest_route=\/wp\/v2\/types\/post"}],"author":[{"embeddable":true,"href":"https:\/\/esreviral.com\/index.php?rest_route=\/wp\/v2\/users\/2"}],"replies":[{"embeddable":true,"href":"https:\/\/esreviral.com\/index.php?rest_route=%2Fwp%2Fv2%2Fcomments&post=28013"}],"version-history":[{"count":0,"href":"https:\/\/esreviral.com\/index.php?rest_route=\/wp\/v2\/posts\/28013\/revisions"}],"wp:featuredmedia":[{"embeddable":true,"href":"https:\/\/esreviral.com\/index.php?rest_route=\/wp\/v2\/media\/28015"}],"wp:attachment":[{"href":"https:\/\/esreviral.com\/index.php?rest_route=%2Fwp%2Fv2%2Fmedia&parent=28013"}],"wp:term":[{"taxonomy":"category","embeddable":true,"href":"https:\/\/esreviral.com\/index.php?rest_route=%2Fwp%2Fv2%2Fcategories&post=28013"},{"taxonomy":"post_tag","embeddable":true,"href":"https:\/\/esreviral.com\/index.php?rest_route=%2Fwp%2Fv2%2Ftags&post=28013"}],"curies":[{"name":"wp","href":"https:\/\/api.w.org\/{rel}","templated":true}]}}