{"id":28009,"date":"2022-12-16T13:16:35","date_gmt":"2022-12-16T18:16:35","guid":{"rendered":"https:\/\/esreviral.com\/?p=28009"},"modified":"2022-12-16T13:17:06","modified_gmt":"2022-12-16T18:17:06","slug":"para-ver-el-partido-del-domingo-en-pantalla-gigante-deberas-inscribirte-aqui","status":"publish","type":"post","link":"https:\/\/esreviral.com\/?p=28009","title":{"rendered":"Para ver el partido del domingo en pantalla gigante deber\u00e1s inscribirte aqu\u00ed"},"content":{"rendered":"\n<p>El jefe de Gobierno porte\u00f1o, Horacio Rodr\u00edguez Larreta, present\u00f3 hoy la nueva pantalla que la Ciudad instalar\u00e1 en el Rosedal de Palermo para que vecinos y turistas alienten a la Selecci\u00f3n en la final contra Francia.<strong> \u201cOjal\u00e1 los argentinos podamos tener una uni\u00f3n similar a la que se logra en el Mundial\u201d<\/strong>, se ilusion\u00f3.<\/p>\n\n\n\n<p>El Jefe de Gobierno recorri\u00f3 las instalaciones del espacio tem\u00e1tico que funciona desde el inicio de Qatar 2022 en Plaza Seeber acompa\u00f1ado del jefe de Gabinete, Felipe Miguel; y la subsecretaria de Gesti\u00f3n Cultural, Viviana Cantoni. All\u00ed no s\u00f3lo se podr\u00e1 ver la final del domingo sino que tambi\u00e9n se palpitar\u00e1 este s\u00e1bado el choque por el 3\u00b0 puesto entre Croacia y Marruecos. Luego se proyectar\u00e1n los goles de la Selecci\u00f3n, im\u00e1genes de los partidos y videos de Mundiales anteriores.<\/p>\n\n\n\n<p>Rodr\u00edguez Larreta destac\u00f3 adem\u00e1s que este s\u00e1bado, a partir de las 19, <strong>se organizar\u00e1n encuentros en 15 esquinas emblem\u00e1ticas de la Ciudad para que \u201cel grito de todos los argentinos les llegue a los muchachos en Qatar\u201d<\/strong> y explic\u00f3 que se prever\u00e1 la log\u00edstica y la seguridad para que los banderazos se realicen \u201ccon toda la emoci\u00f3n, con toda la fuerza y toda la alegr\u00eda que le queremos dar a la Selecci\u00f3n\u201d.<\/p>\n\n\n\n<p>Las esquinas ser\u00e1n: Corrientes y 9 de Julio; Vicente L\u00f3pez y Uriburu; Corrientes y Pueyrred\u00f3n; Brandsen y Montes de Oca; Medrano y Corrientes; Acoyte y Rivadavia; Asamblea y Emilio Mitre; Av. Cruz y Guamini; Murguiondo y Juan B. Alberdi; Jonte y Lope de Vega; Fern\u00e1ndez de Enciso y Nueva York; Olaz\u00e1bal y Triunvirato; Cabildo y Juramento; Sarmiento y Libertador; y Corrientes y Scalabrini. &nbsp;<\/p>\n\n\n\n<p>Adem\u00e1s, como sucede el d\u00eda previo a cada partido de Argentina, este s\u00e1bado a partir de las 20 el Obelisco lucir\u00e1 un mapping dise\u00f1ado por Nicol\u00e1s Bernaudo.<\/p>\n\n\n\n<p>Tras destacar el clima festivo que se vive en cada partido de la Selecci\u00f3n en las sedes que mont\u00f3 la Ciudad, Rodr\u00edguez Larreta agreg\u00f3: \u201cHay una comuni\u00f3n, esa cosa de festejar el gol con el que ten\u00e9s al lado, del que muchas veces no sab\u00e9s qui\u00e9n es, qu\u00e9 piensa, ni de d\u00f3nde viene. Estamos todos juntos detr\u00e1s de una misma pasi\u00f3n. Ojal\u00e1 podamos tener una uni\u00f3n similar a la que se logra en el Mundial para nuestro pa\u00eds, para sacar a la Argentina adelante. Ese es mi sue\u00f1o y ojal\u00e1 podamos mantener este esp\u00edritu para trabajar todos juntos\u201d.<\/p>\n\n\n\n<p><strong><mark style=\"background-color:rgba(0, 0, 0, 0)\" class=\"has-inline-color has-vivid-red-color\">Los horarios de las cuatro sedes para ver la final<\/mark><\/strong><\/p>\n\n\n\n<p>El nuevo espacio en el Rosedal tendr\u00e1 una pantalla de 9 x 5 metros y estar\u00e1 abierto el domingo a partir de las 10.<\/p>\n\n\n\n<p>Mismo horario de apertura tendr\u00e1n los espacios tem\u00e1ticos de Parque de la Ciudad (Avenida Fern\u00e1ndez de la Cruz 4000) y<\/p>\n\n\n\n<p>Parque Centenario (Leopoldo Marechal y Avenida D\u00edaz V\u00e9lez). En ambos lugares los hinchas tambi\u00e9n podr\u00e1n acompa\u00f1ar al equipo liderado por Lionel Messi en una pantalla de 9 x 5 metros.<\/p>\n\n\n\n<p>Como desde el inicio del Mundial, la Plaza Seeber (Av. Sarmiento y Av. Libertador) recibir\u00e1 a miles de hinchas. All\u00ed se podr\u00e1 ver a la Selecci\u00f3n en una pantalla gigante de 18 x 10,24 metros. El espacio, que abrir\u00e1 el domingo a partir de las 8, cuenta con actividades deportivas, murales y juegos para los m\u00e1s chicos.<\/p>\n\n\n\n<p>En Plaza Seeber adem\u00e1s se podr\u00e1 disfrutar del partido por 3\u00b0 y 4\u00b0 puesto que ma\u00f1ana a las 12 disputar\u00e1n Croacia y Marruecos. Las puertas se abrir\u00e1n a partir de las 10. Luego del encuentro se proyectar\u00e1 la pel\u00edcula \u201c1986: La historia detr\u00e1s de la Copa\u201d, como previa de la final del domingo.<\/p>\n\n\n\n<p><strong><mark style=\"background-color:rgba(0, 0, 0, 0)\" class=\"has-inline-color has-vivid-red-color\">C\u00f3mo reservar la entrada<\/mark><\/strong><\/p>\n\n\n\n<p>Para las cuatro sedes hay que reservar entradas a trav\u00e9s de \u201cBoti\u201d, el WhatsApp de la Ciudad, donde los vecinos pueden consultar horarios, propuestas y toda la informaci\u00f3n relacionada al certamen mundialista.<\/p>\n\n\n\n<p>Para hacerlo, s\u00f3lo hay que agendar el n\u00famero 11-5050-0147 y escribirle al chatbot la palabra \u201cMundial\u201d desde cualquier tel\u00e9fono m\u00f3vil. Luego se deben elegir las opciones deseadas.<\/p>\n\n\n\n<p>En el caso de Plaza Seeber, tambi\u00e9n se puede reservar a trav\u00e9s de la web:&nbsp;<a href=\"https:\/\/lt.mydplr.com\/309c825699bb86867e22a3b5798ef8e8-3523ed1b7c765c2ed4553be6ca72846c\" target=\"_blank\" rel=\"noreferrer noopener\"><u>www.buenosaires.gob.ar\/cultura\/festivalesba\/emocionmundial\/plaza-emocion-mundial<\/u><\/a><\/p>\n\n\n\n<figure class=\"wp-block-embed is-type-video is-provider-youtube wp-block-embed-youtube wp-embed-aspect-16-9 wp-has-aspect-ratio\"><div class=\"wp-block-embed__wrapper\">\n<div class=\"jeg_video_container jeg_video_content\"><iframe title=\"Rodr\u00edguez Larreta present\u00f3 una nueva pantalla para alentar a la Selecci\u00f3n en la final de Qatar 2022\" width=\"500\" height=\"281\" src=\"https:\/\/www.youtube.com\/embed\/YZAguLlwMi4?feature=oembed\" frameborder=\"0\" allow=\"accelerometer; autoplay; clipboard-write; encrypted-media; gyroscope; picture-in-picture; web-share\" referrerpolicy=\"strict-origin-when-cross-origin\" allowfullscreen><\/iframe><\/div>\n<\/div><\/figure>\n","protected":false},"excerpt":{"rendered":"<p>El jefe de Gobierno porte\u00f1o, Horacio Rodr\u00edguez Larreta, present\u00f3 hoy la nueva pantalla que la Ciudad instalar\u00e1 en el Rosedal de Palermo para que vecinos y turistas alienten a la Selecci\u00f3n en la final contra Francia. \u201cOjal\u00e1 los argentinos podamos tener una uni\u00f3n similar a la que se logra en el Mundial\u201d, se ilusion\u00f3. El [&hellip;]<\/p>\n","protected":false},"author":2,"featured_media":28010,"comment_status":"closed","ping_status":"closed","sticky":false,"template":"","format":"standard","meta":{"jnews-multi-image_gallery":[],"jnews_single_post":{"subtitle":"","format":"standard","video":"","gallery":"","source_name":"","source_url":"","via_name":"","via_url":"","override_template":"0","override":[{"template":"4","single_blog_custom":"","parallax":"1","fullscreen":"1","layout":"right-sidebar","sidebar":"default-sidebar","second_sidebar":"default-sidebar","sticky_sidebar":"1","share_position":"top","share_float_style":"share-monocrhome","show_share_counter":"1","show_view_counter":"1","show_featured":"1","show_post_meta":"1","show_post_author":"1","show_post_author_image":"1","show_post_date":"1","post_date_format":"default","post_date_format_custom":"Y\/m\/d","show_post_category":"1","show_post_reading_time":"1","post_reading_time_wpm":"300","show_zoom_button":"1","zoom_button_out_step":"2","zoom_button_in_step":"3","show_post_tag":"1","show_prev_next_post":"1","show_popup_post":"1","number_popup_post":"1","show_author_box":"1","show_post_related":"1","show_inline_post_related":"0"}],"override_image_size":"0","image_override":[{"single_post_thumbnail_size":"crop-500","single_post_gallery_size":"crop-500"}],"trending_post":"0","trending_post_position":"meta","trending_post_label":"Trending","sponsored_post":"0","sponsored_post_label":"Sponsored by","sponsored_post_name":"","sponsored_post_url":"","sponsored_post_logo_enable":"0","sponsored_post_logo":"","sponsored_post_desc":"","disable_ad":"0"},"jnews_primary_category":{"id":"","hide":""},"jnews_social_meta":{"fb_title":"","fb_description":"","fb_image":"","twitter_title":"","twitter_description":"","twitter_image":""},"jnews_review":[],"enable_review":"0","type":"percentage","name":"","summary":"","brand":"","sku":"","good":[{"good_text":""}],"bad":[{"bad_text":""}],"score_override":"","override_value":"","rating":[{"rating_text":"","rating_number":"10"}],"price":[{"shop":"","price":"","link":"","icon":""}],"jnews_override_counter":{"override_view_counter":"0","view_counter_number":"0","override_share_counter":"0","share_counter_number":"0","override_like_counter":"0","like_counter_number":"0","override_dislike_counter":"0","dislike_counter_number":"0"},"jnews_post_split":{"enable_post_split":"0","post_split":[{"template":"1","tag":"h2","numbering":"asc","mode":"normal","first":"0","enable_toc":"0","toc_type":"normal"}]},"footnotes":""},"categories":[74],"tags":[44,72,73,45],"class_list":["post-28009","post","type-post","status-publish","format-standard","has-post-thumbnail","hentry","category-mundial-qatar-2022","tag-argentina","tag-mundial-de-futbol","tag-mundial-de-qatar-2022","tag-noticias"],"amp_enabled":true,"_links":{"self":[{"href":"https:\/\/esreviral.com\/index.php?rest_route=\/wp\/v2\/posts\/28009"}],"collection":[{"href":"https:\/\/esreviral.com\/index.php?rest_route=\/wp\/v2\/posts"}],"about":[{"href":"https:\/\/esreviral.com\/index.php?rest_route=\/wp\/v2\/types\/post"}],"author":[{"embeddable":true,"href":"https:\/\/esreviral.com\/index.php?rest_route=\/wp\/v2\/users\/2"}],"replies":[{"embeddable":true,"href":"https:\/\/esreviral.com\/index.php?rest_route=%2Fwp%2Fv2%2Fcomments&post=28009"}],"version-history":[{"count":0,"href":"https:\/\/esreviral.com\/index.php?rest_route=\/wp\/v2\/posts\/28009\/revisions"}],"wp:featuredmedia":[{"embeddable":true,"href":"https:\/\/esreviral.com\/index.php?rest_route=\/wp\/v2\/media\/28010"}],"wp:attachment":[{"href":"https:\/\/esreviral.com\/index.php?rest_route=%2Fwp%2Fv2%2Fmedia&parent=28009"}],"wp:term":[{"taxonomy":"category","embeddable":true,"href":"https:\/\/esreviral.com\/index.php?rest_route=%2Fwp%2Fv2%2Fcategories&post=28009"},{"taxonomy":"post_tag","embeddable":true,"href":"https:\/\/esreviral.com\/index.php?rest_route=%2Fwp%2Fv2%2Ftags&post=28009"}],"curies":[{"name":"wp","href":"https:\/\/api.w.org\/{rel}","templated":true}]}}