{"id":27885,"date":"2022-12-15T08:34:30","date_gmt":"2022-12-15T13:34:30","guid":{"rendered":"https:\/\/esreviral.com\/?p=27885"},"modified":"2022-12-15T08:34:32","modified_gmt":"2022-12-15T13:34:32","slug":"activistas-venezolanos-denuncian-retraso-en-cambio-de-nombre-a-personas-trans","status":"publish","type":"post","link":"https:\/\/esreviral.com\/?p=27885","title":{"rendered":"Activistas venezolanos denuncian retraso en cambio de nombre a personas trans"},"content":{"rendered":"\n<p>Activistas de la comunidad LGBTI de Venezuela denunciaron este mi\u00e9rcoles <strong>un retraso en la presentaci\u00f3n de un protocolo administrativo por parte de la Asamblea Nacional (AN)<\/strong> con el que las personas transg\u00e9nero, no binarias e intersexuales podr\u00e1n cambiar su nombre.<\/p>\n\n\n\n<p>Pasaron la noche en las afueras del parlamento nacional esperando una respuesta, que posiblemente se las den este jueves. <\/p>\n\n\n\n<p>\u00abHemos sido burlados y no se nos responden los tel\u00e9fonos, porque para ellos no son importantes las vidas de nuestra poblaci\u00f3n\u00bb, declar\u00f3 a EFE el activista\u00a0Koddy Campos\u00a0a las afueras del Parlamento, en Caracas, tras explicar que los diputados se hab\u00edan comprometido a presentar este mi\u00e9rcoles el protocolo para el cambio de nombre, un derecho consagrado en la ley desde 2009 pero que no se cumple.<\/p>\n\n\n\n<p>Agreg\u00f3 que <strong>la primera vicepresidenta del Parlamento, Iris Varela;<\/strong> el presidente de la Comisi\u00f3n de Desarrollo Social Integral del Legislativo, Pedro Infante, y la presidenta de la Comisi\u00f3n de las Familias, la Libertad de Religi\u00f3n y de Cultos, Asia Villegas, se hab\u00edan comprometido a \u00abcambiarle el nombre a las personas trans, no binarias e intersexuales\u00bb.<\/p>\n\n\n\n<p class=\"has-text-align-right\"><strong><em>El Nacional.-<\/em><\/strong><\/p>\n","protected":false},"excerpt":{"rendered":"<p>Activistas de la comunidad LGBTI de Venezuela denunciaron este mi\u00e9rcoles un retraso en la presentaci\u00f3n de un protocolo administrativo por parte de la Asamblea Nacional (AN) con el que las personas transg\u00e9nero, no binarias e intersexuales podr\u00e1n cambiar su nombre. Pasaron la noche en las afueras del parlamento nacional esperando una respuesta, que posiblemente se [&hellip;]<\/p>\n","protected":false},"author":2,"featured_media":27887,"comment_status":"closed","ping_status":"closed","sticky":false,"template":"","format":"standard","meta":{"jnews-multi-image_gallery":[],"jnews_single_post":{"subtitle":"","format":"standard","video":"","gallery":"","source_name":"","source_url":"","via_name":"","via_url":"","override_template":"0","override":[{"template":"4","single_blog_custom":"","parallax":"1","fullscreen":"1","layout":"right-sidebar","sidebar":"default-sidebar","second_sidebar":"default-sidebar","sticky_sidebar":"1","share_position":"top","share_float_style":"share-monocrhome","show_share_counter":"1","show_view_counter":"1","show_featured":"1","show_post_meta":"1","show_post_author":"1","show_post_author_image":"1","show_post_date":"1","post_date_format":"default","post_date_format_custom":"Y\/m\/d","show_post_category":"1","show_post_reading_time":"1","post_reading_time_wpm":"300","show_zoom_button":"1","zoom_button_out_step":"2","zoom_button_in_step":"3","show_post_tag":"1","show_prev_next_post":"1","show_popup_post":"1","number_popup_post":"1","show_author_box":"1","show_post_related":"1","show_inline_post_related":"0"}],"override_image_size":"0","image_override":[{"single_post_thumbnail_size":"crop-500","single_post_gallery_size":"crop-500"}],"trending_post":"0","trending_post_position":"meta","trending_post_label":"Trending","sponsored_post":"0","sponsored_post_label":"Sponsored by","sponsored_post_name":"","sponsored_post_url":"","sponsored_post_logo_enable":"0","sponsored_post_logo":"","sponsored_post_desc":"","disable_ad":"0"},"jnews_primary_category":{"id":"","hide":""},"jnews_social_meta":{"fb_title":"","fb_description":"","fb_image":"","twitter_title":"","twitter_description":"","twitter_image":""},"jnews_review":[],"enable_review":"0","type":"percentage","name":"","summary":"","brand":"","sku":"","good":[{"good_text":""}],"bad":[{"bad_text":""}],"score_override":"","override_value":"","rating":[{"rating_text":"","rating_number":"10"}],"price":[{"shop":"","price":"","link":"","icon":""}],"jnews_override_counter":{"override_view_counter":"0","view_counter_number":"0","override_share_counter":"0","share_counter_number":"0","override_like_counter":"0","like_counter_number":"0","override_dislike_counter":"0","dislike_counter_number":"0"},"jnews_post_split":{"enable_post_split":"0","post_split":[{"template":"1","tag":"h2","numbering":"asc","mode":"normal","first":"0","enable_toc":"0","toc_type":"normal"}]},"footnotes":""},"categories":[66],"tags":[2833,45,56],"class_list":["post-27885","post","type-post","status-publish","format-standard","has-post-thumbnail","hentry","category-venezuela","tag-lgtbqi","tag-noticias","tag-venezuela"],"amp_enabled":true,"_links":{"self":[{"href":"https:\/\/esreviral.com\/index.php?rest_route=\/wp\/v2\/posts\/27885"}],"collection":[{"href":"https:\/\/esreviral.com\/index.php?rest_route=\/wp\/v2\/posts"}],"about":[{"href":"https:\/\/esreviral.com\/index.php?rest_route=\/wp\/v2\/types\/post"}],"author":[{"embeddable":true,"href":"https:\/\/esreviral.com\/index.php?rest_route=\/wp\/v2\/users\/2"}],"replies":[{"embeddable":true,"href":"https:\/\/esreviral.com\/index.php?rest_route=%2Fwp%2Fv2%2Fcomments&post=27885"}],"version-history":[{"count":0,"href":"https:\/\/esreviral.com\/index.php?rest_route=\/wp\/v2\/posts\/27885\/revisions"}],"wp:featuredmedia":[{"embeddable":true,"href":"https:\/\/esreviral.com\/index.php?rest_route=\/wp\/v2\/media\/27887"}],"wp:attachment":[{"href":"https:\/\/esreviral.com\/index.php?rest_route=%2Fwp%2Fv2%2Fmedia&parent=27885"}],"wp:term":[{"taxonomy":"category","embeddable":true,"href":"https:\/\/esreviral.com\/index.php?rest_route=%2Fwp%2Fv2%2Fcategories&post=27885"},{"taxonomy":"post_tag","embeddable":true,"href":"https:\/\/esreviral.com\/index.php?rest_route=%2Fwp%2Fv2%2Ftags&post=27885"}],"curies":[{"name":"wp","href":"https:\/\/api.w.org\/{rel}","templated":true}]}}