{"id":27880,"date":"2022-12-15T08:22:56","date_gmt":"2022-12-15T13:22:56","guid":{"rendered":"https:\/\/esreviral.com\/?p=27880"},"modified":"2022-12-15T08:22:57","modified_gmt":"2022-12-15T13:22:57","slug":"vocera-del-gobierno-afirma-que-la-inflacion-va-bajando-lo-notamos-todos-los-que-vamos-al-supermercado","status":"publish","type":"post","link":"https:\/\/esreviral.com\/?p=27880","title":{"rendered":"Vocera del Gobierno afirma que la inflaci\u00f3n va bajando: \u00ablo notamos todos los que vamos al supermercado\u201d"},"content":{"rendered":"\n<p><strong>Gabriela Cerruti<\/strong>, vocera del Gobierno argentino, afirm\u00f3 hoy que hay un \u201c<strong>proceso de descenso de inflaci\u00f3n<\/strong>\u201d en el pa\u00eds. \u201cEso lo estamos notando todos los que vamos al supermercado a hacer las compras, hay una desaceleraci\u00f3n de precios y por suerte estamos entrando en un contexto de\u00a0<strong>relativa calma<\/strong>\u201d, destac\u00f3.<\/p>\n\n\n\n<p>Como cada jueves, Cerruti, dio una rueda de prensa en la que  hizo una referencia a la final del mundial de f\u00fatbol que disputar\u00e1n las selecciones de Argentina y Francia en Qatar, y se\u00f1al\u00f3 que tanto el presidente\u00a0<strong>Alberto Fern\u00e1ndez<\/strong>\u00a0como el gabinete \u201cest\u00e1 pendiente\u201d del resultado, y sostuvo que \u201cno hay ninguna decisi\u00f3n tomada\u201d en relaci\u00f3n a un posible viaje del mandatario para presenciar el partido.<\/p>\n\n\n\n<p>A su vez, y consultada por la ausencia de gobernadores, intendentes y dirigentes kirchneristas en el acto de ayer, en donde el Presidente record\u00f3 los tres a\u00f1os de gesti\u00f3n, Cerruti evit\u00f3 una confrontaci\u00f3n: \u201cLos funcionarios somo empleados,&nbsp;<strong>no nos pasamos listas<\/strong>, lo importante son las pol\u00edticas que lleva adelante el presidente de la naci\u00f3n\u201d, indic\u00f3.<\/p>\n\n\n\n<p>Y agreg\u00f3: \u201cLa relaci\u00f3n con los gobernadores es fuerte, simbi\u00f3tica, si crecen las provincias crecemos todos, no tenemos dudas ni preocupaci\u00f3n sobre la relaci\u00f3n con los gobernadores\u201d.<\/p>\n\n\n\n<p class=\"has-text-align-right\"><strong><em>Infobae.-<\/em><\/strong><\/p>\n\n\n\n<figure class=\"wp-block-embed is-type-video is-provider-youtube wp-block-embed-youtube wp-embed-aspect-16-9 wp-has-aspect-ratio\"><div class=\"wp-block-embed__wrapper\">\n<div class=\"jeg_video_container jeg_video_content\"><iframe title=\"Conferencia de prensa de la portavoz de la Presidencia, Gabriela Cerruti.\" width=\"500\" height=\"281\" src=\"https:\/\/www.youtube.com\/embed\/BYCRNIsV3ZQ?feature=oembed\" frameborder=\"0\" allow=\"accelerometer; autoplay; clipboard-write; encrypted-media; gyroscope; picture-in-picture; web-share\" referrerpolicy=\"strict-origin-when-cross-origin\" allowfullscreen><\/iframe><\/div>\n<\/div><\/figure>\n","protected":false},"excerpt":{"rendered":"<p>Gabriela Cerruti, vocera del Gobierno argentino, afirm\u00f3 hoy que hay un \u201cproceso de descenso de inflaci\u00f3n\u201d en el pa\u00eds. \u201cEso lo estamos notando todos los que vamos al supermercado a hacer las compras, hay una desaceleraci\u00f3n de precios y por suerte estamos entrando en un contexto de\u00a0relativa calma\u201d, destac\u00f3. Como cada jueves, Cerruti, dio una [&hellip;]<\/p>\n","protected":false},"author":2,"featured_media":27881,"comment_status":"open","ping_status":"closed","sticky":false,"template":"","format":"standard","meta":{"jnews-multi-image_gallery":[],"jnews_single_post":{"subtitle":"","format":"standard","video":"","gallery":"","source_name":"","source_url":"","via_name":"","via_url":"","override_template":"0","override":[{"template":"4","single_blog_custom":"","parallax":"1","fullscreen":"1","layout":"right-sidebar","sidebar":"default-sidebar","second_sidebar":"default-sidebar","sticky_sidebar":"1","share_position":"top","share_float_style":"share-monocrhome","show_share_counter":"1","show_view_counter":"1","show_featured":"1","show_post_meta":"1","show_post_author":"1","show_post_author_image":"1","show_post_date":"1","post_date_format":"default","post_date_format_custom":"Y\/m\/d","show_post_category":"1","show_post_reading_time":"1","post_reading_time_wpm":"300","show_zoom_button":"1","zoom_button_out_step":"2","zoom_button_in_step":"3","show_post_tag":"1","show_prev_next_post":"1","show_popup_post":"1","number_popup_post":"1","show_author_box":"1","show_post_related":"1","show_inline_post_related":"0"}],"override_image_size":"0","image_override":[{"single_post_thumbnail_size":"crop-500","single_post_gallery_size":"crop-500"}],"trending_post":"0","trending_post_position":"meta","trending_post_label":"Trending","sponsored_post":"0","sponsored_post_label":"Sponsored by","sponsored_post_name":"","sponsored_post_url":"","sponsored_post_logo_enable":"0","sponsored_post_logo":"","sponsored_post_desc":"","disable_ad":"0"},"jnews_primary_category":{"id":"","hide":""},"jnews_social_meta":{"fb_title":"","fb_description":"","fb_image":"","twitter_title":"","twitter_description":"","twitter_image":""},"jnews_review":[],"enable_review":"0","type":"percentage","name":"","summary":"","brand":"","sku":"","good":[{"good_text":""}],"bad":[{"bad_text":""}],"score_override":"","override_value":"","rating":[{"rating_text":"","rating_number":"10"}],"price":[{"shop":"","price":"","link":"","icon":""}],"jnews_override_counter":{"override_view_counter":"0","view_counter_number":"0","override_share_counter":"0","share_counter_number":"0","override_like_counter":"0","like_counter_number":"0","override_dislike_counter":"0","dislike_counter_number":"0"},"jnews_post_split":{"enable_post_split":"0","post_split":[{"template":"1","tag":"h2","numbering":"asc","mode":"normal","first":"0","enable_toc":"0","toc_type":"normal"}]},"footnotes":""},"categories":[58,61],"tags":[44,1396,268,45],"class_list":["post-27880","post","type-post","status-publish","format-standard","has-post-thumbnail","hentry","category-argentina","category-economia","tag-argentina","tag-gabriela-cerruti","tag-inflacion","tag-noticias"],"amp_enabled":true,"_links":{"self":[{"href":"https:\/\/esreviral.com\/index.php?rest_route=\/wp\/v2\/posts\/27880"}],"collection":[{"href":"https:\/\/esreviral.com\/index.php?rest_route=\/wp\/v2\/posts"}],"about":[{"href":"https:\/\/esreviral.com\/index.php?rest_route=\/wp\/v2\/types\/post"}],"author":[{"embeddable":true,"href":"https:\/\/esreviral.com\/index.php?rest_route=\/wp\/v2\/users\/2"}],"replies":[{"embeddable":true,"href":"https:\/\/esreviral.com\/index.php?rest_route=%2Fwp%2Fv2%2Fcomments&post=27880"}],"version-history":[{"count":0,"href":"https:\/\/esreviral.com\/index.php?rest_route=\/wp\/v2\/posts\/27880\/revisions"}],"wp:featuredmedia":[{"embeddable":true,"href":"https:\/\/esreviral.com\/index.php?rest_route=\/wp\/v2\/media\/27881"}],"wp:attachment":[{"href":"https:\/\/esreviral.com\/index.php?rest_route=%2Fwp%2Fv2%2Fmedia&parent=27880"}],"wp:term":[{"taxonomy":"category","embeddable":true,"href":"https:\/\/esreviral.com\/index.php?rest_route=%2Fwp%2Fv2%2Fcategories&post=27880"},{"taxonomy":"post_tag","embeddable":true,"href":"https:\/\/esreviral.com\/index.php?rest_route=%2Fwp%2Fv2%2Ftags&post=27880"}],"curies":[{"name":"wp","href":"https:\/\/api.w.org\/{rel}","templated":true}]}}