{"id":27868,"date":"2022-12-15T08:00:51","date_gmt":"2022-12-15T13:00:51","guid":{"rendered":"https:\/\/esreviral.com\/?p=27868"},"modified":"2022-12-15T08:00:52","modified_gmt":"2022-12-15T13:00:52","slug":"la-fifa-confirmo-que-camiseta-usara-la-seleccion-argentina-en-la-final-del-mundial-ante-francia","status":"publish","type":"post","link":"https:\/\/esreviral.com\/?p=27868","title":{"rendered":"La FIFA confirm\u00f3 qu\u00e9 camiseta usar\u00e1 la Selecci\u00f3n argentina en la final del Mundial ante Francia"},"content":{"rendered":"\n<p><\/p>\n\n\n\n<p>La\u00a0Selecci\u00f3n argentina\u00a0recibi\u00f3 una comunicaci\u00f3n por parte de la FIFA en donde qued\u00f3 confirmado que el equipo\u00a0<strong>deber\u00e1 utilizar la camiseta titular ante Francia<\/strong>\u00a0en la final del Mundial de Qatar 2022.<\/p>\n\n\n\n<p>El conjunto de\u00a0<strong>Lionel Scaloni<\/strong>\u00a0utiliz\u00f3 la suplente ante Polonia en el \u00faltimo encuentro del Grupo C. Ese d\u00eda la Albiceleste gan\u00f3 2-0 y sell\u00f3 su clasificaci\u00f3n a octavos de final.<\/p>\n\n\n\n<p>La celeste y blanca se us\u00f3 ante Arabia Saudita, M\u00e9xico, Australia, Pa\u00edses Bajos y Croacia. Ahora tendr\u00e1 su bautismo en finales ante Francia, que este mi\u00e9rcoles derrot\u00f3 a Marruecos en la otra semifinal.<\/p>\n\n\n\n<p><strong><mark style=\"background-color:rgba(0, 0, 0, 0)\" class=\"has-inline-color has-vivid-red-color\">\u00bfQu\u00e9 camiseta usar\u00e1 Argentina en la final del Mundial?<\/mark><\/strong><\/p>\n\n\n\n<p>La Selecci\u00f3n argentina utilizar\u00e1 camiseta titular con shorts y medias blancas. El Dibu Mart\u00ednez estar\u00e1 todo de verde.<\/p>\n\n\n\n<figure class=\"wp-block-image size-large\"><img fetchpriority=\"high\" decoding=\"async\" width=\"1024\" height=\"557\" src=\"https:\/\/esreviral.com\/wp-content\/uploads\/2022\/12\/ilxv6hqrnjegdazgud6dpxkzfqpng-1-1024x557.webp\" alt=\"\" class=\"wp-image-27869\" srcset=\"https:\/\/esreviral.com\/wp-content\/uploads\/2022\/12\/ilxv6hqrnjegdazgud6dpxkzfqpng-1-1024x557.webp 1024w, https:\/\/esreviral.com\/wp-content\/uploads\/2022\/12\/ilxv6hqrnjegdazgud6dpxkzfqpng-1-300x163.webp 300w, https:\/\/esreviral.com\/wp-content\/uploads\/2022\/12\/ilxv6hqrnjegdazgud6dpxkzfqpng-1-768x418.webp 768w, https:\/\/esreviral.com\/wp-content\/uploads\/2022\/12\/ilxv6hqrnjegdazgud6dpxkzfqpng-1-750x408.webp 750w, https:\/\/esreviral.com\/wp-content\/uploads\/2022\/12\/ilxv6hqrnjegdazgud6dpxkzfqpng-1-1140x620.webp 1140w, https:\/\/esreviral.com\/wp-content\/uploads\/2022\/12\/ilxv6hqrnjegdazgud6dpxkzfqpng-1.webp 1440w\" sizes=\"(max-width: 1024px) 100vw, 1024px\" \/><\/figure>\n\n\n\n<p><strong><mark style=\"background-color:rgba(0, 0, 0, 0)\" class=\"has-inline-color has-vivid-red-color\">Los \u00faltimos antecedentes en Mundiales<\/mark><\/strong><\/p>\n\n\n\n<p>En las finales de Italia 1990 y Brasil 2014 la Selecci\u00f3n argentina utiliz\u00f3 la camiseta azul suplente. Como ambos encuentros terminaron en derrota, el imaginario colectivo determin\u00f3 que ese color es \u201cmufa\u201d.<\/p>\n\n\n\n<figure class=\"wp-block-image size-large\"><img decoding=\"async\" width=\"1024\" height=\"576\" src=\"https:\/\/esreviral.com\/wp-content\/uploads\/2022\/12\/am5lpgnu65bgnck4b7sb4sq7i4png-1-1024x576.webp\" alt=\"\" class=\"wp-image-27870\" srcset=\"https:\/\/esreviral.com\/wp-content\/uploads\/2022\/12\/am5lpgnu65bgnck4b7sb4sq7i4png-1-1024x576.webp 1024w, https:\/\/esreviral.com\/wp-content\/uploads\/2022\/12\/am5lpgnu65bgnck4b7sb4sq7i4png-1-300x169.webp 300w, https:\/\/esreviral.com\/wp-content\/uploads\/2022\/12\/am5lpgnu65bgnck4b7sb4sq7i4png-1-768x432.webp 768w, https:\/\/esreviral.com\/wp-content\/uploads\/2022\/12\/am5lpgnu65bgnck4b7sb4sq7i4png-1-750x422.webp 750w, https:\/\/esreviral.com\/wp-content\/uploads\/2022\/12\/am5lpgnu65bgnck4b7sb4sq7i4png-1-1140x641.webp 1140w, https:\/\/esreviral.com\/wp-content\/uploads\/2022\/12\/am5lpgnu65bgnck4b7sb4sq7i4png-1.webp 1440w\" sizes=\"(max-width: 1024px) 100vw, 1024px\" \/><figcaption class=\"wp-element-caption\">DIEGO. Ante Alemania en la final de Italia 90 (Foto: Redes)<\/figcaption><\/figure>\n\n\n\n<figure class=\"wp-block-image size-large\"><img decoding=\"async\" width=\"1024\" height=\"576\" src=\"https:\/\/esreviral.com\/wp-content\/uploads\/2022\/12\/cdv2sm4eu5fvflkcpp44womidmpng-1-1024x576.webp\" alt=\"\" class=\"wp-image-27871\" srcset=\"https:\/\/esreviral.com\/wp-content\/uploads\/2022\/12\/cdv2sm4eu5fvflkcpp44womidmpng-1-1024x576.webp 1024w, https:\/\/esreviral.com\/wp-content\/uploads\/2022\/12\/cdv2sm4eu5fvflkcpp44womidmpng-1-300x169.webp 300w, https:\/\/esreviral.com\/wp-content\/uploads\/2022\/12\/cdv2sm4eu5fvflkcpp44womidmpng-1-768x432.webp 768w, https:\/\/esreviral.com\/wp-content\/uploads\/2022\/12\/cdv2sm4eu5fvflkcpp44womidmpng-1-750x422.webp 750w, https:\/\/esreviral.com\/wp-content\/uploads\/2022\/12\/cdv2sm4eu5fvflkcpp44womidmpng-1-1140x641.webp 1140w, https:\/\/esreviral.com\/wp-content\/uploads\/2022\/12\/cdv2sm4eu5fvflkcpp44womidmpng-1.webp 1440w\" sizes=\"(max-width: 1024px) 100vw, 1024px\" \/><figcaption class=\"wp-element-caption\">MESSI. La tristeza por perder ante Alemania en 2014 (Foto: AFP)<\/figcaption><\/figure>\n\n\n\n<p class=\"has-text-align-right\"><strong><em>TN.-<\/em><\/strong><\/p>\n","protected":false},"excerpt":{"rendered":"<p>El partido ser\u00e1 el pr\u00f3ximo domingo a las 12 del mediod\u00eda en el Estadio de Lusail. En las \u00faltimas dos definiciones por la Copa del Mundo la Albiceleste se vio obligada a vestir la casaca suplente.<\/p>\n","protected":false},"author":3,"featured_media":27872,"comment_status":"closed","ping_status":"closed","sticky":false,"template":"","format":"standard","meta":{"jnews-multi-image_gallery":[],"jnews_single_post":{"subtitle":"","format":"standard","video":"","gallery":"","source_name":"","source_url":"","via_name":"","via_url":"","override_template":"0","override":[{"template":"4","single_blog_custom":"","parallax":"1","fullscreen":"1","layout":"right-sidebar","sidebar":"default-sidebar","second_sidebar":"default-sidebar","sticky_sidebar":"1","share_position":"top","share_float_style":"share-monocrhome","show_share_counter":"1","show_view_counter":"1","show_featured":"1","show_post_meta":"1","show_post_author":"1","show_post_author_image":"1","show_post_date":"1","post_date_format":"default","post_date_format_custom":"Y\/m\/d","show_post_category":"1","show_post_reading_time":"1","post_reading_time_wpm":"300","show_zoom_button":"1","zoom_button_out_step":"2","zoom_button_in_step":"3","show_post_tag":"1","show_prev_next_post":"1","show_popup_post":"1","number_popup_post":"1","show_author_box":"1","show_post_related":"1","show_inline_post_related":"0"}],"override_image_size":"0","image_override":[{"single_post_thumbnail_size":"crop-500","single_post_gallery_size":"crop-500"}],"trending_post":"0","trending_post_position":"meta","trending_post_label":"Trending","sponsored_post":"0","sponsored_post_label":"Sponsored by","sponsored_post_name":"","sponsored_post_url":"","sponsored_post_logo_enable":"0","sponsored_post_logo":"","sponsored_post_desc":"","disable_ad":"0"},"jnews_primary_category":{"id":"","hide":""},"jnews_social_meta":{"fb_title":"","fb_description":"","fb_image":"","twitter_title":"","twitter_description":"","twitter_image":""},"jnews_review":[],"enable_review":"0","type":"percentage","name":"","summary":"","brand":"","sku":"","good":[{"good_text":""}],"bad":[{"bad_text":""}],"score_override":"","override_value":"","rating":[{"rating_text":"","rating_number":"10"}],"price":[{"shop":"","price":"","link":"","icon":""}],"jnews_override_counter":{"override_view_counter":"0","view_counter_number":"0","override_share_counter":"0","share_counter_number":"0","override_like_counter":"0","like_counter_number":"0","override_dislike_counter":"0","dislike_counter_number":"0"},"jnews_post_split":{"enable_post_split":"0","post_split":[{"template":"1","tag":"h2","numbering":"asc","mode":"normal","first":"0","enable_toc":"0","toc_type":"normal"}]},"footnotes":""},"categories":[74],"tags":[44,72,73,45,75,1147],"class_list":["post-27868","post","type-post","status-publish","format-standard","has-post-thumbnail","hentry","category-mundial-qatar-2022","tag-argentina","tag-mundial-de-futbol","tag-mundial-de-qatar-2022","tag-noticias","tag-qatar-2022","tag-seleccion-argentina"],"amp_enabled":true,"_links":{"self":[{"href":"https:\/\/esreviral.com\/index.php?rest_route=\/wp\/v2\/posts\/27868"}],"collection":[{"href":"https:\/\/esreviral.com\/index.php?rest_route=\/wp\/v2\/posts"}],"about":[{"href":"https:\/\/esreviral.com\/index.php?rest_route=\/wp\/v2\/types\/post"}],"author":[{"embeddable":true,"href":"https:\/\/esreviral.com\/index.php?rest_route=\/wp\/v2\/users\/3"}],"replies":[{"embeddable":true,"href":"https:\/\/esreviral.com\/index.php?rest_route=%2Fwp%2Fv2%2Fcomments&post=27868"}],"version-history":[{"count":0,"href":"https:\/\/esreviral.com\/index.php?rest_route=\/wp\/v2\/posts\/27868\/revisions"}],"wp:featuredmedia":[{"embeddable":true,"href":"https:\/\/esreviral.com\/index.php?rest_route=\/wp\/v2\/media\/27872"}],"wp:attachment":[{"href":"https:\/\/esreviral.com\/index.php?rest_route=%2Fwp%2Fv2%2Fmedia&parent=27868"}],"wp:term":[{"taxonomy":"category","embeddable":true,"href":"https:\/\/esreviral.com\/index.php?rest_route=%2Fwp%2Fv2%2Fcategories&post=27868"},{"taxonomy":"post_tag","embeddable":true,"href":"https:\/\/esreviral.com\/index.php?rest_route=%2Fwp%2Fv2%2Ftags&post=27868"}],"curies":[{"name":"wp","href":"https:\/\/api.w.org\/{rel}","templated":true}]}}