{"id":27811,"date":"2022-12-14T08:52:21","date_gmt":"2022-12-14T13:52:21","guid":{"rendered":"https:\/\/esreviral.com\/?p=27811"},"modified":"2022-12-14T09:01:15","modified_gmt":"2022-12-14T14:01:15","slug":"quien-es-ander-puig-el-actor-que-hace-de-nico-en-elite","status":"publish","type":"post","link":"https:\/\/esreviral.com\/?p=27811","title":{"rendered":"\u00bfNico es trans en la vida real? Conoce al actor Ander Puig de \u00c9lite"},"content":{"rendered":"\n<p><\/p>\n\n\n\n<p><strong>El 18 de noviembre de 2022 fue estrenada la&nbsp;sexta temporada de \u00c9lite, con la muerte de Samuel como el disparador tanto para los&nbsp;personajes&nbsp;que han vuelto a Las Encinas como para los nuevos miembros del elenco, entre estos,&nbsp;Ander Puig, el actor que da vida a Nico.<\/strong><\/p>\n\n\n\n<p>En \u201c<strong>\u00c9lite<\/strong>\u201d, Puig interpreta a un chico trans, tal como hizo en una anterior producci\u00f3n, y como r\u00e1pidamente ha captado la atenci\u00f3n del p\u00fablico, te contamos qui\u00e9n es exactamente.<\/p>\n\n\n\n<p><strong><mark style=\"background-color:rgba(0, 0, 0, 0)\" class=\"has-inline-color has-vivid-red-color\">1. DATOS PERSONALES DE ANDER PUIG<\/mark><\/strong><\/p>\n\n\n\n<ul class=\"wp-block-list\">\n<li><strong>Nombre completo:&nbsp;<\/strong>Ander Puig<\/li>\n\n\n\n<li><strong>Lugar de nacimiento:&nbsp;<\/strong>Barcelona<\/li>\n\n\n\n<li><strong>Nacionalidad:&nbsp;<\/strong>Espa\u00f1ola<\/li>\n\n\n\n<li><strong>A\u00f1o de nacimiento:&nbsp;<\/strong>2001<\/li>\n\n\n\n<li><strong>Instagram:<\/strong>&nbsp;<a href=\"https:\/\/www.instagram.com\/anderpuig\/?hl=es\" target=\"_blank\" rel=\"noreferrer noopener\">@anderpuig<\/a><\/li>\n\n\n\n<li><strong>TikTok:&nbsp;<\/strong><a href=\"https:\/\/www.tiktok.com\/discover\/Ander-puig\" target=\"_blank\" rel=\"noreferrer noopener\">@Ander puig<\/a><\/li>\n<\/ul>\n\n\n\n<p><strong><mark style=\"background-color:rgba(0, 0, 0, 0)\" class=\"has-inline-color has-vivid-red-color\">2. ES UN HOMBRE TRANS<\/mark><\/strong><\/p>\n\n\n\n<p>Ander Puig es un hombre trans que decidi\u00f3 a los 17 a\u00f1os de edad darse a conocer tal y como se identificaba: que, a pesar de haber nacido mujer, \u00e9l se sent\u00eda un var\u00f3n.&nbsp;<em>\u201cPienso que estoy viviendo otra vida. Ser trans, decirlo y tener agallas para apostar por m\u00ed delante de todo el mundo me ha cambiado mucho la vida\u201d<\/em>, se\u00f1al\u00f3 en una entrevista a&nbsp;<strong>El Mundo<\/strong>.<\/p>\n\n\n\n<p><strong><mark style=\"background-color:rgba(0, 0, 0, 0)\" class=\"has-inline-color has-vivid-red-color\">3. \u00bfFUE F\u00c1CIL PARA QUE LO DIGA ABIERTAMENTE?<\/mark><\/strong><\/p>\n\n\n\n<p>El joven cont\u00f3 que fue un poco complicado salir a se\u00f1alar que se consideraba un hombre viviendo en el cuerpo de una mujer, pues&nbsp;<strong>tem\u00eda defraudar a quienes confiaban en \u00e9l<\/strong>, por lo que se convirti\u00f3 en una lucha interna reconocerlo.<\/p>\n\n\n\n<p><strong><mark style=\"background-color:rgba(0, 0, 0, 0)\" class=\"has-inline-color has-vivid-red-color\">4. \u00bfC\u00d3MO REACCION\u00d3 SU FAMILIA?<\/mark><\/strong><\/p>\n\n\n\n<p><strong>La familia de Ander Puig respet\u00f3 su decisi\u00f3n y no dudaron en apoyarlo<\/strong>&nbsp;cuando decide iniciar su proceso de transici\u00f3n.&nbsp;<em>\u201cNo tiene que ser un drama esto, mi caso personal no lo fue (\u2026). Lo he pasado mal internamente por mi lucha interna y sufr\u00ed, pero no me han discriminado. Se puede tener una vida natural siendo trans, no todo es oscuro siempre\u201d<\/em>, indic\u00f3 en la misma entrevista.<\/p>\n\n\n\n<p><strong><mark style=\"background-color:rgba(0, 0, 0, 0)\" class=\"has-inline-color has-vivid-red-color\">5. CARRERA ACTORAL<\/mark><\/strong><\/p>\n\n\n\n<p>Al estar convencido de que lo suyo era el mundo de la interpretaci\u00f3n, se prepar\u00f3 y debuto actoralmente en \u201cLos espabilados\u201d, una serie de 2021 de Movistar Plus+. Luego consigue su primer protag\u00f3nico en la serie web de RTVE Play \u201cSer o no ser\u201d y despu\u00e9s un papel en la sexta temporada de \u201c\u00c9lite\u201d.<\/p>\n\n\n\n<p><strong><mark style=\"background-color:rgba(0, 0, 0, 0)\" class=\"has-inline-color has-vivid-red-color\">6. EN \u201cSER O NO SER\u201d INTERPRETA A UN CHICO TRANS<\/mark><\/strong><\/p>\n\n\n\n<p>En \u201cSer o no ser\u201d, Ander Puig da vida a Joel, un chico trans de 16 a\u00f1os que inicia el bachillerato esc\u00e9nico en un nuevo instituto donde nadie lo conoce, por lo que podr\u00eda presentarse a sus compa\u00f1eros tal y como se siente, pero tiene miedo al rechazo, adem\u00e1s de perder a Ona, una joven de su clase, de quien se enamor\u00f3. Una historia que se asemeja a su vida y que le ayud\u00f3 para entender todo desde su experiencia.<\/p>\n\n\n\n<p><strong><mark style=\"background-color:rgba(0, 0, 0, 0)\" class=\"has-inline-color has-vivid-red-color\">7. \u00bfC\u00d3MO SE CONSIDERA ANDER?<\/mark><\/strong><\/p>\n\n\n\n<p>Ander Puig se considera una persona ambiciosa, divertida y con muchas ganas de vivir, que le encanta el cine y leer, manifest\u00f3 a&nbsp;<strong>RTVE<\/strong>.<\/p>\n\n\n\n<p><strong><mark style=\"background-color:rgba(0, 0, 0, 0)\" class=\"has-inline-color has-vivid-red-color\">8. \u00bfC\u00d3MO CONSIGUI\u00d3 SU PAPEL EN \u201c\u00c9LITE\u201d?<\/mark><\/strong><\/p>\n\n\n\n<p>El actor revel\u00f3 que cuando se enter\u00f3 del casting para la serie de Netflix no lo dud\u00f3 y se present\u00f3.&nbsp;<em>\u201cMe llamaron para una prueba presencial en Madrid. Sal\u00ed bastante contento (\u2026). La semana siguiente me llamaron mis representantes por Facetime, todos reunidos en una mesa (\u2026) dijeron que estaba en \u2018\u00c9lite\u2019 y fue brutal\u201d<\/em>, indic\u00f3 a&nbsp;<strong>El Pa\u00eds<\/strong>.<\/p>\n\n\n\n<p><strong><mark style=\"background-color:rgba(0, 0, 0, 0)\" class=\"has-inline-color has-vivid-red-color\">9. \u00bfANDER PUIG TIENE PAREJA?<\/mark><\/strong><\/p>\n\n\n\n<p>Respecto a su vida privada, el actor Ander Puig mantiene todo en reserva, por lo que se desconoce si alguien ocupa un lugar especial en su coraz\u00f3n.<\/p>\n\n\n\n<p><strong><mark style=\"background-color:rgba(0, 0, 0, 0)\" class=\"has-inline-color has-vivid-red-color\">10. \u00bfPOR QU\u00c9 ANDER PUIG NO SE CONSIDERA UN REFERENTE DE LA COMUNIDAD LGTBQ+?<\/mark><\/strong><\/p>\n\n\n\n<p>Ander Puig ya hab\u00eda tenido la experiencia de trabajar en otro rol de un joven trans en la serie \u201cSer o no ser\u201d donde interpret\u00f3 a Joel. Sin embargo, en esta ocasi\u00f3n,&nbsp;<strong>se sum\u00f3 a la temporada 6 de \u201c\u00c9lite\u201d<\/strong>, el popular programa de Netflix que tiene mucha m\u00e1s llegada y alcanza a un mayor p\u00fablico de la comunidad LGBTQ+ que&nbsp;<strong>lo puede mirar como un referente<\/strong>.<\/p>\n\n\n\n<p class=\"has-text-align-right\"><strong><em>mag.elcomercio.pe.-<\/em><\/strong><\/p>\n","protected":false},"excerpt":{"rendered":"<p>En la serie de televisi\u00f3n de Netflix, el joven actor espa\u00f1ol interpreta a un chico trans<\/p>\n","protected":false},"author":3,"featured_media":27816,"comment_status":"closed","ping_status":"closed","sticky":false,"template":"","format":"standard","meta":{"jnews-multi-image_gallery":[],"jnews_single_post":{"subtitle":"","format":"standard","video":"","gallery":"","source_name":"","source_url":"","via_name":"","via_url":"","override_template":"0","override":[{"template":"4","single_blog_custom":"","parallax":"1","fullscreen":"1","layout":"right-sidebar","sidebar":"default-sidebar","second_sidebar":"default-sidebar","sticky_sidebar":"1","share_position":"top","share_float_style":"share-monocrhome","show_share_counter":"1","show_view_counter":"1","show_featured":"1","show_post_meta":"1","show_post_author":"1","show_post_author_image":"1","show_post_date":"1","post_date_format":"default","post_date_format_custom":"Y\/m\/d","show_post_category":"1","show_post_reading_time":"1","post_reading_time_wpm":"300","show_zoom_button":"1","zoom_button_out_step":"2","zoom_button_in_step":"3","show_post_tag":"1","show_prev_next_post":"1","show_popup_post":"1","number_popup_post":"1","show_author_box":"1","show_post_related":"1","show_inline_post_related":"0"}],"override_image_size":"0","image_override":[{"single_post_thumbnail_size":"crop-500","single_post_gallery_size":"crop-500"}],"trending_post":"0","trending_post_position":"meta","trending_post_label":"Trending","sponsored_post":"0","sponsored_post_label":"Sponsored by","sponsored_post_name":"","sponsored_post_url":"","sponsored_post_logo_enable":"0","sponsored_post_logo":"","sponsored_post_desc":"","disable_ad":"0"},"jnews_primary_category":{"id":"","hide":""},"jnews_social_meta":{"fb_title":"","fb_description":"","fb_image":"","twitter_title":"","twitter_description":"","twitter_image":""},"jnews_review":[],"enable_review":"0","type":"percentage","name":"","summary":"","brand":"","sku":"","good":[{"good_text":""}],"bad":[{"bad_text":""}],"score_override":"","override_value":"","rating":[{"rating_text":"","rating_number":"10"}],"price":[{"shop":"","price":"","link":"","icon":""}],"jnews_override_counter":{"override_view_counter":"0","view_counter_number":"0","override_share_counter":"0","share_counter_number":"0","override_like_counter":"0","like_counter_number":"0","override_dislike_counter":"0","dislike_counter_number":"0"},"jnews_post_split":{"enable_post_split":"0","post_split":[{"template":"1","tag":"h2","numbering":"asc","mode":"normal","first":"0","enable_toc":"0","toc_type":"normal"}]},"footnotes":""},"categories":[1069,50],"tags":[1126,5754,5753,45,5755],"class_list":["post-27811","post","type-post","status-publish","format-standard","has-post-thumbnail","hentry","category-cine-y-series","category-entretenimiento","tag-actor","tag-ander-puig","tag-elite-2","tag-noticias","tag-sexta-temporada-de-elite"],"amp_enabled":true,"_links":{"self":[{"href":"https:\/\/esreviral.com\/index.php?rest_route=\/wp\/v2\/posts\/27811"}],"collection":[{"href":"https:\/\/esreviral.com\/index.php?rest_route=\/wp\/v2\/posts"}],"about":[{"href":"https:\/\/esreviral.com\/index.php?rest_route=\/wp\/v2\/types\/post"}],"author":[{"embeddable":true,"href":"https:\/\/esreviral.com\/index.php?rest_route=\/wp\/v2\/users\/3"}],"replies":[{"embeddable":true,"href":"https:\/\/esreviral.com\/index.php?rest_route=%2Fwp%2Fv2%2Fcomments&post=27811"}],"version-history":[{"count":0,"href":"https:\/\/esreviral.com\/index.php?rest_route=\/wp\/v2\/posts\/27811\/revisions"}],"wp:featuredmedia":[{"embeddable":true,"href":"https:\/\/esreviral.com\/index.php?rest_route=\/wp\/v2\/media\/27816"}],"wp:attachment":[{"href":"https:\/\/esreviral.com\/index.php?rest_route=%2Fwp%2Fv2%2Fmedia&parent=27811"}],"wp:term":[{"taxonomy":"category","embeddable":true,"href":"https:\/\/esreviral.com\/index.php?rest_route=%2Fwp%2Fv2%2Fcategories&post=27811"},{"taxonomy":"post_tag","embeddable":true,"href":"https:\/\/esreviral.com\/index.php?rest_route=%2Fwp%2Fv2%2Ftags&post=27811"}],"curies":[{"name":"wp","href":"https:\/\/api.w.org\/{rel}","templated":true}]}}