{"id":27508,"date":"2022-12-09T06:42:41","date_gmt":"2022-12-09T11:42:41","guid":{"rendered":"https:\/\/esreviral.com\/?p=27508"},"modified":"2022-12-09T06:42:42","modified_gmt":"2022-12-09T11:42:42","slug":"cristina-kirchner-dio-positivo-de-coronavirus","status":"publish","type":"post","link":"https:\/\/esreviral.com\/?p=27508","title":{"rendered":"Cristina Kirchner dio positivo de coronavirus"},"content":{"rendered":"\n<p><\/p>\n\n\n\n<p><strong>Cristina Kirchner dio positivo de coronavirus<\/strong>&nbsp;y suspendi\u00f3 su participaci\u00f3n en el acto del Grupo de Puebla de este lunes. La vicepresidenta \u00abest\u00e1 en buen estado, en El Calafate\u00bb, informaron desde el Senado, que preside.<\/p>\n\n\n\n<p>\u00abEl encuentro de Grupo de Puebla &#8216;Voluntad popular y democracia. Del partido militar al partido judicial, las amenazas a la democracia&#8217;, cuya realizaci\u00f3n estaba prevista para el pr\u00f3ximo 12 de diciembre, se posterga para el d\u00eda 19 del mismo mes.<strong>&nbsp;Dicha postergaci\u00f3n se debe a que la vicepresidenta Cristina Fern\u00e1ndez de Kirchner ha dado positivo en un test de COVID<\/strong>\u00ab, puntualiz\u00f3 el comunicado de los asesores de prensa de la vicepresidenta.<\/p>\n\n\n\n<p>Y agregaron: \u00abCristina se encuentra en buen estado de salud en El Calafate\u00bb. All\u00ed hab\u00eda viajado para pasar el fin de semana largo, luego de la condena por corrupci\u00f3n que recibiera esta semana y antes de su reaparici\u00f3n en el evento del Grupo de Puebla que estaba previsto para este lunes, en el CCK.<\/p>\n\n\n\n<p>Se esperaba que ese acto -en el que Alberto Fern\u00e1ndez abrir\u00eda como orador y la vicepresidenta lo cerrar\u00eda- se transformara en&nbsp;<strong>una manifestaci\u00f3n oficialista de respaldo a Kirchner<\/strong>. De hecho, hab\u00eda convocatorias para militantes y se esperaba que la c\u00fapula del Frente de Todos participara en el mismo. Pero el contagio que determin\u00f3 un testeo hizo abortar su participaci\u00f3n y posponer el acto previsto, en principio, al pr\u00f3ximo<strong>&nbsp;lunes 19 de diciembre<\/strong>.<\/p>\n\n\n\n<p>La excusa del encuentro bajo el sello multinacional iba a ser donde Alberto Fern\u00e1ndez impulsar\u00eda, otra vez,&nbsp;la denuncia de \u00ablawfare\u00bb, en respaldo a la vicepresidenta, condenada a seis a\u00f1os de prisi\u00f3n e inhabilitaci\u00f3n perpetua para ocupar cargos p\u00fablicos en el juicio que investig\u00f3 la corrupci\u00f3n en Vialidad durante sus mandatos presidenciales.<\/p>\n\n\n\n<p>El Grupo de Puebla es un&nbsp;foro pol\u00edtico y acad\u00e9mico de la izquierda de Am\u00e9rica Latina, el Caribe, Espa\u00f1a y Portugal que le es c\u00f3modo al Presidente.&nbsp;All\u00ed, la idea era entregarle&nbsp;su \u00abapoyo transversal\u00bb a la vice,&nbsp;<\/p>\n\n\n\n<p>Fern\u00e1ndez y Cristina&nbsp;&nbsp;pretend\u00edan volver&nbsp;a mostrarse juntos en ese acto que estaba programado para las 16 en el centro cultural que lleva el nombre del expresidente N\u00e9stor Kirchner.&nbsp;<\/p>\n\n\n\n<p>All\u00ed iba a haber mesas de debate encabezadas por la vicepresidenta de Espa\u00f1a, Yolanda D\u00edaz, y los expresidentes Evo Morales (Bolivia), Rafael Correa (Ecuador), Jos\u00e9 \u00abPepe\u00bb Mujica (Uruguay), Jos\u00e9 Luis Rodr\u00edguez Zapatero (Espa\u00f1a) y Ernesto Samper (Colombia). E iba a ser la gran excusa para mostrar al Frente de Todos alineado en respaldo de Kirchner. Ahora est\u00e1 pospuesto.<\/p>\n\n\n\n<p><strong><mark style=\"background-color:rgba(0, 0, 0, 0)\" class=\"has-inline-color has-vivid-red-color\">Qu\u00e9 hizo Cristina Kirchner en los \u00faltimos d\u00edas<\/mark><\/strong><\/p>\n\n\n\n<p>Cristina Kirchner recibi\u00f3 la condena judicial de este martes en el Senado, donde hizo una transmisi\u00f3n por streaming en donde descarg\u00f3 su postura y sus cr\u00edticas.<\/p>\n\n\n\n<p>Ese mismo d\u00eda, la vicepresidenta fue hasta Ensenada, los pagos de Mario Secco, un kirchnerista de paladar negro. All\u00ed particip\u00f3 de una cena reserva en la que estuvieron presentes desde su hijo, el diputado M\u00e1ximo Kirchner, y Axel Kicillof, gobernador de la provincia de Buenos Aires, hasta Eduardo \u00abWado\u00bb de Pedro y Andr\u00e9s \u00abCuervo\u00bb Larroque -la plana mayor de La C\u00e1mpora-.<\/p>\n\n\n\n<p>All\u00ed tambi\u00e9n dieron el presente intendentes como Jorge Ferraresi, de Avellaneda, y Mayra Mendoza, de Quilmes, funcionarios nacionales como Carlos Castagneto, titular de la AFIP y referentes bonaerenses como Mar\u00eda Teresa Garc\u00eda y Cristina \u00c1lvarez Rodr\u00edguez.<\/p>\n\n\n\n<p>Un d\u00eda antes, el lunes 5 de diciembre, la vicepresidenta recibi\u00f3 en el Senado a representantes de Wikileaks que, de gira por Latinoam\u00e9rica, tuvieron audiencia con Kirchner en su despacho de la C\u00e1mara alta, actividad que fue posteada con fotos en sus redes sociales.<\/p>\n\n\n\n<figure class=\"wp-block-embed is-type-rich is-provider-twitter wp-block-embed-twitter\"><div class=\"wp-block-embed__wrapper\">\n<blockquote class=\"twitter-tweet\" data-width=\"500\" data-dnt=\"true\"><p lang=\"es\" dir=\"ltr\">Recib\u00ed hoy a Kristinn Hrafnsson, editor general y a Joseph Farrell, embajador de Wikileak. Est\u00e1n realizando una gira latinoamericana para reclamar la libertad de Julian Assange. <a href=\"https:\/\/t.co\/C1vKhIpV4n\">pic.twitter.com\/C1vKhIpV4n<\/a><\/p>&mdash; Cristina Kirchner (@CFKArgentina) <a href=\"https:\/\/twitter.com\/CFKArgentina\/status\/1599898254358900737?ref_src=twsrc%5Etfw\">December 5, 2022<\/a><\/blockquote><script async src=\"https:\/\/platform.twitter.com\/widgets.js\" charset=\"utf-8\"><\/script>\n<\/div><\/figure>\n\n\n\n<p class=\"has-text-align-right\"><strong><em>Clarin.-<\/em><\/strong><\/p>\n","protected":false},"excerpt":{"rendered":"<p>La vicepresidenta iba a estar en el acto del Grupo de Puebla este lunes pero anunciaron la suspensi\u00f3n. Ella est\u00e1 en El Calafate.<\/p>\n","protected":false},"author":3,"featured_media":27516,"comment_status":"closed","ping_status":"closed","sticky":false,"template":"","format":"standard","meta":{"jnews-multi-image_gallery":[],"jnews_single_post":{"subtitle":"","format":"standard","video":"","gallery":"","source_name":"","source_url":"","via_name":"","via_url":"","override_template":"0","override":[{"template":"4","single_blog_custom":"","parallax":"1","fullscreen":"1","layout":"right-sidebar","sidebar":"default-sidebar","second_sidebar":"default-sidebar","sticky_sidebar":"1","share_position":"top","share_float_style":"share-monocrhome","show_share_counter":"1","show_view_counter":"1","show_featured":"1","show_post_meta":"1","show_post_author":"1","show_post_author_image":"1","show_post_date":"1","post_date_format":"default","post_date_format_custom":"Y\/m\/d","show_post_category":"1","show_post_reading_time":"1","post_reading_time_wpm":"300","show_zoom_button":"1","zoom_button_out_step":"2","zoom_button_in_step":"3","show_post_tag":"1","show_prev_next_post":"1","show_popup_post":"1","number_popup_post":"1","show_author_box":"1","show_post_related":"1","show_inline_post_related":"0"}],"override_image_size":"0","image_override":[{"single_post_thumbnail_size":"crop-500","single_post_gallery_size":"crop-500"}],"trending_post":"0","trending_post_position":"meta","trending_post_label":"Trending","sponsored_post":"0","sponsored_post_label":"Sponsored by","sponsored_post_name":"","sponsored_post_url":"","sponsored_post_logo_enable":"0","sponsored_post_logo":"","sponsored_post_desc":"","disable_ad":"0"},"jnews_primary_category":{"id":"","hide":""},"jnews_social_meta":{"fb_title":"","fb_description":"","fb_image":"","twitter_title":"","twitter_description":"","twitter_image":""},"jnews_review":[],"enable_review":"0","type":"percentage","name":"","summary":"","brand":"","sku":"","good":[{"good_text":""}],"bad":[{"bad_text":""}],"score_override":"","override_value":"","rating":[{"rating_text":"","rating_number":"10"}],"price":[{"shop":"","price":"","link":"","icon":""}],"jnews_override_counter":{"override_view_counter":"0","view_counter_number":"0","override_share_counter":"0","share_counter_number":"0","override_like_counter":"0","like_counter_number":"0","override_dislike_counter":"0","dislike_counter_number":"0"},"jnews_post_split":{"enable_post_split":"0","post_split":[{"template":"1","tag":"h2","numbering":"asc","mode":"normal","first":"0","enable_toc":"0","toc_type":"normal"}]},"footnotes":""},"categories":[76],"tags":[44,77,5586,188,2268,2372,45,5666],"class_list":["post-27508","post","type-post","status-publish","format-standard","has-post-thumbnail","hentry","category-coronavirus","tag-argentina","tag-coronavirus","tag-coronavirus-en-argentina","tag-covid-19","tag-cristina-kirchner","tag-el-calafate","tag-noticias","tag-positivo"],"amp_enabled":true,"_links":{"self":[{"href":"https:\/\/esreviral.com\/index.php?rest_route=\/wp\/v2\/posts\/27508"}],"collection":[{"href":"https:\/\/esreviral.com\/index.php?rest_route=\/wp\/v2\/posts"}],"about":[{"href":"https:\/\/esreviral.com\/index.php?rest_route=\/wp\/v2\/types\/post"}],"author":[{"embeddable":true,"href":"https:\/\/esreviral.com\/index.php?rest_route=\/wp\/v2\/users\/3"}],"replies":[{"embeddable":true,"href":"https:\/\/esreviral.com\/index.php?rest_route=%2Fwp%2Fv2%2Fcomments&post=27508"}],"version-history":[{"count":0,"href":"https:\/\/esreviral.com\/index.php?rest_route=\/wp\/v2\/posts\/27508\/revisions"}],"wp:featuredmedia":[{"embeddable":true,"href":"https:\/\/esreviral.com\/index.php?rest_route=\/wp\/v2\/media\/27516"}],"wp:attachment":[{"href":"https:\/\/esreviral.com\/index.php?rest_route=%2Fwp%2Fv2%2Fmedia&parent=27508"}],"wp:term":[{"taxonomy":"category","embeddable":true,"href":"https:\/\/esreviral.com\/index.php?rest_route=%2Fwp%2Fv2%2Fcategories&post=27508"},{"taxonomy":"post_tag","embeddable":true,"href":"https:\/\/esreviral.com\/index.php?rest_route=%2Fwp%2Fv2%2Ftags&post=27508"}],"curies":[{"name":"wp","href":"https:\/\/api.w.org\/{rel}","templated":true}]}}