{"id":2745,"date":"2020-12-18T20:53:15","date_gmt":"2020-12-18T20:53:15","guid":{"rendered":"http:\/\/esreviral.com\/?p=2745"},"modified":"2020-12-18T20:53:15","modified_gmt":"2020-12-18T20:53:15","slug":"el-gobierno-anuncio-un-plan-basico-universal-obligatorio-para-telefonia-internet-y-tv-paga","status":"publish","type":"post","link":"https:\/\/esreviral.com\/?p=2745","title":{"rendered":"El Gobierno anunci\u00f3 un plan b\u00e1sico universal obligatorio para telefon\u00eda, internet y TV paga"},"content":{"rendered":"\n<p>El jefe de Gabinete, Santiago Cafiero, anunci\u00f3 la entrada en vigencia desde el 1 de enero de un&nbsp;<strong>plan b\u00e1sico universal obligatorio para los servicios de comunicaciones m\u00f3viles, telefon\u00eda fija, conexi\u00f3n fija a internet y tv por suscripci\u00f3n<\/strong>, destinado a unos diez millones de personas de bajos ingresos.<\/p>\n\n\n\n<p>Entre los planes creados en el marco del plan b\u00e1sico universal obligatorio, Cafiero precis\u00f3 que en el caso de la telefon\u00eda m\u00f3vil tendr\u00e1 un precio de $150 bajo el sistema prepago; mientras que en la telefon\u00eda fija ser\u00e1 de $380 por mes.<\/p>\n\n\n\n<p><strong><span style=\"background-color:#9a1b22\" class=\"td_text_highlight_marker\">Qui\u00e9nes podr\u00e1n acceder<\/span><\/strong><br>&#8211; Jubilados y pensionados con remuneraci\u00f3n inferior o igual a dos salarios m\u00ednimos.<\/p>\n\n\n\n<p>&#8211; Trabajadores y trabajadoras en relaci\u00f3n de dependencia con remuneraci\u00f3n inferior o igual a dos salarios m\u00ednimos, los beneficiarios de la Asignaci\u00f3n Universal por Hijo y de la Asignaci\u00f3n Universal por Embarazo.<\/p>\n\n\n\n<p>&#8211; Beneficiaros de pensiones no contributivas con remuneraci\u00f3n inferior o igual a dos salarios m\u00ednimos, Monotributo Social, trabajadores y trabajadoras monotributistas inscriptos e inscriptas en una categor\u00eda cuyo ingreso anual mensualizado no supere dos salarios m\u00ednimos y seguro de desempleo.<\/p>\n\n\n\n<p>&#8211; Los beneficiarios del R\u00e9gimen Especial de Seguridad Social para Empleados de Casas Particulares.<\/p>\n\n\n\n<p>&#8211; Usuarios y usuarias que perciban una beca del Programa Progresar.<\/p>\n\n\n\n<p>&#8211; Personas desocupadas o en la econom\u00eda informal, y de programas sociales, en todos los casos incluidos sus hijos de entre 16 y 18 a\u00f1os.<\/p>\n\n\n\n<p>&#8211; Clubes de Barrio y de Pueblo registrados, asociaciones de Bomberos Voluntarios registrados, entidades de Bien P\u00fablico sin fines de lucro y organizaciones comunitarias sin fines de lucro con reconocimiento municipal.<\/p>\n\n\n\n<p><strong><span style=\"background-color:#9a1b22\" class=\"td_text_highlight_marker\">Los objetivos<\/span><\/strong><br>La reglamentaci\u00f3n de la Prestaci\u00f3n B\u00e1sica Universal obligatoria (PBU) es una \u00abinequ\u00edvoca se\u00f1al de pol\u00edtica p\u00fablica dirigida a sostener la asequibilidad a servicios esenciales para millones de argentinas y argentinos beneficiarios de planes sociales\u00bb, afirmaron desde Jefatura de Gabinete.<\/p>\n\n\n\n<p>Para el gobierno nacional, esta medida se inscribe en una \u00abpol\u00edtica inclusiva con eje en la incorporaci\u00f3n de la reglamentaci\u00f3n asim\u00e9trica del DNU 690\/20, reclamada por PyMEs y cooperativas y planteada por el presidente Alberto Fern\u00e1ndez; la implementaci\u00f3n del Fondo de Servicio Universal al servicio de la conectividad de barrios populares, zonas rurales y semi-rurales y la plena marcha del Plan Conectar; y la formalizaci\u00f3n del Reglamento de Compartici\u00f3n de Infraestructuras Pasivas, que habilita marcos de competencia en un sector cuyas redes e infraestructuras son esenciales para la producci\u00f3n, el trabajo y la vida cotidiana\u00bb.<\/p>\n\n\n\n<p class=\"has-text-align-right\"><strong><em>Telam.-<\/em><\/strong><\/p>\n","protected":false},"excerpt":{"rendered":"<p>En el caso de la telefon\u00eda m\u00f3vil tendr\u00e1 un precio de $150 bajo el sistema prepago, mientras que en la telefon\u00eda fija ser\u00e1 de $380 por mes. La prestaci\u00f3n se implementar\u00e1 desde el 1 de enero<\/p>\n","protected":false},"author":2,"featured_media":2746,"comment_status":"open","ping_status":"open","sticky":false,"template":"","format":"standard","meta":{"jnews-multi-image_gallery":[],"jnews_single_post":[],"jnews_primary_category":[],"jnews_social_meta":[],"jnews_review":[],"enable_review":"","type":"","name":"","summary":"","brand":"","sku":"","good":[],"bad":[],"score_override":"","override_value":"","rating":[],"price":[],"jnews_override_counter":[],"jnews_post_split":[],"footnotes":""},"categories":[43,58],"tags":[44,45],"class_list":["post-2745","post","type-post","status-publish","format-standard","has-post-thumbnail","hentry","category-actualidad","category-argentina","tag-argentina","tag-noticias"],"amp_enabled":true,"_links":{"self":[{"href":"https:\/\/esreviral.com\/index.php?rest_route=\/wp\/v2\/posts\/2745"}],"collection":[{"href":"https:\/\/esreviral.com\/index.php?rest_route=\/wp\/v2\/posts"}],"about":[{"href":"https:\/\/esreviral.com\/index.php?rest_route=\/wp\/v2\/types\/post"}],"author":[{"embeddable":true,"href":"https:\/\/esreviral.com\/index.php?rest_route=\/wp\/v2\/users\/2"}],"replies":[{"embeddable":true,"href":"https:\/\/esreviral.com\/index.php?rest_route=%2Fwp%2Fv2%2Fcomments&post=2745"}],"version-history":[{"count":0,"href":"https:\/\/esreviral.com\/index.php?rest_route=\/wp\/v2\/posts\/2745\/revisions"}],"wp:featuredmedia":[{"embeddable":true,"href":"https:\/\/esreviral.com\/index.php?rest_route=\/"}],"wp:attachment":[{"href":"https:\/\/esreviral.com\/index.php?rest_route=%2Fwp%2Fv2%2Fmedia&parent=2745"}],"wp:term":[{"taxonomy":"category","embeddable":true,"href":"https:\/\/esreviral.com\/index.php?rest_route=%2Fwp%2Fv2%2Fcategories&post=2745"},{"taxonomy":"post_tag","embeddable":true,"href":"https:\/\/esreviral.com\/index.php?rest_route=%2Fwp%2Fv2%2Ftags&post=2745"}],"curies":[{"name":"wp","href":"https:\/\/api.w.org\/{rel}","templated":true}]}}