{"id":2742,"date":"2020-12-18T19:20:03","date_gmt":"2020-12-18T19:20:03","guid":{"rendered":"http:\/\/esreviral.com\/?p=2742"},"modified":"2020-12-18T19:20:03","modified_gmt":"2020-12-18T19:20:03","slug":"jonathan-acosta-une-con-su-musica-a-las-familias-venezolanas-y-latinas","status":"publish","type":"post","link":"https:\/\/esreviral.com\/?p=2742","title":{"rendered":"Jonathan Acosta une con su m\u00fasica  a las familias venezolanas y latinas"},"content":{"rendered":"\n<p>El reconocido cantautor venezolano, Jonathan Acosta, cierra este desafiante a\u00f1o 2020 con broche de oro y uniendo familias con un hermoso concierto <em>on line<\/em> de Navidad.<\/p>\n\n\n\n<p>La Nueva Voz de Am\u00e9rica, como se le conoce en los Estados Unidos por su canto de integraci\u00f3n latinoamericana, estar\u00e1 ofreciendo un Concierto de Navidad <em>on line<\/em> este s\u00e1bado 19 de Diciembre, que promete estar lleno de alegr\u00eda, sentimiento y esencia familiar, buena m\u00fasica y varios elementos de producci\u00f3n innovadores.<\/p>\n\n\n\n<p>En el espect\u00e1culo navide\u00f1o se incorporar\u00e1n un Santa Claus animado que interactuar\u00e1 con Jonathan Acosta durante el show, creado por el reconocido caricaturista venezolano, Bladimir Nieves y un Santa real caracterizado por el actor de teatro de talla internacional Iv\u00e1n D\u00edaz, combinado con un infaltable pesebre.<\/p>\n\n\n\n<p>Asimismo, contar\u00e1 con la participaci\u00f3n especial de la soprano Fabiola Rosill\u00f3n, ex integrante de la reconocida Cantor\u00eda de M\u00e9rida y actual vocalista del Grupo TEPUY. Un elenco de m\u00fasicos extraordinarios de diferentes nacionalidades (Rep. Dominicana, El Salvador, Colombia, Norte Am\u00e9rica) estar\u00e1n acompa\u00f1ando al cantautor venezolano en la interpretaci\u00f3n de un variado repertorio de m\u00fasica navide\u00f1a del Continente (Aguinaldos, Gaitas, Guarachas y Villancicos cl\u00e1sicos) Hasta algunas canciones de Billo&#8217;s Caracas Boys saldr\u00e1n a relucir.<\/p>\n\n\n\n<p>La producci\u00f3n audiovisual estar\u00e1 a cargo de la reconocida productora estadounidense Bravo Films and Media y La Butaca Hispana de M\u00fasica y Arte Contempor\u00e1nea, bajo la direcci\u00f3n general de Mayra Sulbar\u00e1n.<\/p>\n\n\n\n<p>El concierto se transmitir\u00e1 en vivo desde el emblem\u00e1tico Teatro Hispano Gala de la capital de los Estados Unidos a las 7:00 PM hora Venezuela y 8:00 PM hora este de Estados Unidos.<\/p>\n\n\n\n<p><br>Las personas podr\u00e1n conectarse a trav\u00e9s del <a href=\"https:\/\/play.webvideocore.net\/popplayer.php?it=6xtm7kmjyaw4&amp;is_link=1&amp;w=720&amp;h=405&amp;pause=1&amp;title=Concierto+de+Navidad&amp;skin=3&amp;repeat=&amp;brandNW=1&amp;start_volume=100&amp;bg_gradient1=%23ffffff&amp;bg_gradient2=%23e9e9e9&amp;fullscreen=1&amp;fs_mode=2&amp;skinAlpha=50&amp;colorBase=%23250864&amp;colorIcon=%23ffffff&amp;colorHighlight=%237f54f8&amp;direct=false&amp;no_ctrl=&amp;auto_hide=1&amp;viewers_limit=0&amp;cc_position=bottom&amp;cc_positionOffset=70&amp;cc_multiplier=0.03&amp;cc_textColor=%23ffffff&amp;cc_textOutlineColor=%23ffffff&amp;cc_bkgColor=%23000000&amp;cc_bkgAlpha=0.1&amp;image=https:\/\/member.streamingvideoprovider.com\/panel\/server\/clip%3Fa%3DGenerateThumbnail%26clip_id%3D3198823%26size%3Dlarge&amp;mainBg_Color=%23ffffff&amp;aspect_ratio=16:9&amp;play_button=1&amp;play_button_style=pulsing&amp;sleek_player=1&amp;stretch=\">www.jonathanacosta.org<\/a> en directo y en diferido en el horario de su preferencia, ya que el concierto estar\u00e1 disponible para todas las personas que decidan disfrutar de ese estelar momento de Navidad.<\/p>\n\n\n\n<p>Acosta sostiene que con el concierto busca \u00abofrecer un punto de encuentro a las familias venezolanas y latinas, acortando las distancias a trav\u00e9s de la m\u00fasica y la tecnolog\u00eda, son tiempos de cambio y transformaci\u00f3n en los que tenemos que estar m\u00e1s unidos que nunca y conectados con nuestra esencia, alegr\u00eda y tradiciones\u00bb .<br><\/p>\n","protected":false},"excerpt":{"rendered":"<p>El reconocido cantautor venezolano, Jonathan Acosta, cierra este desafiante a\u00f1o 2020 con broche de oro y uniendo familias con un hermoso concierto on line de Navidad. La Nueva Voz de Am\u00e9rica, como se le conoce en los Estados Unidos por su canto de integraci\u00f3n latinoamericana, estar\u00e1 ofreciendo un Concierto de Navidad on line este s\u00e1bado [&hellip;]<\/p>\n","protected":false},"author":2,"featured_media":2743,"comment_status":"open","ping_status":"open","sticky":false,"template":"","format":"standard","meta":{"jnews-multi-image_gallery":[],"jnews_single_post":[],"jnews_primary_category":[],"jnews_social_meta":[],"jnews_review":[],"enable_review":"","type":"","name":"","summary":"","brand":"","sku":"","good":[],"bad":[],"score_override":"","override_value":"","rating":[],"price":[],"jnews_override_counter":[],"jnews_post_split":[],"footnotes":""},"categories":[50],"tags":[165,53],"class_list":["post-2742","post","type-post","status-publish","format-standard","has-post-thumbnail","hentry","category-entretenimiento","tag-espectaculos","tag-farandula"],"amp_enabled":true,"_links":{"self":[{"href":"https:\/\/esreviral.com\/index.php?rest_route=\/wp\/v2\/posts\/2742"}],"collection":[{"href":"https:\/\/esreviral.com\/index.php?rest_route=\/wp\/v2\/posts"}],"about":[{"href":"https:\/\/esreviral.com\/index.php?rest_route=\/wp\/v2\/types\/post"}],"author":[{"embeddable":true,"href":"https:\/\/esreviral.com\/index.php?rest_route=\/wp\/v2\/users\/2"}],"replies":[{"embeddable":true,"href":"https:\/\/esreviral.com\/index.php?rest_route=%2Fwp%2Fv2%2Fcomments&post=2742"}],"version-history":[{"count":0,"href":"https:\/\/esreviral.com\/index.php?rest_route=\/wp\/v2\/posts\/2742\/revisions"}],"wp:featuredmedia":[{"embeddable":true,"href":"https:\/\/esreviral.com\/index.php?rest_route=\/"}],"wp:attachment":[{"href":"https:\/\/esreviral.com\/index.php?rest_route=%2Fwp%2Fv2%2Fmedia&parent=2742"}],"wp:term":[{"taxonomy":"category","embeddable":true,"href":"https:\/\/esreviral.com\/index.php?rest_route=%2Fwp%2Fv2%2Fcategories&post=2742"},{"taxonomy":"post_tag","embeddable":true,"href":"https:\/\/esreviral.com\/index.php?rest_route=%2Fwp%2Fv2%2Ftags&post=2742"}],"curies":[{"name":"wp","href":"https:\/\/api.w.org\/{rel}","templated":true}]}}