{"id":27394,"date":"2022-12-07T14:31:56","date_gmt":"2022-12-07T19:31:56","guid":{"rendered":"https:\/\/esreviral.com\/?p=27394"},"modified":"2022-12-07T14:33:07","modified_gmt":"2022-12-07T19:33:07","slug":"argentina-pide-que-se-mantenga-el-orden-constitucional-en-peru","status":"publish","type":"post","link":"https:\/\/esreviral.com\/?p=27394","title":{"rendered":"Argentina pide que se mantenga el orden constitucional en Per\u00fa"},"content":{"rendered":"\n<p>El Gobierno de Argentina, a trav\u00e9s de un breve comunicado, manifest\u00f3 su preocupaci\u00f3n por la situaci\u00f3n pol\u00edtica de Per\u00fa, luego que Pedro Castillo, anulara el congreso de manera constitucional y hora despu\u00e9s, el parlamento lo destituyera a \u00e9l de su cargo. <\/p>\n\n\n\n<p>\u00abArgentina lamenta y expresa su profunda preocupaci\u00f3n por la crisis pol\u00edtica que atraviesa la hermana Rep\u00fablica del Per\u00fa\u00bb, escribieron a trav\u00e9s de un tuit de la cuenta oficial de la canciller\u00eda. <\/p>\n\n\n\n<p>R\u00e1pidamente hubo reacciones de los internautas quienes reclamaron que condenaran el acto como un \u00abgolpe de Estado\u00bb. <\/p>\n\n\n\n<p>Lea tambi\u00e9n:  <\/p>\n\n\n\n<figure class=\"wp-block-embed is-type-rich is-provider-twitter wp-block-embed-twitter\"><div class=\"wp-block-embed__wrapper\">\n<blockquote class=\"twitter-tweet\" data-width=\"500\" data-dnt=\"true\"><p lang=\"es\" dir=\"ltr\">Argentina lamenta y expresa su profunda preocupaci\u00f3n por la crisis pol\u00edtica que atraviesa la hermana Rep\u00fablica del Per\u00fa, y hace un llamado a todos los actores pol\u00edticos y sociales a que se resguarden las instituciones democr\u00e1ticas, el estado de derecho y el orden constitucional.<\/p>&mdash; Canciller\u00eda Argentina \ud83c\udde6\ud83c\uddf7 (@Cancilleria_Ar) <a href=\"https:\/\/twitter.com\/Cancilleria_Ar\/status\/1600558235123073032?ref_src=twsrc%5Etfw\">December 7, 2022<\/a><\/blockquote><script async src=\"https:\/\/platform.twitter.com\/widgets.js\" charset=\"utf-8\"><\/script>\n<\/div><\/figure>\n\n\n\n<p><\/p>\n","protected":false},"excerpt":{"rendered":"<p>El Gobierno de Argentina, a trav\u00e9s de un breve comunicado, manifest\u00f3 su preocupaci\u00f3n por la situaci\u00f3n pol\u00edtica de Per\u00fa, luego que Pedro Castillo, anulara el congreso de manera constitucional y hora despu\u00e9s, el parlamento lo destituyera a \u00e9l de su cargo. \u00abArgentina lamenta y expresa su profunda preocupaci\u00f3n por la crisis pol\u00edtica que atraviesa la [&hellip;]<\/p>\n","protected":false},"author":2,"featured_media":27395,"comment_status":"closed","ping_status":"closed","sticky":false,"template":"","format":"standard","meta":{"jnews-multi-image_gallery":[],"jnews_single_post":{"subtitle":"","format":"standard","video":"","gallery":"","source_name":"","source_url":"","via_name":"","via_url":"","override_template":"0","override":[{"template":"4","single_blog_custom":"","parallax":"1","fullscreen":"1","layout":"right-sidebar","sidebar":"default-sidebar","second_sidebar":"default-sidebar","sticky_sidebar":"1","share_position":"top","share_float_style":"share-monocrhome","show_share_counter":"1","show_view_counter":"1","show_featured":"1","show_post_meta":"1","show_post_author":"1","show_post_author_image":"1","show_post_date":"1","post_date_format":"default","post_date_format_custom":"Y\/m\/d","show_post_category":"1","show_post_reading_time":"1","post_reading_time_wpm":"300","show_zoom_button":"1","zoom_button_out_step":"2","zoom_button_in_step":"3","show_post_tag":"1","show_prev_next_post":"1","show_popup_post":"1","number_popup_post":"1","show_author_box":"1","show_post_related":"1","show_inline_post_related":"0"}],"override_image_size":"0","image_override":[{"single_post_thumbnail_size":"crop-500","single_post_gallery_size":"crop-500"}],"trending_post":"0","trending_post_position":"meta","trending_post_label":"Trending","sponsored_post":"0","sponsored_post_label":"Sponsored by","sponsored_post_name":"","sponsored_post_url":"","sponsored_post_logo_enable":"0","sponsored_post_logo":"","sponsored_post_desc":"","disable_ad":"0"},"jnews_primary_category":{"id":"","hide":""},"jnews_social_meta":{"fb_title":"","fb_description":"","fb_image":"","twitter_title":"","twitter_description":"","twitter_image":""},"jnews_review":[],"enable_review":"0","type":"percentage","name":"","summary":"","brand":"","sku":"","good":[{"good_text":""}],"bad":[{"bad_text":""}],"score_override":"","override_value":"","rating":[{"rating_text":"","rating_number":"10"}],"price":[{"shop":"","price":"","link":"","icon":""}],"jnews_override_counter":{"override_view_counter":"0","view_counter_number":"0","override_share_counter":"0","share_counter_number":"0","override_like_counter":"0","like_counter_number":"0","override_dislike_counter":"0","dislike_counter_number":"0"},"jnews_post_split":{"enable_post_split":"0","post_split":[{"template":"1","tag":"h2","numbering":"asc","mode":"normal","first":"0","enable_toc":"0","toc_type":"normal"}]},"footnotes":""},"categories":[58,59],"tags":[86,44,45,901,232],"class_list":["post-27394","post","type-post","status-publish","format-standard","has-post-thumbnail","hentry","category-argentina","category-politica","tag-alberto-fernandez","tag-argentina","tag-noticias","tag-pedro-castillo","tag-peru"],"_links":{"self":[{"href":"https:\/\/esreviral.com\/index.php?rest_route=\/wp\/v2\/posts\/27394","targetHints":{"allow":["GET"]}}],"collection":[{"href":"https:\/\/esreviral.com\/index.php?rest_route=\/wp\/v2\/posts"}],"about":[{"href":"https:\/\/esreviral.com\/index.php?rest_route=\/wp\/v2\/types\/post"}],"author":[{"embeddable":true,"href":"https:\/\/esreviral.com\/index.php?rest_route=\/wp\/v2\/users\/2"}],"replies":[{"embeddable":true,"href":"https:\/\/esreviral.com\/index.php?rest_route=%2Fwp%2Fv2%2Fcomments&post=27394"}],"version-history":[{"count":0,"href":"https:\/\/esreviral.com\/index.php?rest_route=\/wp\/v2\/posts\/27394\/revisions"}],"wp:featuredmedia":[{"embeddable":true,"href":"https:\/\/esreviral.com\/index.php?rest_route=\/wp\/v2\/media\/27395"}],"wp:attachment":[{"href":"https:\/\/esreviral.com\/index.php?rest_route=%2Fwp%2Fv2%2Fmedia&parent=27394"}],"wp:term":[{"taxonomy":"category","embeddable":true,"href":"https:\/\/esreviral.com\/index.php?rest_route=%2Fwp%2Fv2%2Fcategories&post=27394"},{"taxonomy":"post_tag","embeddable":true,"href":"https:\/\/esreviral.com\/index.php?rest_route=%2Fwp%2Fv2%2Ftags&post=27394"}],"curies":[{"name":"wp","href":"https:\/\/api.w.org\/{rel}","templated":true}]}}