{"id":27387,"date":"2022-12-07T12:43:33","date_gmt":"2022-12-07T17:43:33","guid":{"rendered":"https:\/\/esreviral.com\/?p=27387"},"modified":"2022-12-07T12:44:52","modified_gmt":"2022-12-07T17:44:52","slug":"renuncia-masiva-de-ministro-en-peru-ante-el-auto-golpe-de-estado","status":"publish","type":"post","link":"https:\/\/esreviral.com\/?p=27387","title":{"rendered":"Renuncia masiva de ministros en Per\u00fa, ante el auto golpe de Estado"},"content":{"rendered":"\n<p>El Ministro de exteriores de Per\u00fa, C\u00e9sar Landa, renunci\u00f3 a su puesto en protesta por la disoluci\u00f3n del congreso<a href=\"https:\/\/esreviral.com\/presidente-de-peru-disuelve-el-congreso-y-gobernara-por-decretos-de-ley\/\">, impuesta por el presidente Pedro Castillo, quien anunci\u00f3 que gobernar\u00e1 por decretos de ley. <\/a><\/p>\n\n\n\n<p><strong>Landa calific\u00f3 como un \u201cautogope de Estado\u201d y llam\u00f3 a la comunidad internacional \u201ca ayudar al re-encausamiento democr\u00e1tico en Per\u00fa. Castillo tom\u00f3 esta decisi\u00f3n sin mi conocimiento ni apoyo\u201d<\/strong>, dijo.<\/p>\n\n\n\n<figure class=\"wp-block-embed is-type-rich is-provider-twitter wp-block-embed-twitter\"><div class=\"wp-block-embed__wrapper\">\n<blockquote class=\"twitter-tweet\" data-width=\"500\" data-dnt=\"true\"><p lang=\"es\" dir=\"ltr\">En estricto apego a mis convicciones y valores democr\u00e1ticos y constitucionales, he decidido renunciar irrevocablemente al cargo de Ministro de Relaciones Exteriores, ante la decisi\u00f3n del Pesidente Castillo de cerrar el Congreso de la Rep\u00fablica, violando la Constituci\u00f3n.<\/p>&mdash; C\u00e9sar Landa (@CesarLanda0) <a href=\"https:\/\/twitter.com\/CesarLanda0\/status\/1600537174469926912?ref_src=twsrc%5Etfw\">December 7, 2022<\/a><\/blockquote><script async src=\"https:\/\/platform.twitter.com\/widgets.js\" charset=\"utf-8\"><\/script>\n<\/div><\/figure>\n\n\n\n<p>Kurt Burneo, ministro de econom\u00eda de Per\u00fa, tambi\u00e9n rechaz\u00f3 la decisi\u00f3n del ejecutivo y puso su cargo a la orden. <\/p>\n\n\n\n<figure class=\"wp-block-embed is-type-rich is-provider-twitter wp-block-embed-twitter\"><div class=\"wp-block-embed__wrapper\">\n<blockquote class=\"twitter-tweet\" data-width=\"500\" data-dnt=\"true\"><p lang=\"es\" dir=\"ltr\">Habi\u00e9ndose vulnerado el Estado de Derecho y en la l\u00ednea con mis principios democr\u00e1ticos, presento mi renuncia irrevocable al cargo de ministro de Econom\u00eda y Finanzas.<\/p>&mdash; Kurt Burneo (@KurtBurneo) <a href=\"https:\/\/twitter.com\/KurtBurneo\/status\/1600537526619590660?ref_src=twsrc%5Etfw\">December 7, 2022<\/a><\/blockquote><script async src=\"https:\/\/platform.twitter.com\/widgets.js\" charset=\"utf-8\"><\/script>\n<\/div><\/figure>\n\n\n\n<p>Entre tanto, el ministro de justicia y derecho humanos, F\u00e9lix Chero Medina, se uni\u00f3 a sus similares y renunci\u00f3. <\/p>\n\n\n\n<figure class=\"wp-block-embed is-type-rich is-provider-twitter wp-block-embed-twitter\"><div class=\"wp-block-embed__wrapper\">\n<blockquote class=\"twitter-tweet\" data-width=\"500\" data-dnt=\"true\"><p lang=\"es\" dir=\"ltr\">Respetuoso de la institucionalidad democr\u00e1tica y ante el anuncio del cierre del Congreso y la conformaci\u00f3n de un gobierno de emergencia nacional, renuncio irrevocablemente a mi cargo de ministro de Justicia y Derechos Humanos.<\/p>&mdash; F\u00e9lix Chero Medina (@FelixCheroM) <a href=\"https:\/\/twitter.com\/FelixCheroM\/status\/1600538428709519370?ref_src=twsrc%5Etfw\">December 7, 2022<\/a><\/blockquote><script async src=\"https:\/\/platform.twitter.com\/widgets.js\" charset=\"utf-8\"><\/script>\n<\/div><\/figure>\n","protected":false},"excerpt":{"rendered":"<p>El Ministro de exteriores de Per\u00fa, C\u00e9sar Landa, renunci\u00f3 a su puesto en protesta por la disoluci\u00f3n del congreso, impuesta por el presidente Pedro Castillo, quien anunci\u00f3 que gobernar\u00e1 por decretos de ley. Landa calific\u00f3 como un \u201cautogope de Estado\u201d y llam\u00f3 a la comunidad internacional \u201ca ayudar al re-encausamiento democr\u00e1tico en Per\u00fa. Castillo tom\u00f3 [&hellip;]<\/p>\n","protected":false},"author":2,"featured_media":27388,"comment_status":"closed","ping_status":"closed","sticky":false,"template":"","format":"standard","meta":{"jnews-multi-image_gallery":[],"jnews_single_post":{"subtitle":"","format":"standard","video":"","gallery":"","source_name":"","source_url":"","via_name":"","via_url":"","override_template":"0","override":[{"template":"4","single_blog_custom":"","parallax":"1","fullscreen":"1","layout":"right-sidebar","sidebar":"default-sidebar","second_sidebar":"default-sidebar","sticky_sidebar":"1","share_position":"top","share_float_style":"share-monocrhome","show_share_counter":"1","show_view_counter":"1","show_featured":"1","show_post_meta":"1","show_post_author":"1","show_post_author_image":"1","show_post_date":"1","post_date_format":"default","post_date_format_custom":"Y\/m\/d","show_post_category":"1","show_post_reading_time":"1","post_reading_time_wpm":"300","show_zoom_button":"1","zoom_button_out_step":"2","zoom_button_in_step":"3","show_post_tag":"1","show_prev_next_post":"1","show_popup_post":"1","number_popup_post":"1","show_author_box":"1","show_post_related":"1","show_inline_post_related":"0"}],"override_image_size":"0","image_override":[{"single_post_thumbnail_size":"crop-500","single_post_gallery_size":"crop-500"}],"trending_post":"0","trending_post_position":"meta","trending_post_label":"Trending","sponsored_post":"0","sponsored_post_label":"Sponsored by","sponsored_post_name":"","sponsored_post_url":"","sponsored_post_logo_enable":"0","sponsored_post_logo":"","sponsored_post_desc":"","disable_ad":"0"},"jnews_primary_category":{"id":"","hide":""},"jnews_social_meta":{"fb_title":"","fb_description":"","fb_image":"","twitter_title":"","twitter_description":"","twitter_image":""},"jnews_review":[],"enable_review":"0","type":"percentage","name":"","summary":"","brand":"","sku":"","good":[{"good_text":""}],"bad":[{"bad_text":""}],"score_override":"","override_value":"","rating":[{"rating_text":"","rating_number":"10"}],"price":[{"shop":"","price":"","link":"","icon":""}],"jnews_override_counter":{"override_view_counter":"0","view_counter_number":"0","override_share_counter":"0","share_counter_number":"0","override_like_counter":"0","like_counter_number":"0","override_dislike_counter":"0","dislike_counter_number":"0"},"jnews_post_split":{"enable_post_split":"0","post_split":[{"template":"1","tag":"h2","numbering":"asc","mode":"normal","first":"0","enable_toc":"0","toc_type":"normal"}]},"footnotes":""},"categories":[88,59],"tags":[45,901,232,5628],"class_list":["post-27387","post","type-post","status-publish","format-standard","has-post-thumbnail","hentry","category-internacionales","category-politica","tag-noticias","tag-pedro-castillo","tag-peru","tag-venezolanos-en-peru-2"],"amp_enabled":true,"_links":{"self":[{"href":"https:\/\/esreviral.com\/index.php?rest_route=\/wp\/v2\/posts\/27387"}],"collection":[{"href":"https:\/\/esreviral.com\/index.php?rest_route=\/wp\/v2\/posts"}],"about":[{"href":"https:\/\/esreviral.com\/index.php?rest_route=\/wp\/v2\/types\/post"}],"author":[{"embeddable":true,"href":"https:\/\/esreviral.com\/index.php?rest_route=\/wp\/v2\/users\/2"}],"replies":[{"embeddable":true,"href":"https:\/\/esreviral.com\/index.php?rest_route=%2Fwp%2Fv2%2Fcomments&post=27387"}],"version-history":[{"count":0,"href":"https:\/\/esreviral.com\/index.php?rest_route=\/wp\/v2\/posts\/27387\/revisions"}],"wp:featuredmedia":[{"embeddable":true,"href":"https:\/\/esreviral.com\/index.php?rest_route=\/wp\/v2\/media\/27388"}],"wp:attachment":[{"href":"https:\/\/esreviral.com\/index.php?rest_route=%2Fwp%2Fv2%2Fmedia&parent=27387"}],"wp:term":[{"taxonomy":"category","embeddable":true,"href":"https:\/\/esreviral.com\/index.php?rest_route=%2Fwp%2Fv2%2Fcategories&post=27387"},{"taxonomy":"post_tag","embeddable":true,"href":"https:\/\/esreviral.com\/index.php?rest_route=%2Fwp%2Fv2%2Ftags&post=27387"}],"curies":[{"name":"wp","href":"https:\/\/api.w.org\/{rel}","templated":true}]}}