{"id":27373,"date":"2022-12-07T10:42:14","date_gmt":"2022-12-07T15:42:14","guid":{"rendered":"https:\/\/esreviral.com\/?p=27373"},"modified":"2022-12-07T10:42:15","modified_gmt":"2022-12-07T15:42:15","slug":"ellos-son-los-jugadores-fuertes-que-participaron-en-su-ultimo-mundial","status":"publish","type":"post","link":"https:\/\/esreviral.com\/?p=27373","title":{"rendered":"Ellos son los jugadores + fuertes que participaron en su \u00faltimo Mundial"},"content":{"rendered":"\n<p>Un grupo de jugadores de alta gama hicieron gala de su gran talento en lo que fue la \u00faltima participaci\u00f3n en un mundial de f\u00fatbol. <\/p>\n\n\n\n<p>Y es que, con la eliminaci\u00f3n de Espa\u00f1a y por a\u00f1adidura la de Sergio Busquets y trascart\u00f3n la de Suiza, ya son decenas de buenos, muy buenos y excelentes futbolistas que por mero imperativo biol\u00f3gico se han despedido de los Mundiales en Qatar 2022.<\/p>\n\n\n\n<p>Emblema del campe\u00f3n del mundo de 2010 en Sud\u00e1frica, a los 34 a\u00f1os el catal\u00e1n Busquets cierra un ciclo de 143 partidos, lo cual lo coloca en el tercer puesto de ranking de asistencias de Espa\u00f1a, solo por detr\u00e1s de Iker Casillas (167) y Sergio Ramos (180).<\/p>\n\n\n\n<figure class=\"wp-block-image size-large\"><img decoding=\"async\" src=\"https:\/\/www.telam.com.ar\/thumbs\/bluesteel\/advf\/imagenes\/2022\/11\/6383b93a863f6_1200.jpg\" alt=\"\"\/><\/figure>\n\n\n\n<p>En una situaci\u00f3n an\u00e1loga se encuentra el lateral Jordi Alba, de 33 a\u00f1os y 90 partidos internacionales.<\/p>\n\n\n\n<p>En Suiza, aplastado a manos de Portugal por un resultado ten\u00edstico de 6-1, el recambio generacional ser\u00e1 todav\u00eda m\u00e1s<br>pronunciado.<\/p>\n\n\n\n<figure class=\"wp-block-image\"><a href=\"javascript:void(0);\"><img decoding=\"async\" src=\"https:\/\/www.telam.com.ar\/thumbs\/bluesteel\/advf\/imagenes\/2022\/12\/638909cc1449d_1200.jpg\" alt=\"Keylor Navas Foto Maximiliano Luna\"\/><\/a><figcaption class=\"wp-element-caption\">Keylor Navas. Foto Maximiliano Luna<\/figcaption><\/figure>\n\n\n\n<p>Acaso se hayan despedido de la Copa del Mundo el arquero Yoel Sommer (pr\u00f3ximo a cumplir 34 a\u00f1os); el lateral izquierdo Ricardo Rodr\u00edguez (30); el central Fabi\u00e1n Schar (30; los mediocampistas Remo Freuler (30) y Granit Xhaka (30) y los delanteros Fabi\u00e1n Frei (33), Haris Seferovic (30) y Xerdan Shaqiri (31).<\/p>\n\n\n\n<figure class=\"wp-block-image\"><a href=\"javascript:void(0);\"><img decoding=\"async\" src=\"https:\/\/www.telam.com.ar\/thumbs\/bluesteel\/advf\/imagenes\/2022\/11\/637f74226c133_1200.jpg\" alt=\"Diego Godn Foto Maximiliano Luna\"\/><\/a><figcaption class=\"wp-element-caption\">Diego God\u00edn. Foto Maximiliano Luna<\/figcaption><\/figure>\n\n\n\n<p>As\u00ed las cosas, no est\u00e1 de m\u00e1s examinar el plantel de otras selecciones con verdaderos \u00edconos cuyas chances de volver a jugar un Mundial son remotas o nulas:<\/p>\n\n\n\n<p>Uruguay: Fernando Muslera (36 a\u00f1os), Mart\u00edn C\u00e1ceres (35), Diego God\u00edn (36), Luis Su\u00e1rez y Edinson Cavani (35).<\/p>\n\n\n\n<p>Alemania: Manuel Neuer (36) y Thomas M\u00fcller (33).<\/p>\n\n\n\n<p>Dinamarca: Kasper Schmeichel (36), Simon Kjaer (33), Daniel Wass (33) y Martin Brathwhite (31).<\/p>\n\n\n\n<p>B\u00e9lgica: Sim\u00f3n Mignolet (34), Toby Alderweireld (33), Jan Vertonghen (35), Axel Witsel (33) y Dries Mertens (35).<\/p>\n\n\n\n<p>Ghana: Denis Odoi (34), Andr\u00e9 Ayew (32) y Jordan Ayew (31).<\/p>\n\n\n\n<p>Costa Rica: Keylor Navas (35), Oscar Duarte (33), Kendall Waston (34), Celso Borges (34), Bryan Ruiz (37).<\/p>\n\n\n\n<p>Camer\u00fan: Nicolas NKolou (32) y Eric Maxim Choupo-Moting (33).<\/p>\n\n\n\n<p>M\u00e9xico: Memo Ochoa (37), Alfredo Talavera (40), Rodolfo Cota (35), H\u00e9ctor Moreno (34) y Andr\u00e9s Guardado (36),<\/p>\n\n\n\n<p>Serbia; Dusan Tadic (34).<\/p>\n\n\n\n<p>Ecuador: Hector Galindez (35), Angel Mena (34), Enner Valencia (33).<\/p>\n\n\n\n<p>Gales: Gareth Bale (33).<\/p>\n\n\n\n<p>Corea del Sur: Kim Seung-Gyu (32), Kim Tae-Wan (35), Jung Woo-Young (32) y Hong-Chul (32).<\/p>\n\n\n\n<p class=\"has-text-align-right\"><strong><em>Con informaci\u00f3n de Telam.-<\/em><\/strong><\/p>\n","protected":false},"excerpt":{"rendered":"<p>Un grupo de jugadores de alta gama hicieron gala de su gran talento en lo que fue la \u00faltima participaci\u00f3n en un mundial de f\u00fatbol. Y es que, con la eliminaci\u00f3n de Espa\u00f1a y por a\u00f1adidura la de Sergio Busquets y trascart\u00f3n la de Suiza, ya son decenas de buenos, muy buenos y excelentes futbolistas [&hellip;]<\/p>\n","protected":false},"author":2,"featured_media":27374,"comment_status":"open","ping_status":"closed","sticky":false,"template":"","format":"standard","meta":{"jnews-multi-image_gallery":[],"jnews_single_post":{"subtitle":"","format":"standard","video":"","gallery":"","source_name":"","source_url":"","via_name":"","via_url":"","override_template":"0","override":[{"template":"4","single_blog_custom":"","parallax":"1","fullscreen":"1","layout":"right-sidebar","sidebar":"default-sidebar","second_sidebar":"default-sidebar","sticky_sidebar":"1","share_position":"top","share_float_style":"share-monocrhome","show_share_counter":"1","show_view_counter":"1","show_featured":"1","show_post_meta":"1","show_post_author":"1","show_post_author_image":"1","show_post_date":"1","post_date_format":"default","post_date_format_custom":"Y\/m\/d","show_post_category":"1","show_post_reading_time":"1","post_reading_time_wpm":"300","show_zoom_button":"1","zoom_button_out_step":"2","zoom_button_in_step":"3","show_post_tag":"1","show_prev_next_post":"1","show_popup_post":"1","number_popup_post":"1","show_author_box":"1","show_post_related":"1","show_inline_post_related":"0"}],"override_image_size":"0","image_override":[{"single_post_thumbnail_size":"crop-500","single_post_gallery_size":"crop-500"}],"trending_post":"0","trending_post_position":"meta","trending_post_label":"Trending","sponsored_post":"0","sponsored_post_label":"Sponsored by","sponsored_post_name":"","sponsored_post_url":"","sponsored_post_logo_enable":"0","sponsored_post_logo":"","sponsored_post_desc":"","disable_ad":"0"},"jnews_primary_category":[],"jnews_social_meta":{"fb_title":"","fb_description":"","fb_image":"","twitter_title":"","twitter_description":"","twitter_image":""},"jnews_review":[],"enable_review":"0","type":"percentage","name":"","summary":"","brand":"","sku":"","good":[{"good_text":""}],"bad":[{"bad_text":""}],"score_override":"","override_value":"","rating":[{"rating_text":"","rating_number":"10"}],"price":[{"shop":"","price":"","link":"","icon":""}],"jnews_override_counter":{"override_view_counter":"0","view_counter_number":"0","override_share_counter":"0","share_counter_number":"0","override_like_counter":"0","like_counter_number":"0","override_dislike_counter":"0","dislike_counter_number":"0"},"jnews_post_split":{"enable_post_split":"0","post_split":[{"template":"1","tag":"h2","numbering":"asc","mode":"normal","first":"0","enable_toc":"0","toc_type":"normal"}]},"footnotes":""},"categories":[74],"tags":[73,45],"class_list":["post-27373","post","type-post","status-publish","format-standard","has-post-thumbnail","hentry","category-mundial-qatar-2022","tag-mundial-de-qatar-2022","tag-noticias"],"_links":{"self":[{"href":"https:\/\/esreviral.com\/index.php?rest_route=\/wp\/v2\/posts\/27373","targetHints":{"allow":["GET"]}}],"collection":[{"href":"https:\/\/esreviral.com\/index.php?rest_route=\/wp\/v2\/posts"}],"about":[{"href":"https:\/\/esreviral.com\/index.php?rest_route=\/wp\/v2\/types\/post"}],"author":[{"embeddable":true,"href":"https:\/\/esreviral.com\/index.php?rest_route=\/wp\/v2\/users\/2"}],"replies":[{"embeddable":true,"href":"https:\/\/esreviral.com\/index.php?rest_route=%2Fwp%2Fv2%2Fcomments&post=27373"}],"version-history":[{"count":0,"href":"https:\/\/esreviral.com\/index.php?rest_route=\/wp\/v2\/posts\/27373\/revisions"}],"wp:featuredmedia":[{"embeddable":true,"href":"https:\/\/esreviral.com\/index.php?rest_route=\/wp\/v2\/media\/27374"}],"wp:attachment":[{"href":"https:\/\/esreviral.com\/index.php?rest_route=%2Fwp%2Fv2%2Fmedia&parent=27373"}],"wp:term":[{"taxonomy":"category","embeddable":true,"href":"https:\/\/esreviral.com\/index.php?rest_route=%2Fwp%2Fv2%2Fcategories&post=27373"},{"taxonomy":"post_tag","embeddable":true,"href":"https:\/\/esreviral.com\/index.php?rest_route=%2Fwp%2Fv2%2Ftags&post=27373"}],"curies":[{"name":"wp","href":"https:\/\/api.w.org\/{rel}","templated":true}]}}