{"id":2736,"date":"2020-12-18T17:46:33","date_gmt":"2020-12-18T17:46:33","guid":{"rendered":"http:\/\/esreviral.com\/?p=2736"},"modified":"2020-12-18T17:46:33","modified_gmt":"2020-12-18T17:46:33","slug":"parranda-navidena-al-estilo-venezolano-se-celebrara-este-sabado","status":"publish","type":"post","link":"https:\/\/esreviral.com\/?p=2736","title":{"rendered":"Parranda Navide\u00f1a al estilo venezolano, se celebrar\u00e1 este s\u00e1bado"},"content":{"rendered":"\n<p><strong><em>CIS.- <\/em><\/strong>Como un impulso a las mujeres emprendedoras venezolanas en Argentina, un grupo de personas decidi\u00f3 realizar una feria en esta \u00e9poca para adem\u00e1s recordar c\u00f3mo se viv\u00eda en otrora la misma, explic\u00f3 Rub\u00ed G\u00f3mez, una de las organizadoras. <\/p>\n\n\n\n<p>\u00abHabr\u00e1n art\u00edculos artesanales, comida y m\u00fasica en vivo tanto argentina como venezolana, porque la idea es dar a conocer el programa\u00bb, dijo G\u00f3mez, quien hizo hincapi\u00e9 en que se recolectar\u00e1 ropa para los ni\u00f1os migrantes m\u00e1s necesitados. <\/p>\n\n\n\n<p>La actividad se llevar\u00e1 a cabo este s\u00e1bado 19 de diciembre en Belgrano 732, Avellaneda.<\/p>\n\n\n\n<p>Si alguien desea colaborar puede escribir a trav\u00e9s del instagram @advenezolanas<\/p>\n\n\n\n<figure class=\"wp-block-image size-large\"><img decoding=\"async\" src=\"http:\/\/esreviral.com\/wp-content\/uploads\/2020\/12\/WhatsApp-Image-2020-12-18-at-12.15.16-PM-1024x536.jpeg\" alt=\"\" class=\"wp-image-2737\"\/><\/figure>\n","protected":false},"excerpt":{"rendered":"<p>Habr\u00e1 m\u00fasica en vivo, venta de comida y art\u00edculos artesanales<\/p>\n","protected":false},"author":2,"featured_media":2738,"comment_status":"open","ping_status":"open","sticky":false,"template":"","format":"standard","meta":{"jnews-multi-image_gallery":[],"jnews_single_post":[],"jnews_primary_category":[],"jnews_social_meta":[],"jnews_review":[],"enable_review":"","type":"","name":"","summary":"","brand":"","sku":"","good":[],"bad":[],"score_override":"","override_value":"","rating":[],"price":[],"jnews_override_counter":[],"jnews_post_split":[],"footnotes":""},"categories":[54],"tags":[45,67],"class_list":["post-2736","post","type-post","status-publish","format-standard","has-post-thumbnail","hentry","category-inmigracion","tag-noticias","tag-venezolanos-en-argentina"],"amp_enabled":true,"_links":{"self":[{"href":"https:\/\/esreviral.com\/index.php?rest_route=\/wp\/v2\/posts\/2736"}],"collection":[{"href":"https:\/\/esreviral.com\/index.php?rest_route=\/wp\/v2\/posts"}],"about":[{"href":"https:\/\/esreviral.com\/index.php?rest_route=\/wp\/v2\/types\/post"}],"author":[{"embeddable":true,"href":"https:\/\/esreviral.com\/index.php?rest_route=\/wp\/v2\/users\/2"}],"replies":[{"embeddable":true,"href":"https:\/\/esreviral.com\/index.php?rest_route=%2Fwp%2Fv2%2Fcomments&post=2736"}],"version-history":[{"count":0,"href":"https:\/\/esreviral.com\/index.php?rest_route=\/wp\/v2\/posts\/2736\/revisions"}],"wp:featuredmedia":[{"embeddable":true,"href":"https:\/\/esreviral.com\/index.php?rest_route=\/"}],"wp:attachment":[{"href":"https:\/\/esreviral.com\/index.php?rest_route=%2Fwp%2Fv2%2Fmedia&parent=2736"}],"wp:term":[{"taxonomy":"category","embeddable":true,"href":"https:\/\/esreviral.com\/index.php?rest_route=%2Fwp%2Fv2%2Fcategories&post=2736"},{"taxonomy":"post_tag","embeddable":true,"href":"https:\/\/esreviral.com\/index.php?rest_route=%2Fwp%2Fv2%2Ftags&post=2736"}],"curies":[{"name":"wp","href":"https:\/\/api.w.org\/{rel}","templated":true}]}}