{"id":2732,"date":"2020-12-18T17:16:52","date_gmt":"2020-12-18T17:16:52","guid":{"rendered":"http:\/\/esreviral.com\/?p=2732"},"modified":"2020-12-18T17:16:52","modified_gmt":"2020-12-18T17:16:52","slug":"argentina-continuara-sin-cuarentena-hasta-el-2021","status":"publish","type":"post","link":"https:\/\/esreviral.com\/?p=2732","title":{"rendered":"Argentina continuar\u00e1 sin cuarentena hasta el 2021"},"content":{"rendered":"\n<p>El presidente Alberto Fern\u00e1ndez anunci\u00f3 este mediod\u00eda que se prorrogar\u00e1 el Distanciamiento Social Preventivo y Obligatorio (DISPO) en todo el pa\u00eds hasta el 31 de enero del a\u00f1o pr\u00f3ximo, al tiempo que solicit\u00f3 a toda la sociedad extremar las medidas de cuidado en el marco de las fiestas de fin de a\u00f1o.<\/p>\n\n\n\n<p>Lo hizo al encabezar el acto de reconocimiento a trabajadoras y trabajadores sociocomunitarios que cumplieron un rol clave frente a la pandemia de COVID-19 en comedores, merenderos, jardines comunitarios y postas sanitarias de todo el pa\u00eds, en el partido bonaerense de Moreno.<\/p>\n\n\n\n<p>All\u00ed, el mandatario reconoci\u00f3 que \u201ctenemos ahora que seguir sobrellevando esto que todav\u00eda no ha terminado porque, aunque los casos bajan, nadie sabe d\u00f3nde el problema puede volver a repuntar\u201d, por lo que exhort\u00f3 a \u201cseguir prepar\u00e1ndonos y seguir conviviendo con todos los cuidados que tuvimos cuando la pandemia asom\u00f3 por primera vez\u201d.<\/p>\n\n\n\n<figure class=\"wp-block-embed-twitter wp-block-embed is-type-rich is-provider-twitter\"><div class=\"wp-block-embed__wrapper\">\n<blockquote class=\"twitter-tweet\" data-width=\"500\" data-dnt=\"true\"><p lang=\"es\" dir=\"ltr\"><a href=\"https:\/\/twitter.com\/hashtag\/18dic?src=hash&amp;ref_src=twsrc%5Etfw\">#18dic<\/a> Presidente <a href=\"https:\/\/twitter.com\/alferdez?ref_src=twsrc%5Etfw\">@alferdez<\/a> anunci\u00f3 la extensi\u00f3n del Dispo hasta el 31 de enero del 2021 <a href=\"https:\/\/t.co\/aYDqm39czf\">pic.twitter.com\/aYDqm39czf<\/a><\/p>&mdash; ES RE VIRAL (@esreviral) <a href=\"https:\/\/twitter.com\/esreviral\/status\/1339982670827294723?ref_src=twsrc%5Etfw\">December 18, 2020<\/a><\/blockquote><script async src=\"https:\/\/platform.twitter.com\/widgets.js\" charset=\"utf-8\"><\/script>\n<\/div><\/figure>\n\n\n\n<p>\u201cTodos esos cuidados que tuvimos los tenemos que profundizar ahora, en este momento, donde sentimos que los casos han bajado, nos relajamos y tenemos muchas ganas en las fiestas de acercarnos, de compartir una copa con la familia, una mesa\u201d, explic\u00f3.<\/p>\n\n\n\n<p>En esa l\u00ednea, pidi\u00f3 \u201ca todos y a cada uno de los argentinos que no se olviden de que el problema todav\u00eda lo tenemos. El problema a\u00fan no pas\u00f3\u201d.<\/p>\n\n\n\n<p>Asimismo, el jefe de Estado inform\u00f3 que estar\u00e1n llegando las primeras dosis de la vacuna Sputnik V, sobre la que afirm\u00f3: \u201cEn breve empezaremos a vacunar a los trabajadores esenciales que son los que est\u00e1n m\u00e1s expuestos y los que m\u00e1s lo necesitan con los que trabajan en la salud y las fuerzas de seguridad\u201d.<\/p>\n","protected":false},"excerpt":{"rendered":"<p>Alert\u00f3 que a\u00fan el problema no ha acabado<\/p>\n","protected":false},"author":2,"featured_media":2733,"comment_status":"open","ping_status":"open","sticky":false,"template":"","format":"standard","meta":{"jnews-multi-image_gallery":[],"jnews_single_post":[],"jnews_primary_category":[],"jnews_social_meta":[],"jnews_review":[],"enable_review":"","type":"","name":"","summary":"","brand":"","sku":"","good":[],"bad":[],"score_override":"","override_value":"","rating":[],"price":[],"jnews_override_counter":[],"jnews_post_split":[],"footnotes":""},"categories":[58],"tags":[44,77,147],"class_list":["post-2732","post","type-post","status-publish","format-standard","has-post-thumbnail","hentry","category-argentina","tag-argentina","tag-coronavirus","tag-cuarentena"],"amp_enabled":true,"_links":{"self":[{"href":"https:\/\/esreviral.com\/index.php?rest_route=\/wp\/v2\/posts\/2732"}],"collection":[{"href":"https:\/\/esreviral.com\/index.php?rest_route=\/wp\/v2\/posts"}],"about":[{"href":"https:\/\/esreviral.com\/index.php?rest_route=\/wp\/v2\/types\/post"}],"author":[{"embeddable":true,"href":"https:\/\/esreviral.com\/index.php?rest_route=\/wp\/v2\/users\/2"}],"replies":[{"embeddable":true,"href":"https:\/\/esreviral.com\/index.php?rest_route=%2Fwp%2Fv2%2Fcomments&post=2732"}],"version-history":[{"count":0,"href":"https:\/\/esreviral.com\/index.php?rest_route=\/wp\/v2\/posts\/2732\/revisions"}],"wp:featuredmedia":[{"embeddable":true,"href":"https:\/\/esreviral.com\/index.php?rest_route=\/"}],"wp:attachment":[{"href":"https:\/\/esreviral.com\/index.php?rest_route=%2Fwp%2Fv2%2Fmedia&parent=2732"}],"wp:term":[{"taxonomy":"category","embeddable":true,"href":"https:\/\/esreviral.com\/index.php?rest_route=%2Fwp%2Fv2%2Fcategories&post=2732"},{"taxonomy":"post_tag","embeddable":true,"href":"https:\/\/esreviral.com\/index.php?rest_route=%2Fwp%2Fv2%2Ftags&post=2732"}],"curies":[{"name":"wp","href":"https:\/\/api.w.org\/{rel}","templated":true}]}}