{"id":2729,"date":"2020-12-18T17:10:49","date_gmt":"2020-12-18T17:10:49","guid":{"rendered":"http:\/\/esreviral.com\/?p=2729"},"modified":"2020-12-18T17:10:49","modified_gmt":"2020-12-18T17:10:49","slug":"la-esposa-de-chyno-rompio-el-silencio-y-cuenta-todo-el-sufrimiento-que-vivio-el-luego-del-coronavirus","status":"publish","type":"post","link":"https:\/\/esreviral.com\/?p=2729","title":{"rendered":"La esposa de Chyno rompi\u00f3 el silencio y cuenta todo el sufrimiento que vivi\u00f3 \u00e9l, luego del coronavirus"},"content":{"rendered":"\n<p><strong><em>Karla Quintana.- <\/em><\/strong>El cantante venezolano Chyno Miranda, fue diagnosticado con una neuropat\u00eda perif\u00e9rica a finales de octubre en la ciudad de Miami, despu\u00e9s de contraer el COVID-19 en marzo.<\/p>\n\n\n\n<p>La esposa del Cantante, Natasha Araos, confes\u00f3 en una entrevista exclusiva a People en espa\u00f1ol que para ellos el a\u00f1o 2020 ha sido muy dif\u00edcil y complejo ya que, el cantante ten\u00eda neuropat\u00eda perif\u00e9rica en las piernas, como consecuencia del coronavirus que sufri\u00f3 en el mes de marzo y que no quiso decirlo p\u00fablicamente. <\/p>\n\n\n\n<p>\u00abTodo comenz\u00f3 con el COVID-19 que nunca contamos. Nunca quiso decirlo.  Quer\u00eda mantenerlo en privado. Luego de pasarlo, comenz\u00f3 a sentir molestias en los pies. Camin\u00e1bamos con el beb\u00e9 y me dijo: -Me duelen los dedos de los pies. Siento como un cosquilleo-\u00ab, de inmediato se encendieron las alarmas.<\/p>\n\n\n\n<p>\u00abLuego comenz\u00f3 con entumecimiento en todos sus pies y pantorrillas, hasta llegar a un punto en el que me preocup\u00e9, donde un d\u00eda, caminando hacia el auto, me dijo: -Mi amor, necesito sentarme, ya no puedo sentir mis piernas-. All\u00ed me preocup\u00e9 y vi que no era normal. Esto fue hace tres meses\u00bb, explic\u00f3 la madre del \u00fanico hijo del cantante.<\/p>\n\n\n\n<p>R\u00e1pidamente iniciaron los estudios m\u00e9dicos para determinar lo que estaba ocurriendo en torno al artista, \u00abcuando fuimos al neur\u00f3logo, nos dijo que ten\u00eda una neuropat\u00eda muy avanzada, al punto que no pod\u00eda caminar. Cuando ya no pudo hacerlo m\u00e1s, fue hospitalizado. S\u00f3lo usaba silla de ruedas y estaba en la cama\u00bb.<\/p>\n\n\n\n<p>Inform\u00f3 que fueron d\u00edas muy dif\u00edciles, al punto que Chyno se cay\u00f3 de la cama luego que le colocaron un aparato ortop\u00e9dico en las piernas<\/p>\n\n\n\n<p>Natasha no pod\u00eda estar con su esposo en el hospital por la pandemia, as\u00ed que el cantante inici\u00f3 su recuperaci\u00f3n y terapias solo, durante un mes. \u00abHizo terapias en la ma\u00f1ana, al mediod\u00eda y en la tarde.\u00bb<\/p>\n\n\n\n<p>Pasada una semana y media la \u00abgenia\u00bb del marketing pudo entrar a ver a su esposo. Tuvo que hacerse la prueba de coronavirus para estar junto a Miranda. \u00abEstuve con \u00e9l un d\u00eda y las terapias consistieron en empezar a recuperar la fuerza muscular de sus piernas. Fue emocionante para m\u00ed ir un d\u00eda (s\u00ed) y otro d\u00eda no. Solo pod\u00eda ver a su hijo Lucca a trav\u00e9s del cristal\u00bb.<\/p>\n\n\n\n<blockquote class=\"wp-block-quote td_quote_box td_box_center is-layout-flow wp-block-quote-is-layout-flow\"><p>\u00abJes\u00fas sinti\u00f3 mucha evoluci\u00f3n y cambios internos a ra\u00edz de esto que le sucedi\u00f3 y ahora lo siento en su mejor versi\u00f3n\u201d<\/p><\/blockquote>\n\n\n\n<p>\u00abLas terapias fueron en la cama, le dieron masajes. Desde que vieron que estaba ganando fuerza, despu\u00e9s de una semana y media \u00e9l pod\u00eda levantarse, le pon\u00edan un cintur\u00f3n alrededor de su cintura, caminaba 10 pasos hacia adelante y hacia atr\u00e1s. Luego practic\u00f3 en una m\u00e1quina el\u00edptica pero a\u00fan con la enfermera sujet\u00e1ndolo con el cintur\u00f3n. Estaba montando en bicicleta, luego comenz\u00f3 caminar con el andador\u00bb, relat\u00f3 la dama.<\/p>\n\n\n\n<p>El hospital ten\u00eda una especie de terapia sensorial, terapia que simulaba una ciudad. Realizaba ejercicios para subirse a un coche, ir al supermercado, estar en un banco e incluso hab\u00eda un gimnasio. <\/p>\n\n\n\n<p>El diagn\u00f3stico del m\u00e9dico fue que hab\u00eda un compromiso en el sistema nervioso como resultado de COVID-19, que se convirti\u00f3 en neuropat\u00eda perif\u00e9rica. \u00abEl m\u00e9dico nos dijo que el virus pone en peligro diversas situaciones\u00bb.<\/p>\n\n\n\n<p>Araos afirma que: \u00abNunca pensamos que le pasar\u00eda a \u00e9l porque es muy joven, atl\u00e9tico, sano y fuerte. Cuando me dieron el diagn\u00f3stico, nos dijeron que esto le puede pasar a cualquiera. No es hereditario; COVID-19 provoc\u00f3 este compromiso del sistema nervioso en \u00e9l.\u00bb<\/p>\n\n\n\n<p>Los doctores dan una predicci\u00f3n de que en marzo el cantante podr\u00eda estar mejor. \u00abMe dicen que el desarrollo ha sido enorme y ha ido m\u00e1s r\u00e1pido de lo esperado. Jes\u00fas se dio todo de s\u00ed mismo. De hecho, siempre me pide que vaya a terapia despu\u00e9s del desayuno. Hoy est\u00e1 mucho mejor. Es casi el 90 por ciento, el dolor est\u00e1 disminuyendo\u00bb, cont\u00f3 su esposa.<\/p>\n\n\n\n<p><\/p>\n\n\n\n<p><\/p>\n","protected":false},"excerpt":{"rendered":"<p>Natasha Araos, esposa del famoso cantante Chyno Miranda dio una entrevista exclusiva con People en Espa\u00f1ol<\/p>\n","protected":false},"author":2,"featured_media":2730,"comment_status":"open","ping_status":"open","sticky":false,"template":"","format":"standard","meta":{"jnews-multi-image_gallery":[],"jnews_single_post":[],"jnews_primary_category":[],"jnews_social_meta":[],"jnews_review":[],"enable_review":"","type":"","name":"","summary":"","brand":"","sku":"","good":[],"bad":[],"score_override":"","override_value":"","rating":[],"price":[],"jnews_override_counter":[],"jnews_post_split":[],"footnotes":""},"categories":[50],"tags":[239,188,165,53,45],"class_list":["post-2729","post","type-post","status-publish","format-standard","has-post-thumbnail","hentry","category-entretenimiento","tag-chyno","tag-covid-19","tag-espectaculos","tag-farandula","tag-noticias"],"amp_enabled":true,"_links":{"self":[{"href":"https:\/\/esreviral.com\/index.php?rest_route=\/wp\/v2\/posts\/2729"}],"collection":[{"href":"https:\/\/esreviral.com\/index.php?rest_route=\/wp\/v2\/posts"}],"about":[{"href":"https:\/\/esreviral.com\/index.php?rest_route=\/wp\/v2\/types\/post"}],"author":[{"embeddable":true,"href":"https:\/\/esreviral.com\/index.php?rest_route=\/wp\/v2\/users\/2"}],"replies":[{"embeddable":true,"href":"https:\/\/esreviral.com\/index.php?rest_route=%2Fwp%2Fv2%2Fcomments&post=2729"}],"version-history":[{"count":0,"href":"https:\/\/esreviral.com\/index.php?rest_route=\/wp\/v2\/posts\/2729\/revisions"}],"wp:featuredmedia":[{"embeddable":true,"href":"https:\/\/esreviral.com\/index.php?rest_route=\/"}],"wp:attachment":[{"href":"https:\/\/esreviral.com\/index.php?rest_route=%2Fwp%2Fv2%2Fmedia&parent=2729"}],"wp:term":[{"taxonomy":"category","embeddable":true,"href":"https:\/\/esreviral.com\/index.php?rest_route=%2Fwp%2Fv2%2Fcategories&post=2729"},{"taxonomy":"post_tag","embeddable":true,"href":"https:\/\/esreviral.com\/index.php?rest_route=%2Fwp%2Fv2%2Ftags&post=2729"}],"curies":[{"name":"wp","href":"https:\/\/api.w.org\/{rel}","templated":true}]}}