{"id":27233,"date":"2022-12-02T09:11:12","date_gmt":"2022-12-02T14:11:12","guid":{"rendered":"https:\/\/esreviral.com\/?p=27233"},"modified":"2022-12-02T09:11:14","modified_gmt":"2022-12-02T14:11:14","slug":"diveana-lamento-pero-no-se-disculpo-de-lo-que-dijo-en-argentina-y-se-desligo-de-la-desorganizacion-que-hubo-en-su-presentacion","status":"publish","type":"post","link":"https:\/\/esreviral.com\/?p=27233","title":{"rendered":"Diveana \u201clament\u00f3\u201d pero no se disculp\u00f3 de lo que dijo en Argentina y se deslig\u00f3 de la desorganizaci\u00f3n que hubo en su presentaci\u00f3n"},"content":{"rendered":"\n<p>Diveana public\u00f3 un video en el que \u201clament\u00f3\u201d los dichos expresados en su presentaci\u00f3n en Argentina, sin embargo, no mencion\u00f3 la palabra \u201cdisculpas\u201d, en un video de casi cuatro minutos en el que comunic\u00f3 hasta con la vestimenta y su tono de voz.<\/p>\n\n\n\n<p>En el comunicado declar\u00f3 que quiso hacer un chiste que le sali\u00f3 \u201cmal\u201d y se deslig\u00f3 por completo de la desorganizaci\u00f3n que hubo, falta de venta de alimentos, escasez de mesas y sillas para quienes pagaron VIP, falta de vasos para la adquisici\u00f3n de servicio de bebidas, entre otras quejas hechas en redes sociales por los asistentes.<\/p>\n\n\n\n<p>\u201cA m\u00ed me contratan para cantar\u201d, afirm\u00f3 la merenguera, quien no mencion\u00f3 a las productoras organizadoras (Waraos y La Tramoya) pero tampoco dijo nada en defensa.<\/p>\n\n\n\n<p>Diveana tampoco mencion\u00f3 o se disculp\u00f3 de las respuestas dadas a los usurarios de Instagram quienes cuestionaron sus expresiones en su segunda visita a Argentina \ud83c\udde6\ud83c\uddf7<\/p>\n\n\n\n<p>Hizo hincapi\u00e9 en que no estaba ni bajo efectos de alcohol o sustancias psicotr\u00f3picas, por lo que estaba consciente de lo que dec\u00eda.<br>Reiter\u00f3 que el pr\u00f3ximo a\u00f1o sacar\u00e1 nuevo material discogr\u00e1fico que ser\u00e1 en homenaje a otros artistas.<\/p>\n\n\n\n<figure class=\"wp-block-embed aligncenter is-type-rich is-provider-twitter wp-block-embed-twitter\"><div class=\"wp-block-embed__wrapper\">\n<blockquote class=\"twitter-tweet\" data-width=\"500\" data-dnt=\"true\"><p lang=\"es\" dir=\"ltr\"><a href=\"https:\/\/twitter.com\/hashtag\/esreviral?src=hash&amp;ref_src=twsrc%5Etfw\">#esreviral<\/a> que durante su concierto en Argentina, Diveana, rechaz\u00f3 que las cr\u00edticas del p\u00fablico porque el show no inici\u00f3 a la hora pautada: \u201ccuando hac\u00edan la cola en el supermercado de Venezuela, no se quejaban\u201d <a href=\"https:\/\/t.co\/7WSq0GAi9c\">pic.twitter.com\/7WSq0GAi9c<\/a><\/p>&mdash; ES RE VIRAL (@esreviral) <a href=\"https:\/\/twitter.com\/esreviral\/status\/1596517215045668871?ref_src=twsrc%5Etfw\">November 26, 2022<\/a><\/blockquote><script async src=\"https:\/\/platform.twitter.com\/widgets.js\" charset=\"utf-8\"><\/script>\n<\/div><\/figure>\n","protected":false},"excerpt":{"rendered":"<p>Diveana public\u00f3 un video en el que \u201clament\u00f3\u201d los dichos expresados en su presentaci\u00f3n en Argentina, sin embargo, no mencion\u00f3 la palabra \u201cdisculpas\u201d, en un video de casi cuatro minutos en el que comunic\u00f3 hasta con la vestimenta y su tono de voz. En el comunicado declar\u00f3 que quiso hacer un chiste que le sali\u00f3 [&hellip;]<\/p>\n","protected":false},"author":3,"featured_media":27234,"comment_status":"closed","ping_status":"closed","sticky":false,"template":"","format":"standard","meta":{"jnews-multi-image_gallery":[],"jnews_single_post":{"subtitle":"","format":"standard","video":"","gallery":"","source_name":"","source_url":"","via_name":"","via_url":"","override_template":"0","override":[{"template":"4","single_blog_custom":"","parallax":"1","fullscreen":"1","layout":"right-sidebar","sidebar":"default-sidebar","second_sidebar":"default-sidebar","sticky_sidebar":"1","share_position":"top","share_float_style":"share-monocrhome","show_share_counter":"1","show_view_counter":"1","show_featured":"1","show_post_meta":"1","show_post_author":"1","show_post_author_image":"1","show_post_date":"1","post_date_format":"default","post_date_format_custom":"Y\/m\/d","show_post_category":"1","show_post_reading_time":"1","post_reading_time_wpm":"300","show_zoom_button":"1","zoom_button_out_step":"2","zoom_button_in_step":"3","show_post_tag":"1","show_prev_next_post":"1","show_popup_post":"1","number_popup_post":"1","show_author_box":"1","show_post_related":"1","show_inline_post_related":"0"}],"override_image_size":"0","image_override":[{"single_post_thumbnail_size":"crop-500","single_post_gallery_size":"crop-500"}],"trending_post":"0","trending_post_position":"meta","trending_post_label":"Trending","sponsored_post":"0","sponsored_post_label":"Sponsored by","sponsored_post_name":"","sponsored_post_url":"","sponsored_post_logo_enable":"0","sponsored_post_logo":"","sponsored_post_desc":"","disable_ad":"0"},"jnews_primary_category":{"id":"","hide":""},"jnews_social_meta":{"fb_title":"","fb_description":"","fb_image":"","twitter_title":"","twitter_description":"","twitter_image":""},"jnews_review":[],"enable_review":"0","type":"percentage","name":"","summary":"","brand":"","sku":"","good":[{"good_text":""}],"bad":[{"bad_text":""}],"score_override":"","override_value":"","rating":[{"rating_text":"","rating_number":"10"}],"price":[{"shop":"","price":"","link":"","icon":""}],"jnews_override_counter":{"override_view_counter":"0","view_counter_number":"0","override_share_counter":"0","share_counter_number":"0","override_like_counter":"0","like_counter_number":"0","override_dislike_counter":"0","dislike_counter_number":"0"},"jnews_post_split":{"enable_post_split":"0","post_split":[{"template":"1","tag":"h2","numbering":"asc","mode":"normal","first":"0","enable_toc":"0","toc_type":"normal"}]},"footnotes":""},"categories":[50],"tags":[5573,3140,45],"class_list":["post-27233","post","type-post","status-publish","format-standard","has-post-thumbnail","hentry","category-entretenimiento","tag-concierto-en-argentina","tag-diveana","tag-noticias"],"amp_enabled":true,"_links":{"self":[{"href":"https:\/\/esreviral.com\/index.php?rest_route=\/wp\/v2\/posts\/27233"}],"collection":[{"href":"https:\/\/esreviral.com\/index.php?rest_route=\/wp\/v2\/posts"}],"about":[{"href":"https:\/\/esreviral.com\/index.php?rest_route=\/wp\/v2\/types\/post"}],"author":[{"embeddable":true,"href":"https:\/\/esreviral.com\/index.php?rest_route=\/wp\/v2\/users\/3"}],"replies":[{"embeddable":true,"href":"https:\/\/esreviral.com\/index.php?rest_route=%2Fwp%2Fv2%2Fcomments&post=27233"}],"version-history":[{"count":0,"href":"https:\/\/esreviral.com\/index.php?rest_route=\/wp\/v2\/posts\/27233\/revisions"}],"wp:featuredmedia":[{"embeddable":true,"href":"https:\/\/esreviral.com\/index.php?rest_route=\/wp\/v2\/media\/27234"}],"wp:attachment":[{"href":"https:\/\/esreviral.com\/index.php?rest_route=%2Fwp%2Fv2%2Fmedia&parent=27233"}],"wp:term":[{"taxonomy":"category","embeddable":true,"href":"https:\/\/esreviral.com\/index.php?rest_route=%2Fwp%2Fv2%2Fcategories&post=27233"},{"taxonomy":"post_tag","embeddable":true,"href":"https:\/\/esreviral.com\/index.php?rest_route=%2Fwp%2Fv2%2Ftags&post=27233"}],"curies":[{"name":"wp","href":"https:\/\/api.w.org\/{rel}","templated":true}]}}