{"id":271,"date":"2020-10-15T19:20:06","date_gmt":"2020-10-15T19:20:06","guid":{"rendered":"http:\/\/esreviral.com\/?p=271"},"modified":"2020-10-15T19:20:06","modified_gmt":"2020-10-15T19:20:06","slug":"espana-sumo-mas-de-13-000-nuevos-casos-de-coronavirus-y-cataluna-anuncio-restricciones","status":"publish","type":"post","link":"https:\/\/esreviral.com\/?p=271","title":{"rendered":"Espa\u00f1a sum\u00f3 m\u00e1s de 13.000 nuevos casos de coronavirus y Catalu\u00f1a anunci\u00f3 restricciones"},"content":{"rendered":"\n<p><strong>Espa\u00f1a\u00a0<\/strong>sum\u00f3 13.318 nuevos casos de\u00a0<strong>coronavirus<\/strong>\u00a0en las \u00faltimas 24 horas y 140 fallecidos, seg\u00fan datos del Ministerio de Sanidad que detallaron que en las \u00faltimas dos semanas la incidencia total acumulada del coronavirus es de 270 cada 100.000 habitantes, aunque la cifra aument\u00f3 en los \u00faltimos d\u00edas.<\/p>\n\n\n\n<p>Entre las regiones m\u00e1s afectadas se encuentra a la cabeza Madrid, con 2.800 de los nuevos contagios y una incidencia de 450 positivos, seguida por\u00a0Catalu\u00f1a\u00a0que sum\u00f3 2.100 casos y Andaluc\u00eda, con 2.000 m\u00e1s que la \u00faltima jornada.<\/p>\n\n\n\n<p><em>\u00bb\u00a0Espa\u00f1a\u00a0est\u00e1 estabiliz\u00e1ndose pero las diferencias territoriales son importantes. No se puede bajar la guardia\u00bb,\u00a0<\/em>afirm\u00f3 en conferencia de prensa el portavoz de la pandemia en\u00a0Espa\u00f1a,<strong>\u00a0<\/strong>Fernando Sim\u00f3n.<\/p>\n\n\n\n<figure class=\"wp-block-embed-twitter wp-block-embed is-type-rich is-provider-twitter\"><div class=\"wp-block-embed__wrapper\">\n<blockquote class=\"twitter-tweet\" data-width=\"500\" data-dnt=\"true\"><p lang=\"es\" dir=\"ltr\">La pandemia ser\u00e1 igualmente asunto central de este <a href=\"https:\/\/twitter.com\/hashtag\/EUCO?src=hash&amp;ref_src=twsrc%5Etfw\">#EUCO<\/a>. Todos los pa\u00edses de la UE hemos de actuar unidos frente al <a href=\"https:\/\/twitter.com\/hashtag\/COVID19?src=hash&amp;ref_src=twsrc%5Etfw\">#COVID19<\/a>. Ya hemos dado pasos importantes y debemos seguir armonizando la respuesta a nivel europeo en \u00e1mbitos como las cuarentenas o la reducci\u00f3n de la movilidad. <a href=\"https:\/\/t.co\/u9udc9FuJy\">pic.twitter.com\/u9udc9FuJy<\/a><\/p>&mdash; Pedro S\u00e1nchez (@sanchezcastejon) <a href=\"https:\/\/twitter.com\/sanchezcastejon\/status\/1316749386093924352?ref_src=twsrc%5Etfw\">October 15, 2020<\/a><\/blockquote><script async src=\"https:\/\/platform.twitter.com\/widgets.js\" charset=\"utf-8\"><\/script>\n<\/div><\/figure>\n\n\n\n<p><\/p>\n","protected":false},"excerpt":{"rendered":"<p>Espa\u00f1a\u00a0sum\u00f3 13.318 nuevos casos de\u00a0coronavirus\u00a0en las \u00faltimas 24 horas y 140 fallecidos, seg\u00fan datos del Ministerio de Sanidad que detallaron que en las \u00faltimas dos semanas la incidencia total acumulada del coronavirus es de 270 cada 100.000 habitantes, aunque la cifra aument\u00f3 en los \u00faltimos d\u00edas. Entre las regiones m\u00e1s afectadas se encuentra a la [&hellip;]<\/p>\n","protected":false},"author":2,"featured_media":274,"comment_status":"open","ping_status":"open","sticky":false,"template":"","format":"standard","meta":{"jnews-multi-image_gallery":[],"jnews_single_post":[],"jnews_primary_category":[],"jnews_social_meta":[],"jnews_review":[],"enable_review":"","type":"","name":"","summary":"","brand":"","sku":"","good":[],"bad":[],"score_override":"","override_value":"","rating":[],"price":[],"jnews_override_counter":[],"jnews_post_split":[],"footnotes":""},"categories":[76],"tags":[77,45],"class_list":["post-271","post","type-post","status-publish","format-standard","has-post-thumbnail","hentry","category-coronavirus","tag-coronavirus","tag-noticias"],"_links":{"self":[{"href":"https:\/\/esreviral.com\/index.php?rest_route=\/wp\/v2\/posts\/271","targetHints":{"allow":["GET"]}}],"collection":[{"href":"https:\/\/esreviral.com\/index.php?rest_route=\/wp\/v2\/posts"}],"about":[{"href":"https:\/\/esreviral.com\/index.php?rest_route=\/wp\/v2\/types\/post"}],"author":[{"embeddable":true,"href":"https:\/\/esreviral.com\/index.php?rest_route=\/wp\/v2\/users\/2"}],"replies":[{"embeddable":true,"href":"https:\/\/esreviral.com\/index.php?rest_route=%2Fwp%2Fv2%2Fcomments&post=271"}],"version-history":[{"count":0,"href":"https:\/\/esreviral.com\/index.php?rest_route=\/wp\/v2\/posts\/271\/revisions"}],"wp:featuredmedia":[{"embeddable":true,"href":"https:\/\/esreviral.com\/index.php?rest_route=\/"}],"wp:attachment":[{"href":"https:\/\/esreviral.com\/index.php?rest_route=%2Fwp%2Fv2%2Fmedia&parent=271"}],"wp:term":[{"taxonomy":"category","embeddable":true,"href":"https:\/\/esreviral.com\/index.php?rest_route=%2Fwp%2Fv2%2Fcategories&post=271"},{"taxonomy":"post_tag","embeddable":true,"href":"https:\/\/esreviral.com\/index.php?rest_route=%2Fwp%2Fv2%2Ftags&post=271"}],"curies":[{"name":"wp","href":"https:\/\/api.w.org\/{rel}","templated":true}]}}