{"id":26817,"date":"2022-11-16T08:29:47","date_gmt":"2022-11-16T13:29:47","guid":{"rendered":"https:\/\/esreviral.com\/?p=26817"},"modified":"2022-11-16T08:29:47","modified_gmt":"2022-11-16T13:29:47","slug":"piden-cadena-perpetua-para-venezolanos-acusado-de-matar-a-un-turista-en-argentina","status":"publish","type":"post","link":"https:\/\/esreviral.com\/?p=26817","title":{"rendered":"Piden cadena perpetua para venezolanos acusado de matar a un turista en Argentina"},"content":{"rendered":"\n<p class=\"has-drop-cap\">Un mes antes de que se cumpla el tercer aniversario del homicidio del turista brit\u00e1nico Matthew Gibbard, crimen ocurrido frente al Faena Art Hotel, de Puerto Madero, la fiscal Mar\u00eda Luz Castany solicit\u00f3 que el sindicado autor del homicidio, el venezolano \u00c1ngel Lozano Azuaje, apodado Cachete, sea condenado a la pena de prisi\u00f3n perpetua, seg\u00fan se inform\u00f3 en el portal de noticias del Ministerio P\u00fablico Fiscal.<\/p>\n\n\n\n<p>Castany, adem\u00e1s, solicit\u00f3 penas de entre tres a\u00f1os de prisi\u00f3n en suspenso y cuatro a\u00f1os de c\u00e1rcel para otros nueve integrantes de la organizaci\u00f3n criminal.<\/p>\n\n\n\n<p>Para la representante del Ministerio P\u00fablico Fiscal, Lozano Azuaje es autor de los delitos de \u201chomicidio agravado criminis causa\u201d (matar para ocultar otro delito) por la muerte de Gibbard, que ten\u00eda 55 a\u00f1os, y \u201chomicidio agravado criminis causa en grado de tentativa\u201d en perjuicio del hijastro del turista ingl\u00e9s, Stephan Zone, de 28 a\u00f1os, y \u201crobo doblemente agravado por el uso de arma de fuego y en poblado y en banda, en grado de tentativa\u201d.<\/p>\n\n\n\n<p>La fiscal\u00eda tambi\u00e9n solicit\u00f3 su absoluci\u00f3n en relaci\u00f3n con otros siete robos por los que tambi\u00e9n hab\u00eda llegado acusado al debate.<\/p>\n\n\n\n<p>Adem\u00e1s de Cachete Lozano Azuaje, en el juicio a cargo del Tribunal Oral en lo Criminal (TOC) porte\u00f1o N\u00ba 17, que comenz\u00f3 en marzo pasado, son juzgados otros 11 ciudadanos venezolanos y un argentino. Algunos de los imputados est\u00e1n acusados por el crimen de Gibbard y otros, por una serie de robos.<\/p>\n\n\n\n<p>En su alegato, la fiscal Castany pidi\u00f3 que se diera intervenci\u00f3n a la Direcci\u00f3n Nacional de Migraciones (DNM) para que dispusiera la expulsi\u00f3n de todos los ciudadanos venezolanos implicados.<\/p>\n\n\n\n<p>La fiscal tambi\u00e9n pidi\u00f3 condenas de entre tres a\u00f1os de prisi\u00f3n en suspenso y cuatro a\u00f1os de c\u00e1rcel para Carlos Jos\u00e9 L\u00f3pez S\u00e1nchez \u2013quien hab\u00eda llegado a juicio identificado con el falso apellido de Manzo Tortolero\u2013, Luis Jos\u00e9 Lozano Le\u00f3n, Aly Jos\u00e9 Ramos Ladera, Miguel \u00c1ngel Aguirre Cancine, Samuel Francisco Zerpa Meneses, Carlos Alberto Mart\u00ednez Moreno, Rub\u00e9n Dar\u00edo Ca\u00f1ete Lobo, Elvis Javier Escalante Blanco y Christian Rafael Caicedo Lobo.<\/p>\n\n\n\n<p>A su vez, Castany solicit\u00f3 la absoluci\u00f3n de tres de los imputados en el juicio: Anailuj Yesenia Aguilar Tovar, Daniel Jos\u00e9 Reinosa Zembrano \u2013ambos venezolanos\u2013 y del argentino Franco Antonio Rodr\u00edguez, respecto de su participaci\u00f3n en la asociaci\u00f3n il\u00edcita y en tres robos.<\/p>\n\n\n\n<p>El homicidio ocurri\u00f3 el 14 de diciembre de 2019, cuando la banda \u201cmarc\u00f3\u201d a Gibbard y a su familia en el sector de arribos del aeropuerto de Ezeiza y comenz\u00f3 a seguir, a bordo de dos autos y una moto, a la combi que los trasladaba.<\/p>\n\n\n\n<p>Tras llegar al Faena Art Hotel, situado en Martha Salotti al 400, en Puerto Madero, y cuando Gibbard y su hijastro estaban descendiendo del veh\u00edculo, Lozano Azuaje se les acerc\u00f3 exhibi\u00e9ndoles un arma y les exigi\u00f3 que entregaran sus valijas y relojes. Siempre seg\u00fan la acusaci\u00f3n y por lo que qued\u00f3 grabado por c\u00e1maras de seguridad, all\u00ed comenz\u00f3 un forcejeo, que culmin\u00f3 con Lozano Azuaje efectuando disparos que provocaron la muerte de Gibbard y heridas a su hijastro.<\/p>\n\n\n\n<p class=\"has-text-align-right\"><strong><em>LaNaci\u00f3n.-<\/em><\/strong><\/p>\n","protected":false},"excerpt":{"rendered":"<p>Tras ser seguido desde el aeropuerto de Ezeiza, Matthew Gibbard fue interceptado por delincuentes cuando bajaba valijas de una combi<\/p>\n","protected":false},"author":2,"featured_media":26818,"comment_status":"open","ping_status":"open","sticky":false,"template":"","format":"standard","meta":{"jnews-multi-image_gallery":[],"jnews_single_post":[],"jnews_primary_category":[],"jnews_social_meta":[],"jnews_review":[],"enable_review":"","type":"","name":"","summary":"","brand":"","sku":"","good":[],"bad":[],"score_override":"","override_value":"","rating":[],"price":[],"jnews_override_counter":[],"jnews_post_split":[],"footnotes":""},"categories":[64],"tags":[44,3744,45,5498],"class_list":["post-26817","post","type-post","status-publish","format-standard","has-post-thumbnail","hentry","category-sucesos","tag-argentina","tag-cadena-perpetua","tag-noticias","tag-turista-en-argentina"],"amp_enabled":true,"_links":{"self":[{"href":"https:\/\/esreviral.com\/index.php?rest_route=\/wp\/v2\/posts\/26817"}],"collection":[{"href":"https:\/\/esreviral.com\/index.php?rest_route=\/wp\/v2\/posts"}],"about":[{"href":"https:\/\/esreviral.com\/index.php?rest_route=\/wp\/v2\/types\/post"}],"author":[{"embeddable":true,"href":"https:\/\/esreviral.com\/index.php?rest_route=\/wp\/v2\/users\/2"}],"replies":[{"embeddable":true,"href":"https:\/\/esreviral.com\/index.php?rest_route=%2Fwp%2Fv2%2Fcomments&post=26817"}],"version-history":[{"count":0,"href":"https:\/\/esreviral.com\/index.php?rest_route=\/wp\/v2\/posts\/26817\/revisions"}],"wp:featuredmedia":[{"embeddable":true,"href":"https:\/\/esreviral.com\/index.php?rest_route=\/"}],"wp:attachment":[{"href":"https:\/\/esreviral.com\/index.php?rest_route=%2Fwp%2Fv2%2Fmedia&parent=26817"}],"wp:term":[{"taxonomy":"category","embeddable":true,"href":"https:\/\/esreviral.com\/index.php?rest_route=%2Fwp%2Fv2%2Fcategories&post=26817"},{"taxonomy":"post_tag","embeddable":true,"href":"https:\/\/esreviral.com\/index.php?rest_route=%2Fwp%2Fv2%2Ftags&post=26817"}],"curies":[{"name":"wp","href":"https:\/\/api.w.org\/{rel}","templated":true}]}}