{"id":26814,"date":"2022-11-16T08:22:43","date_gmt":"2022-11-16T13:22:43","guid":{"rendered":"https:\/\/esreviral.com\/?p=26814"},"modified":"2022-11-28T17:19:14","modified_gmt":"2022-11-28T22:19:14","slug":"develaron-el-porcentaje-de-inflacion-de-octubre-y-ya-suma-casi-100-anual","status":"publish","type":"post","link":"https:\/\/esreviral.com\/?p=26814","title":{"rendered":"Develaron el porcentaje de inflaci\u00f3n de octubre y ya suma casi 100% anual"},"content":{"rendered":"\n<p class=\"has-drop-cap\">En l\u00ednea con los pron\u00f3sticos de las consultoras privadas, la inflaci\u00f3n de octubre tuvo un aumento de 6,3 % respecto del mes anterior y acumula 76,6% desde enero y 88 % en el \u00faltimo a\u00f1o, seg\u00fan el \u00cdndice de Precios al Consumidor (IPC) que inform\u00f3 ayer el Instituto Nacional de Estad\u00edstica y Censos (INDEC).<\/p>\n\n\n\n<p>La inflaci\u00f3n m\u00e1s alta en el a\u00f1o y de toda la gesti\u00f3n de Alberto Fern\u00e1ndez sigue siendo la de julio cuando lleg\u00f3 a 7,4%. Esa marca fue la m\u00e1s alta desde abril de 2002, cuando alcanz\u00f3 10,4%. Luego baj\u00f3 a 7% en agosto y a 6,2% en septiembre.<\/p>\n\n\n\n<p>Con el dato de la inflaci\u00f3n de octubre, los salarios reales evidencian una ca\u00edda interanual del 5,8% y del 3,1% mensual seg\u00fan el Centro de Estudios Econ\u00f3micos Argentina XXI.<\/p>\n\n\n\n<figure class=\"wp-block-embed is-type-rich is-provider-twitter wp-block-embed-twitter\"><div class=\"wp-block-embed__wrapper\">\n<blockquote class=\"twitter-tweet\" data-width=\"500\" data-dnt=\"true\"><p lang=\"es\" dir=\"ltr\"><a href=\"https:\/\/twitter.com\/hashtag\/DatoINDEC?src=hash&amp;ref_src=twsrc%5Etfw\">#DatoINDEC<\/a> <a href=\"https:\/\/twitter.com\/hashtag\/IPC?src=hash&amp;ref_src=twsrc%5Etfw\">#IPC<\/a>: en octubre 2022, Patagonia y GBA fueron las regiones de mayor variaci\u00f3n mensual (6,6%), por encima del total nacional <a href=\"https:\/\/t.co\/nRPEP2f0vP\">https:\/\/t.co\/nRPEP2f0vP<\/a> <a href=\"https:\/\/t.co\/qYe4SUKMKy\">pic.twitter.com\/qYe4SUKMKy<\/a><\/p>&mdash; INDEC Argentina (@INDECArgentina) <a href=\"https:\/\/twitter.com\/INDECArgentina\/status\/1592594417869025280?ref_src=twsrc%5Etfw\">November 15, 2022<\/a><\/blockquote><script async src=\"https:\/\/platform.twitter.com\/widgets.js\" charset=\"utf-8\"><\/script>\n<\/div><\/figure>\n","protected":false},"excerpt":{"rendered":"<p>Para fin de a\u00f1o se espera que el costo de vida llegue al 100% en todo 2022. Ropa y calzado fue el rubro que m\u00e1s subi\u00f3.<\/p>\n","protected":false},"author":2,"featured_media":27085,"comment_status":"open","ping_status":"open","sticky":false,"template":"","format":"standard","meta":{"jnews-multi-image_gallery":[],"jnews_single_post":{"subtitle":"","format":"standard","video":"","gallery":"","source_name":"","source_url":"","via_name":"","via_url":"","override_template":"0","override":[{"template":"4","single_blog_custom":"","parallax":"1","fullscreen":"1","layout":"right-sidebar","sidebar":"default-sidebar","second_sidebar":"default-sidebar","sticky_sidebar":"1","share_position":"top","share_float_style":"share-monocrhome","show_share_counter":"1","show_view_counter":"1","show_featured":"1","show_post_meta":"1","show_post_author":"1","show_post_author_image":"1","show_post_date":"1","post_date_format":"default","post_date_format_custom":"Y\/m\/d","show_post_category":"1","show_post_reading_time":"1","post_reading_time_wpm":"300","show_zoom_button":"1","zoom_button_out_step":"2","zoom_button_in_step":"3","show_post_tag":"1","show_prev_next_post":"1","show_popup_post":"1","number_popup_post":"1","show_author_box":"1","show_post_related":"1","show_inline_post_related":"1"}],"override_image_size":"0","image_override":[{"single_post_thumbnail_size":"crop-500","single_post_gallery_size":"crop-500"}],"trending_post":"0","trending_post_position":"meta","trending_post_label":"Trending","sponsored_post":"0","sponsored_post_label":"Sponsored by","sponsored_post_name":"","sponsored_post_url":"","sponsored_post_logo_enable":"0","sponsored_post_logo":"","sponsored_post_desc":"","disable_ad":"0"},"jnews_primary_category":{"id":"","hide":""},"jnews_social_meta":{"fb_title":"","fb_description":"","fb_image":"","twitter_title":"","twitter_description":"","twitter_image":""},"jnews_review":[],"enable_review":"0","type":"percentage","name":"","summary":"","brand":"","sku":"","good":[{"good_text":""}],"bad":[{"bad_text":""}],"score_override":"","override_value":"","rating":[{"rating_text":"","rating_number":"10"}],"price":[{"shop":"","price":"","link":"","icon":""}],"jnews_override_counter":{"override_view_counter":"0","view_counter_number":"0","override_share_counter":"0","share_counter_number":"0","override_like_counter":"0","like_counter_number":"0","override_dislike_counter":"0","dislike_counter_number":"0"},"jnews_post_split":{"enable_post_split":"0","post_split":[{"template":"1","tag":"h2","numbering":"asc","mode":"normal","first":"0","enable_toc":"0","toc_type":"normal"}]},"footnotes":""},"categories":[61],"tags":[44,2054,268,2604,45],"class_list":["post-26814","post","type-post","status-publish","format-standard","has-post-thumbnail","hentry","category-economia","tag-argentina","tag-indec","tag-inflacion","tag-inflacion-y-precios","tag-noticias"],"amp_enabled":true,"_links":{"self":[{"href":"https:\/\/esreviral.com\/index.php?rest_route=\/wp\/v2\/posts\/26814"}],"collection":[{"href":"https:\/\/esreviral.com\/index.php?rest_route=\/wp\/v2\/posts"}],"about":[{"href":"https:\/\/esreviral.com\/index.php?rest_route=\/wp\/v2\/types\/post"}],"author":[{"embeddable":true,"href":"https:\/\/esreviral.com\/index.php?rest_route=\/wp\/v2\/users\/2"}],"replies":[{"embeddable":true,"href":"https:\/\/esreviral.com\/index.php?rest_route=%2Fwp%2Fv2%2Fcomments&post=26814"}],"version-history":[{"count":0,"href":"https:\/\/esreviral.com\/index.php?rest_route=\/wp\/v2\/posts\/26814\/revisions"}],"wp:featuredmedia":[{"embeddable":true,"href":"https:\/\/esreviral.com\/index.php?rest_route=\/wp\/v2\/media\/27085"}],"wp:attachment":[{"href":"https:\/\/esreviral.com\/index.php?rest_route=%2Fwp%2Fv2%2Fmedia&parent=26814"}],"wp:term":[{"taxonomy":"category","embeddable":true,"href":"https:\/\/esreviral.com\/index.php?rest_route=%2Fwp%2Fv2%2Fcategories&post=26814"},{"taxonomy":"post_tag","embeddable":true,"href":"https:\/\/esreviral.com\/index.php?rest_route=%2Fwp%2Fv2%2Ftags&post=26814"}],"curies":[{"name":"wp","href":"https:\/\/api.w.org\/{rel}","templated":true}]}}