{"id":26808,"date":"2022-11-16T08:06:23","date_gmt":"2022-11-16T13:06:23","guid":{"rendered":"https:\/\/esreviral.com\/?p=26808"},"modified":"2022-11-16T08:06:23","modified_gmt":"2022-11-16T13:06:23","slug":"el-nino-aplastado-vivia-con-una-madre-adicta-y-su-padre-habia-sido-asesinado","status":"publish","type":"post","link":"https:\/\/esreviral.com\/?p=26808","title":{"rendered":"El Ni\u00f1o aplastado viv\u00eda con una madre adicta y su padre hab\u00eda sido asesinado"},"content":{"rendered":"\n<p class=\"has-drop-cap\">\u00ab\u00bfSe\u00f1o, me trajo las bolitas?\u00bb El s\u00e1bado a la tarde, \u00abChicha\u00bb le pregunt\u00f3 a Anabella, con una sonrisa entre p\u00edcara y tierna, si se acord\u00f3 de lo que le hab\u00eda prometido. \u201cChicha\u201d es el apodo de V\u00edctor Barreto, el nene de 8 a\u00f1os que muri\u00f3 aplastado al colgarse de un cami\u00f3n de basura el domingo.<\/p>\n\n\n\n<p>Anabella Albornoz, voluntaria de la ONG Suma de Voluntades, lo conoc\u00eda hac\u00eda a\u00f1os. \u201cEra juguet\u00f3n, divertido, siempre quer\u00eda entretenerse y ten\u00eda fascinaci\u00f3n por la bolitas. Le encantaba jugar y yo le hab\u00eda dicho que le iba a llevar y me olvid\u00e9&#8230; Y \u00e9l me reproch\u00f3, pero bien, con dulzura, y que lo recuerde para la pr\u00f3xima vez\u201d, dice Albornoz con un hilo de voz.<\/p>\n\n\n\n<p>\u201cChicha\u201d, era conocido por las familias del barrio popular General San Mart\u00edn, de Paran\u00e1, y era muy amiguero. \u201cSu sonrisa te derrite, es muy cari\u00f1oso, tierno y p\u00edcaro. Siempre participando en las actividades escolares y recreativas. Lo quiero un mont\u00f3n\u201d, dice Albornoz, hablando en presente. \u201cNo ca\u00ed, no me cabe en la cabeza, no puedo creer lo que pas\u00f3\u201d.<\/p>\n\n\n\n<p>El lunes a la noche fue el velatorio de \u201cChicha\u201d. El martes a la ma\u00f1ana inhumaron sus restos en el Cementerio Municipal de Paran\u00e1, ante una multitud. Hubo llantos y gente que se descompens\u00f3. Tambi\u00e9n fueron notorios los insultos para su madre, que debi\u00f3 retirarse sin poder enterrar a su hijo. Se la culpa por \u201cdesligarse y desproteger a una criatura\u201d.<\/p>\n\n\n\n<figure class=\"wp-block-image size-large\"><img decoding=\"async\" src=\"https:\/\/www.clarin.com\/img\/2022\/11\/14\/fRdeRRlNg_720x0__1.jpg\" alt=\"\"\/><\/figure>\n\n\n\n<p>\u201cEstuvo horas solito por el basural\u201d, dicen en su barrio a Clar\u00edn.<\/p>\n\n\n\n<p>V\u00edctor viv\u00eda con su mam\u00e1 y su padrastro. Ten\u00eda cuatro hermanos y los siete viv\u00edan en dos piezas de una modesta casa de material. Seg\u00fan pudo saber Clar\u00edn, la mam\u00e1 de \u201cChicha\u201d tiene problemas de adicciones, por lo que no puede hacerse cargo de sus hijos. Su padrastro no trabaja pero tiene el plan Potenciar Trabajo. Al pap\u00e1 biol\u00f3gico del nene lo mataron de dos tiros en una pelea barrial por una apuesta, cuentan en el barrio.<\/p>\n\n\n\n<p>\u201cNo es momento de broncas, rencores ni buscar culpables. Es hora de reflexionar\u201d, remarca Albornoz. \u201cEl peligro es una constante en el barrio, los chicos conviven con el peligro sin advertirlo. El basural al que fue &#8216;Chicha&#8217; y al que van un mont\u00f3n de chicos, lamentablemente, forma parte del paisaje urbano del entorno y es inevitable que vayan ah\u00ed. Pero nadie esperaba una fatalidad semejante\u201d.<\/p>\n\n\n\n<figure class=\"wp-block-image size-large\"><img decoding=\"async\" src=\"https:\/\/www.clarin.com\/img\/2022\/11\/14\/jdyegxO59_720x0__1.jpg\" alt=\"\"\/><\/figure>\n\n\n\n<p>\u201cAhora es f\u00e1cil hacer le\u00f1a del \u00e1rbol ca\u00eddo, pero no es el momento. &#8216;Chicha&#8217; tiene que sacudirnos para darnos cuenta de que hay una ni\u00f1ez desprotegida, desamparada. Desde la ONG tratamos de integrar el barrio para que los gurises tengan actividades deportivas, recreativas y que las familias puedan tener acceso a los servicios, a un mejoramiento y a un crecimiento urbano\u201d.<\/p>\n\n\n\n<p><strong><span style=\"background-color:#a30003\" class=\"td_text_highlight_marker\">Chicos entre la basura<\/span><\/strong><\/p>\n\n\n\n<p>\u201cNos vamos al shopping\u201d, dec\u00edan los chicos cuando se iban al basural, a metros de donde viven. \u201cIban a jugar, a entretenerse y a buscar cosas. Pod\u00edan encontrar juguetes, ropa, chatarra y muchas cosas las llevaban a sus casas para venderlas. Si hab\u00eda galletitas o dulces, claro que los agarraban\u201d, desliza Roberto G\u00f3mez, presidente vecinal del barrio San Mart\u00edn.<\/p>\n\n\n\n<p>A\u00fan en estado de shock, G\u00f3mez habla con Clar\u00edn mientras su hijo Catriel, tambi\u00e9n de 8 a\u00f1os, le pregunta por su mejor amigo. \u201cMi hijo me consulta todo el tiempo, yo le digo que &#8216;Chicha&#8217; est\u00e1 en el hospital. S ve\u00edan todos los d\u00edas, eran muy apegados. &#8216;Chicha&#8217; ven\u00eda a buscar las viandas para \u00e9l y su familia, pero muchas veces se queda con Catriel jugando a la Play&#8230;<\/p>\n\n\n\n<p>S\u00ed, a la Play\u201d.<\/p>\n\n\n\n<p>En su casa G\u00f3mez , a una cuadra de donde viv\u00eda Chicha, instal\u00f3 un comedor donde todos los d\u00edas cocina guiso \u201cpara unas 50 bocas\u201d.<\/p>\n\n\n\n<figure class=\"wp-block-image size-large\"><img decoding=\"async\" src=\"https:\/\/www.clarin.com\/img\/2022\/11\/16\/9-yqeE6zK_720x0__1.jpg\" alt=\"\"\/><\/figure>\n\n\n\n<p>\u201cV\u00edctor ven\u00eda solito, le d\u00e1bamos las viandas, jugaba un rato con mi hijo y se las llevaba a su casa\u201d. Cuenta G\u00f3mez que su hijo Catriel no va al basural y mucho menos se colgaba de los camiones de basura. \u201cLo que pas\u00f3 fue una desgracia, pero estos pibes juegan a eso a diario, y a oscuras\u201d.<\/p>\n\n\n\n<p>El domingo, pasadas las 19, sin luz el\u00e9ctrica y con un camino hecho un lodazal por las lluvias, ocurri\u00f3 la tragedia. V\u00edctor vio al cami\u00f3n recolector acercarse y se trep\u00f3 a unas escaleritas el costado del veh\u00edculo. Pero resbal\u00f3, cay\u00f3 y las ruedas traseras lo aplastaron. \u201cEl conductor nunca se enter\u00f3. Escuch\u00f3 gritos de vecinos, pero crey\u00f3 que lo estaban saludando\u201d.<\/p>\n\n\n\n<p>\u201cChicha era un chico feliz puertas para afuera. Sab\u00edamos que adentro de su casa no deb\u00eda tener una vida sencilla, pero fuera de su hogar lo ayud\u00e1bamos a \u00e9l como a tantos gurises\u201d, cuenta Albornoz. Ese domingo, seg\u00fan trascendi\u00f3, estaba fuera de su casa desde las tres de la tarde. \u201cPara los chicos de aqu\u00ed es parte de su rutina. No est\u00e1 bien. Trabajamos todos los d\u00edas, para que los &#8216;Chicha&#8217; del barrio puedan superarse y salir adelante\u201d, sue\u00f1a Albornoz.<\/p>\n\n\n\n<figure class=\"wp-block-image size-large\"><img decoding=\"async\" src=\"https:\/\/www.clarin.com\/img\/2022\/11\/16\/o1mFSkqfE_720x0__1.jpg\" alt=\"\"\/><\/figure>\n\n\n\n<p>Anabella se despide entre l\u00e1grimas y sonr\u00ede cuando ve una foto de \u201cChicha\u201d en su celular. \u201cEs de la \u00faltima Navidad. Fijate, est\u00e1 corriendo feliz, yendo a buscar su regalo\u201d.\u00a0<\/p>\n\n\n\n<p class=\"has-text-align-right\"><strong><em>Clarin.-<\/em><\/strong><\/p>\n","protected":false},"excerpt":{"rendered":"<p>\u201cChicha\u201d Barreto muri\u00f3 el domingo bajo las ruedas de un cami\u00f3n. Com\u00eda lo que le daban en un comedor.<\/p>\n","protected":false},"author":2,"featured_media":26809,"comment_status":"open","ping_status":"open","sticky":false,"template":"","format":"standard","meta":{"jnews-multi-image_gallery":[],"jnews_single_post":[],"jnews_primary_category":[],"jnews_social_meta":[],"jnews_review":[],"enable_review":"","type":"","name":"","summary":"","brand":"","sku":"","good":[],"bad":[],"score_override":"","override_value":"","rating":[],"price":[],"jnews_override_counter":[],"jnews_post_split":[],"footnotes":""},"categories":[64],"tags":[44,5494,2887,45,5495,396,5496],"class_list":["post-26808","post","type-post","status-publish","format-standard","has-post-thumbnail","hentry","category-sucesos","tag-argentina","tag-derechos-del-nino","tag-entre-rios","tag-noticias","tag-parana","tag-pobreza","tag-pobreza-infantil"],"amp_enabled":true,"_links":{"self":[{"href":"https:\/\/esreviral.com\/index.php?rest_route=\/wp\/v2\/posts\/26808"}],"collection":[{"href":"https:\/\/esreviral.com\/index.php?rest_route=\/wp\/v2\/posts"}],"about":[{"href":"https:\/\/esreviral.com\/index.php?rest_route=\/wp\/v2\/types\/post"}],"author":[{"embeddable":true,"href":"https:\/\/esreviral.com\/index.php?rest_route=\/wp\/v2\/users\/2"}],"replies":[{"embeddable":true,"href":"https:\/\/esreviral.com\/index.php?rest_route=%2Fwp%2Fv2%2Fcomments&post=26808"}],"version-history":[{"count":0,"href":"https:\/\/esreviral.com\/index.php?rest_route=\/wp\/v2\/posts\/26808\/revisions"}],"wp:featuredmedia":[{"embeddable":true,"href":"https:\/\/esreviral.com\/index.php?rest_route=\/"}],"wp:attachment":[{"href":"https:\/\/esreviral.com\/index.php?rest_route=%2Fwp%2Fv2%2Fmedia&parent=26808"}],"wp:term":[{"taxonomy":"category","embeddable":true,"href":"https:\/\/esreviral.com\/index.php?rest_route=%2Fwp%2Fv2%2Fcategories&post=26808"},{"taxonomy":"post_tag","embeddable":true,"href":"https:\/\/esreviral.com\/index.php?rest_route=%2Fwp%2Fv2%2Ftags&post=26808"}],"curies":[{"name":"wp","href":"https:\/\/api.w.org\/{rel}","templated":true}]}}