{"id":26764,"date":"2022-11-15T08:47:54","date_gmt":"2022-11-15T13:47:54","guid":{"rendered":"https:\/\/esreviral.com\/?p=26764"},"modified":"2022-11-15T08:47:54","modified_gmt":"2022-11-15T13:47:54","slug":"donald-trump-lanzara-oficialmente-su-candidatura-para-2024","status":"publish","type":"post","link":"https:\/\/esreviral.com\/?p=26764","title":{"rendered":"Donald Trump lanzar\u00e1 oficialmente su candidatura para 2024"},"content":{"rendered":"\n<p class=\"has-drop-cap\">Se espera que el expresidente Donald Trump anuncie el martes una\u00a0<strong>nueva candidatura a la presidencia de Estados Unidos<\/strong>, ignorando llamados desde dentro del Partido Republicano para que de un paso al costado tras el mal desempe\u00f1o de sus leales en las elecciones de mitad de mandato.<\/p>\n\n\n\n<p>El&nbsp;<strong>magnate de 76 a\u00f1os convoc\u00f3 a la prensa a su mansi\u00f3n de Florida<\/strong>&nbsp;para un \u00abgran anuncio\u00bb a las 21 hora del este de EE.UU. este&nbsp;martes.<\/p>\n\n\n\n<p>\u00abEl presidente Trump va a anunciar el martes que se postula para presidente\u00bb, dijo Jason Miller, uno de sus asesores, quien predijo que su discurso ser\u00e1 \u00ab<strong>muy profesional, muy formal<\/strong>\u00ab.<\/p>\n\n\n\n<figure class=\"wp-block-image size-large\"><img decoding=\"async\" src=\"https:\/\/www.clarin.com\/img\/2022\/11\/14\/MWvD0ntOG_720x0__1.jpg\" alt=\"\"\/><\/figure>\n\n\n\n<p>Pese a que en los \u00faltimos meses apenas ha ocultado su deseo de regresar a la presidencia, Trump podr\u00eda cambiar de opini\u00f3n a \u00faltimo minuto, pues se ha mostrado muchas veces imprevisible.<\/p>\n\n\n\n<p>Pero retrasar el anuncio, como le sugirieron algunos de sus asesores, ser\u00eda muy inc\u00f3modo, pues el propio Trump adelant\u00f3 que el suyo \u00abquiz\u00e1s sea el&nbsp;<strong>discurso m\u00e1s importante<\/strong>&nbsp;pronunciado en la historia de Estados Unidos\u00bb.<\/p>\n\n\n\n<p><strong><span style=\"background-color:#a30003\" class=\"td_text_highlight_marker\">El ascenso pol\u00edtico de Donald Trump<\/span><\/strong><\/p>\n\n\n\n<p>En 2016, Trump y los republicanos llegaron al poder, tomaron el control de la Casa Blanca y<strong>&nbsp;mantuvieron sus mayor\u00edas en ambas c\u00e1maras<\/strong>&nbsp;del Congreso.<\/p>\n\n\n\n<p>Pero los dem\u00f3cratas recuperaron la C\u00e1mara de Representantes de manera aplastante en 2018 tras una campa\u00f1a centrada en buena medida contra el estilo c\u00e1ustico de Trump.<\/p>\n\n\n\n<p>El expresidente luego\u00a0<strong>perdi\u00f3 la reelecci\u00f3n en 2020<\/strong>\u00a0&#8211;pese a que a\u00fan se reh\u00fasa a aceptar la derrota&#8211; frente a Joe Biden, mientras que los dem\u00f3cratas lograron adem\u00e1s conseguir el control del Senado, pues si bien qued\u00f3 dividido en 50 bancas por bando, se aseguraron la mayor\u00eda con el voto de desempate de la vicepresidenta Kamala Harris.<\/p>\n\n\n\n<figure class=\"wp-block-image size-large\"><img decoding=\"async\" src=\"https:\/\/www.clarin.com\/img\/2022\/11\/11\/RlZpwNYF9_720x0__1.jpg\" alt=\"\"\/><\/figure>\n\n\n\n<p>Tras dejar a Washington sumido en el caos poco despu\u00e9s de que sus partidarios irrumpieran en el Capitolio, Trump opt\u00f3 por permanecer en la arena pol\u00edtica&nbsp;<strong>recaudando fondos y haciendo actos<\/strong>&nbsp;en todo el pa\u00eds.<\/p>\n\n\n\n<p>En la campa\u00f1a hacia las elecciones legislativas del pasado martes, en los que se pronosticaba una derrota de los dem\u00f3cratas, Trump hizo de la negaci\u00f3n de los resultados de las elecciones de 2020 una prueba de fuego clave para que los candidatos obtuvieran su influyente respaldo pol\u00edtico.<\/p>\n\n\n\n<p>Pero el pron\u00f3stico de\u00a0una \u00abola roja\u00bb republicana no se materializ\u00f3, pues no consiguieron mayor\u00eda en el Senado y en la C\u00e1mara Baja, donde a\u00fan falta cerrar algunos escrutinios, se espera que logren una exigua mayor\u00eda.<\/p>\n\n\n\n<p>Esos resultados&nbsp;<strong>envalentonaron a los detractores republicanos de Trump<\/strong>&nbsp;y minaron la mayor parte de su impulso pol\u00edtico previo al lanzamiento de la campa\u00f1a el martes.<\/p>\n\n\n\n<p>\u00abB\u00e1sicamente es la tercera elecci\u00f3n consecutiva en la que Donald Trump nos cuesta la carrera, y son tres strikes y est\u00e1s fuera\u00bb (en el b\u00e9isbol), dijo el domingo a CNN el gobernador de Maryland, Larry Hogan, un cr\u00edtico del magnate.<\/p>\n\n\n\n<figure class=\"wp-block-image size-large\"><img decoding=\"async\" src=\"https:\/\/www.clarin.com\/img\/2022\/11\/09\/OwBDCZe4e_720x0__1.jpg\" alt=\"\"\/><\/figure>\n\n\n\n<p>La respuesta de Trump fue redoblar afirmaciones infundadas de fraude electoral en las elecciones intermedias &#8211;dijo en su plataforma Truth Social que&nbsp;<strong>los resultados fueron una \u00abestafa\u00bb<\/strong>&#8212; y responsabilizar al l\u00edder republicano del Senado, Mitch McConnell, del mal desempe\u00f1o.<\/p>\n\n\n\n<p>\u00abEs culpa de Mitch McConnell\u00bb, fustig\u00f3, agregando que el senador de Kentucky hab\u00eda asignado mal los fondos de la campa\u00f1a y sigui\u00f3 una agenda legislativa defectuosa.<\/p>\n\n\n\n<p>\u00abArruin\u00f3 las intermedias y todos lo desprecian\u00bb, agreg\u00f3 Trump, quien est\u00e1 en desacuerdo con McConnell desde hace mucho tiempo.<\/p>\n\n\n\n<p>El anuncio del martes es considerado por muchos como una forma de\u00a0<strong>quitarle aliento a los posibles rivales en la interna republicana<\/strong>, como a Ron DeSantis, el gobernador de Florida reelegido por amplio margen y\u00a0estrella en ascenso, que tambi\u00e9n se gan\u00f3 el respaldo del imperio medi\u00e1tico conservador de Rupert Murdoch.<\/p>\n\n\n\n<p><strong><span style=\"background-color:#a30003\" class=\"td_text_highlight_marker\">El escollo judicial de Donald Trump<\/span><\/strong><\/p>\n\n\n\n<p>Una nueva postulaci\u00f3n de Trump a la Casa Blanca tambi\u00e9n podr\u00eda verse obstaculizada por las m\u00faltiples investigaciones judiciales en su contra, lo que podr\u00eda resultar en su descalificaci\u00f3n.<\/p>\n\n\n\n<p>Entre ellas incluyen acusaciones de fraude contra su empresa familiar, sobre su papel en el ataque del 6 de enero contra el Capitolio y respecto a su manejo de documentos clasificados en su residencia privada de Florida, que fue allanada por el FBI en agosto.<\/p>\n\n\n\n<p>Pero el expresidente sabe de esc\u00e1ndalos y&nbsp;<strong>ha sobrevivido a dos juicios pol\u00edticos<\/strong>&nbsp;en el Congreso.<\/p>\n\n\n\n<p>Las elecciones de 2024 tambi\u00e9n podr\u00edan ser una repetici\u00f3n de las de 2020, ya que Biden reiter\u00f3 el mi\u00e9rcoles que tiene la intenci\u00f3n de presentarse a la reelecci\u00f3n, aunque aclar\u00f3 que tomar\u00e1 una decisi\u00f3n final el pr\u00f3ximo a\u00f1o.<\/p>\n\n\n\n<p>Pese a los s\u00f3lidos resultados de los comicios de medio mandato, algunos dem\u00f3cratas\u00a0<strong>piden que Biden se haga a un lado debido a sus 80 a\u00f1os\u00a0<\/strong>y a su impopularidad.<\/p>\n\n\n\n<p class=\"has-text-align-right\"><strong><em>Clarin.-<\/em><\/strong><\/p>\n","protected":false},"excerpt":{"rendered":"<p>Seg\u00fan un asesor del magnate, este martes anunciar\u00e1 desde su mansi\u00f3n en Florida que ir\u00e1 nuevamente por la presidencia de Estados Unidos.<\/p>\n","protected":false},"author":2,"featured_media":26765,"comment_status":"open","ping_status":"open","sticky":false,"template":"","format":"standard","meta":{"jnews-multi-image_gallery":[],"jnews_single_post":[],"jnews_primary_category":[],"jnews_social_meta":[],"jnews_review":[],"enable_review":"","type":"","name":"","summary":"","brand":"","sku":"","good":[],"bad":[],"score_override":"","override_value":"","rating":[],"price":[],"jnews_override_counter":[],"jnews_post_split":[],"footnotes":""},"categories":[88],"tags":[5486,2088,136,45],"class_list":["post-26764","post","type-post","status-publish","format-standard","has-post-thumbnail","hentry","category-internacionales","tag-candidatura","tag-donald-trump","tag-estados-unidos","tag-noticias"],"amp_enabled":true,"_links":{"self":[{"href":"https:\/\/esreviral.com\/index.php?rest_route=\/wp\/v2\/posts\/26764"}],"collection":[{"href":"https:\/\/esreviral.com\/index.php?rest_route=\/wp\/v2\/posts"}],"about":[{"href":"https:\/\/esreviral.com\/index.php?rest_route=\/wp\/v2\/types\/post"}],"author":[{"embeddable":true,"href":"https:\/\/esreviral.com\/index.php?rest_route=\/wp\/v2\/users\/2"}],"replies":[{"embeddable":true,"href":"https:\/\/esreviral.com\/index.php?rest_route=%2Fwp%2Fv2%2Fcomments&post=26764"}],"version-history":[{"count":0,"href":"https:\/\/esreviral.com\/index.php?rest_route=\/wp\/v2\/posts\/26764\/revisions"}],"wp:featuredmedia":[{"embeddable":true,"href":"https:\/\/esreviral.com\/index.php?rest_route=\/"}],"wp:attachment":[{"href":"https:\/\/esreviral.com\/index.php?rest_route=%2Fwp%2Fv2%2Fmedia&parent=26764"}],"wp:term":[{"taxonomy":"category","embeddable":true,"href":"https:\/\/esreviral.com\/index.php?rest_route=%2Fwp%2Fv2%2Fcategories&post=26764"},{"taxonomy":"post_tag","embeddable":true,"href":"https:\/\/esreviral.com\/index.php?rest_route=%2Fwp%2Fv2%2Ftags&post=26764"}],"curies":[{"name":"wp","href":"https:\/\/api.w.org\/{rel}","templated":true}]}}