{"id":26588,"date":"2022-11-11T07:41:18","date_gmt":"2022-11-11T12:41:18","guid":{"rendered":"https:\/\/esreviral.com\/?p=26588"},"modified":"2022-11-11T07:41:18","modified_gmt":"2022-11-11T12:41:18","slug":"dia-del-municipal-como-funcionaran-este-viernes-los-servicios-publicos","status":"publish","type":"post","link":"https:\/\/esreviral.com\/?p=26588","title":{"rendered":"D\u00eda del Municipal: c\u00f3mo funcionar\u00e1n este viernes los servicios p\u00fablicos"},"content":{"rendered":"\n<p class=\"has-drop-cap\">El Gobierno de la Ciudad Aut\u00f3noma de Buenos Aires informa el cronograma de servicios p\u00fablicos para este viernes 11 de noviembre, d\u00eda no laborable por el D\u00eda del Municipal.<\/p>\n\n\n\n<p><strong>Hospitales<\/strong>: funcionar\u00e1n solamente las guardias (con esquema de s\u00e1bado, domingo y feriados).<br><strong>Cementerios<\/strong>: las inhumaciones en los Cementerios de Chacarita, Flores, Recoleta y el ingreso de los fallecidos al Crematorio de la Ciudad Aut\u00f3noma de Buenos Aires se realizar\u00e1n en el horario de 7.30 a 14 horas a destino, recepcion\u00e1ndose el \u00faltimo tr\u00e1mite a las 13 horas e inici\u00e1ndose la \u00faltima inhumaci\u00f3n a las 13.30.<\/p>\n\n\n\n<p><strong>Direcci\u00f3n General de Rentas<\/strong>: cerrada.<\/p>\n\n\n\n<p><br><strong>Sedes Comunales<\/strong>: cerradas.<\/p>\n\n\n\n<p><br><strong>Parques<\/strong>: la Reserva Ecol\u00f3gica, el Jard\u00edn Bot\u00e1nico y el Ecoparque permanecer\u00e1n cerrados.<\/p>\n\n\n\n<p><strong>Teatros y Museos<\/strong>: el Complejo Teatral de Buenos Aires no tendr\u00e1 funciones, al igual que El Moderno. Tampoco abrir\u00e1n los museos de la Ciudad. Asimismo, el Teatro Col\u00f3n y Col\u00f3n F\u00e1brica no tendr\u00e1n funciones, aunque s\u00ed visitas guiadas.<br>Todos los dem\u00e1s servicios p\u00fablicos de la Ciudad funcionar\u00e1n con su esquema habitual.<\/p>\n\n\n\n<blockquote class=\"wp-block-quote td_quote_box td_box_center is-layout-flow wp-block-quote-is-layout-flow\"><p><em>Los polideportivos, el Ecoparque y el Complejo Teatral de Buenos Aires, entre otros establecimientos, estar\u00e1n cerrados<\/em><\/p><\/blockquote>\n\n\n\n<p class=\"has-text-align-right\"><em><strong>Prensa GCBA<\/strong>\u00a0.-<\/em><\/p>\n","protected":false},"excerpt":{"rendered":"<p>El Gobierno de la Ciudad Aut\u00f3noma de Buenos Aires informa el cronograma especial para este 3 de diciembre.<\/p>\n","protected":false},"author":2,"featured_media":26589,"comment_status":"open","ping_status":"open","sticky":false,"template":"","format":"standard","meta":{"jnews-multi-image_gallery":[],"jnews_single_post":[],"jnews_primary_category":[],"jnews_social_meta":[],"jnews_review":[],"enable_review":"","type":"","name":"","summary":"","brand":"","sku":"","good":[],"bad":[],"score_override":"","override_value":"","rating":[],"price":[],"jnews_override_counter":[],"jnews_post_split":[],"footnotes":""},"categories":[58],"tags":[44,5435,5436,45,2695],"class_list":["post-26588","post","type-post","status-publish","format-standard","has-post-thumbnail","hentry","category-argentina","tag-argentina","tag-dia-del-municipal","tag-esquema-habitual","tag-noticias","tag-servicios-publicos"],"amp_enabled":true,"_links":{"self":[{"href":"https:\/\/esreviral.com\/index.php?rest_route=\/wp\/v2\/posts\/26588"}],"collection":[{"href":"https:\/\/esreviral.com\/index.php?rest_route=\/wp\/v2\/posts"}],"about":[{"href":"https:\/\/esreviral.com\/index.php?rest_route=\/wp\/v2\/types\/post"}],"author":[{"embeddable":true,"href":"https:\/\/esreviral.com\/index.php?rest_route=\/wp\/v2\/users\/2"}],"replies":[{"embeddable":true,"href":"https:\/\/esreviral.com\/index.php?rest_route=%2Fwp%2Fv2%2Fcomments&post=26588"}],"version-history":[{"count":0,"href":"https:\/\/esreviral.com\/index.php?rest_route=\/wp\/v2\/posts\/26588\/revisions"}],"wp:featuredmedia":[{"embeddable":true,"href":"https:\/\/esreviral.com\/index.php?rest_route=\/"}],"wp:attachment":[{"href":"https:\/\/esreviral.com\/index.php?rest_route=%2Fwp%2Fv2%2Fmedia&parent=26588"}],"wp:term":[{"taxonomy":"category","embeddable":true,"href":"https:\/\/esreviral.com\/index.php?rest_route=%2Fwp%2Fv2%2Fcategories&post=26588"},{"taxonomy":"post_tag","embeddable":true,"href":"https:\/\/esreviral.com\/index.php?rest_route=%2Fwp%2Fv2%2Ftags&post=26588"}],"curies":[{"name":"wp","href":"https:\/\/api.w.org\/{rel}","templated":true}]}}