{"id":26499,"date":"2022-11-09T07:46:03","date_gmt":"2022-11-09T12:46:03","guid":{"rendered":"https:\/\/esreviral.com\/?p=26499"},"modified":"2022-11-09T07:46:03","modified_gmt":"2022-11-09T12:46:03","slug":"en-la-cop27-petro-y-maduro-convocan-a-una-gran-alianza-para-salvar-el-amazonas","status":"publish","type":"post","link":"https:\/\/esreviral.com\/?p=26499","title":{"rendered":"En la COP27, Petro y Maduro convocan a una gran alianza para salvar el Amazonas"},"content":{"rendered":"\n<p class=\"has-drop-cap\">Los presidentes de Colombia y Venezuela, Gustavo Petro y Nicol\u00e1s Maduro, llamaron ayer desde la COP27 a establecer una ambiciosa alianza por la protecci\u00f3n del Amazonas, en una jornada en la que se lanz\u00f3 una agenda global de adaptaci\u00f3n para ayudar a las comunidades m\u00e1s empobrecidas del mundo a resistir los impactos del calentamiento global.<\/p>\n\n\n\n<p>\u201cEstamos decididos a revitalizar la selva amaz\u00f3nica\u201d, para \u201cdarle una victoria importante a la humanidad en la lucha contra el cambio clim\u00e1tico\u201d, afirm\u00f3 Petro en un acto en la cumbre anual del clima.<\/p>\n\n\n\n<p>\u201cSi alguna responsabilidad tenemos los sudamericanos es detener la destrucci\u00f3n del Amazonas e iniciar un proceso de recuperaci\u00f3n coordinada, eficiente, consciente\u201d, afirm\u00f3 por su lado Maduro.<\/p>\n\n\n\n<p>Las ambiciones son grandes para lo que de momento es una declaraci\u00f3n de intenciones con m\u00faltiples aristas en estudio.<\/p>\n\n\n\n<p>Petro, impulsor de la iniciativa, llam\u00f3 a \u201cabrir un fondo\u201d que deber\u00e1 contar \u201ccon presupuesto nuestro\u201d y tambi\u00e9n con \u201cel aporte de las empresas privadas mundiales y de los Estados del mundo\u201d.<\/p>\n\n\n\n<figure class=\"wp-block-image size-large\"><img decoding=\"async\" src=\"https:\/\/s.france24.com\/media\/display\/46573b12-5f6c-11ed-a562-005056bfb2b6\/349dd67729f9eef9ae1c0b99aef868bcdf3e49cd.webp\" alt=\"\"\/><\/figure>\n\n\n\n<p>El dirigente colombiano record\u00f3 que su pa\u00eds movilizar\u00e1 200 millones de d\u00f3lares anuales durante 20 a\u00f1os para la protecci\u00f3n del Amazonas y apelo a la solidaridad de los organismos multilaterales desde una COP27 que tiene en la agenda el estudio de mecanismos para paliar los da\u00f1os y las p\u00e9rdidas causados por el cambio clim\u00e1tico en los pa\u00edses en v\u00edas de desarrollo.<\/p>\n\n\n\n<p>\u201cUno de los temas de consenso que podr\u00edan unificarnos con \u00c1frica, con parte del Asia, es el cambio de deuda por acci\u00f3n clim\u00e1tica\u201d, donde el FMI \u201ctiene un papel que cumplir\u201d, junto con los grandes pa\u00edses desarrollados del mundo, agreg\u00f3.<\/p>\n\n\n\n<p>El mandatario colombiano reconoci\u00f3 los \u201csinsabores\u201d que suponen las grandes reservas de carb\u00f3n, gas y petr\u00f3leo en toda la regi\u00f3n, empezando por Venezuela, pero reiter\u00f3 su discurso firme de terminar a plazo con el uso de energ\u00edas f\u00f3siles.<\/p>\n\n\n\n<p>Maduro y Petro fueron los \u00fanicos l\u00edderes latinoamericanos presentes en la COP27, ante las ausencias de mandatarios como Gabriel Boric (Chile), Alberto Fern\u00e1nez (la Argentina) o Luis Lacalle Pou (Uruguay). Se espera que el recientemente electo presidente de Brasil, Luiz Inacio Lula da Silva, se sume en estos d\u00edas.<\/p>\n\n\n\n<p>Queda pendiente plantear la iniciativa cara a cara a otros presidentes en una reuni\u00f3n que Petro quiere fijar a inicios de 2023 y en la que quiere incluir a los nueve pa\u00edses de la cuenca amaz\u00f3nica.<\/p>\n\n\n\n<p><strong><span style=\"background-color:#a30003\" class=\"td_text_highlight_marker\">Encuentros de Maduro<\/span><\/strong><\/p>\n\n\n\n<p>La conferencia clim\u00e1tica devolvi\u00f3 a la foto de familia de la comunidad internacional a Maduro, que recibi\u00f3 simb\u00f3licos saludos por parte de l\u00edderes que repudiaron la deriva autoritaria chavista y priorizaron las relaciones con el opositor Juan Guaid\u00f3.<\/p>\n\n\n\n<p>El gobierno venezolano y los medios chavistas difundieron en las \u00faltimas horas im\u00e1genes de encuentros de Maduro con el presidente de Francia, Emmanuel Macron, y el primer ministro de Portugal, Antonio Costa. Charlas aparentemente improvisadas en los m\u00e1rgenes del foro y en la que la conversaci\u00f3n estuvo marcada por un tono distendido, con sendas invitaciones de Maduro a Costa y Macron para que viajen a Venezuela.<\/p>\n\n\n\n<p>\u201cTenemos muy buenos amigos en com\u00fan\u201d, le dijo el mandatario venezolano a su par galo, que poco despu\u00e9s le traslada su disposici\u00f3n a seguir hablando en el futuro. Francia ser\u00e1 anfitri\u00f3n ma\u00f1ana y el viernes del Foro de la Paz de Par\u00eds, que dedicar\u00e1 precisamente parte de su contenido a la situaci\u00f3n en Venezuela.<\/p>\n\n\n\n<p><strong><span style=\"background-color:#a30003\" class=\"td_text_highlight_marker\">Comunidades vulnerables<\/span><\/strong><\/p>\n\n\n\n<p>En la misma jornada, en un encuentro entre l\u00edderes en el que el foco fue p\u00e9rdidas y da\u00f1os, los anfitriones de las conversaciones clim\u00e1ticas lanzaron un plan global para aumentar la resiliencia de las comunidades m\u00e1s vulnerables a los impactos del cambio clim\u00e1tico.<\/p>\n\n\n\n<p>La Agenda de Adaptaci\u00f3n de Sharm-el-Sheikh establece 30 objetivos para abordar la brecha de adaptaci\u00f3n y lograr un mundo apto para hacer frente a los graves riesgos clim\u00e1ticos para 2030.<\/p>\n\n\n\n<p>La presidencia de la COP27 realiz\u00f3 un llamamiento a los actores estatales y no estatales para sumarse a este esfuerzo que busca mejorar la resistencia de 4000 millones de personas que viven en las comunidades m\u00e1s vulnerables.<\/p>\n\n\n\n<p>Los objetivos urgentes incluyen llevar al mundo a pr\u00e1cticas agr\u00edcolas m\u00e1s sostenibles que podr\u00edan aumentar los rendimientos en un 17% y reducir las emisiones un 21%. Otros objetivos incluyen proteger a 3000 millones de personas de eventos clim\u00e1ticos catastr\u00f3ficos mediante la instalaci\u00f3n de sistemas de alerta temprana para ayudarlos a prepararse; invertir 4000 millones de d\u00f3lares en la restauraci\u00f3n de manglares, que protegen contra inundaciones, y ampliar las opciones de cocina limpia a 2400 millones de personas para reducir la contaminaci\u00f3n del aire interior.<\/p>\n\n\n\n<p>En total, el plan busca movilizar hasta 300.000 millones de d\u00f3lares al a\u00f1o de inversionistas privados y p\u00fablicos. Por el contrario, los bancos multilaterales de desarrollo m\u00e1s grandes del mundo gastaron 17.000 millones de d\u00f3lares en financiar la adaptaci\u00f3n para pa\u00edses m\u00e1s pobres en 2021, seg\u00fan mostr\u00f3 un informe de los bancos publicado el mes pasado.<\/p>\n\n\n\n<p>Un nuevo informe sobre la brecha de adaptaci\u00f3n elaborado por ONU Medio Ambiente sostiene que los flujos de financiaci\u00f3n internacional para la adaptaci\u00f3n de los pa\u00edses en desarrollo son entre cinco y diez veces inferiores a lo necesario para afrontar una brecha cada vez mayor, para la que se necesita una inversi\u00f3n de 340.000 millones de d\u00f3lares al a\u00f1o hasta 2030.<\/p>\n\n\n\n<p class=\"has-text-align-right\"><strong><em>LaNaci\u00f3n.-<\/em><\/strong><\/p>\n","protected":false},"excerpt":{"rendered":"<p>Los pa\u00edses en v\u00edas de desarrollo exigieron mayor financiaci\u00f3n para asegurar la adaptaci\u00f3n y enfrentar los da\u00f1os causados por el cambio clim\u00e1tico<\/p>\n","protected":false},"author":2,"featured_media":26500,"comment_status":"open","ping_status":"open","sticky":false,"template":"","format":"standard","meta":{"jnews-multi-image_gallery":[],"jnews_single_post":[],"jnews_primary_category":[],"jnews_social_meta":[],"jnews_review":[],"enable_review":"","type":"","name":"","summary":"","brand":"","sku":"","good":[],"bad":[],"score_override":"","override_value":"","rating":[],"price":[],"jnews_override_counter":[],"jnews_post_split":[],"footnotes":""},"categories":[59],"tags":[5396,5334,283,1549,1068,45,2880,56],"class_list":["post-26499","post","type-post","status-publish","format-standard","has-post-thumbnail","hentry","category-politica","tag-alianza","tag-amazonas","tag-colombia","tag-gustavo-petro","tag-nicolas-maduro","tag-noticias","tag-petro-y-maduro","tag-venezuela"],"amp_enabled":true,"_links":{"self":[{"href":"https:\/\/esreviral.com\/index.php?rest_route=\/wp\/v2\/posts\/26499"}],"collection":[{"href":"https:\/\/esreviral.com\/index.php?rest_route=\/wp\/v2\/posts"}],"about":[{"href":"https:\/\/esreviral.com\/index.php?rest_route=\/wp\/v2\/types\/post"}],"author":[{"embeddable":true,"href":"https:\/\/esreviral.com\/index.php?rest_route=\/wp\/v2\/users\/2"}],"replies":[{"embeddable":true,"href":"https:\/\/esreviral.com\/index.php?rest_route=%2Fwp%2Fv2%2Fcomments&post=26499"}],"version-history":[{"count":0,"href":"https:\/\/esreviral.com\/index.php?rest_route=\/wp\/v2\/posts\/26499\/revisions"}],"wp:featuredmedia":[{"embeddable":true,"href":"https:\/\/esreviral.com\/index.php?rest_route=\/"}],"wp:attachment":[{"href":"https:\/\/esreviral.com\/index.php?rest_route=%2Fwp%2Fv2%2Fmedia&parent=26499"}],"wp:term":[{"taxonomy":"category","embeddable":true,"href":"https:\/\/esreviral.com\/index.php?rest_route=%2Fwp%2Fv2%2Fcategories&post=26499"},{"taxonomy":"post_tag","embeddable":true,"href":"https:\/\/esreviral.com\/index.php?rest_route=%2Fwp%2Fv2%2Ftags&post=26499"}],"curies":[{"name":"wp","href":"https:\/\/api.w.org\/{rel}","templated":true}]}}