{"id":26491,"date":"2022-11-09T07:27:59","date_gmt":"2022-11-09T12:27:59","guid":{"rendered":"https:\/\/esreviral.com\/?p=26491"},"modified":"2022-11-09T07:27:59","modified_gmt":"2022-11-09T12:27:59","slug":"se-reunio-la-mesa-nacional-de-juntos-por-el-cambio","status":"publish","type":"post","link":"https:\/\/esreviral.com\/?p=26491","title":{"rendered":"Se reuni\u00f3 la Mesa Nacional de Juntos por el Cambio"},"content":{"rendered":"\n<p class=\"has-drop-cap\">En la reuni\u00f3n de la Mesa Nacional de Juntos por el Cambio se ratific\u00f3 el compromiso con la cohesi\u00f3n y la coherencia que el espacio viene exhibiendo desde su conformaci\u00f3n, m\u00e1s all\u00e1 de las leg\u00edtimas diferencias l\u00f3gicas de una coalici\u00f3n de partidos pol\u00edticos.<\/p>\n\n\n\n<p>Se acord\u00f3 el criterio rector para definir las candidaturas en aquellos distritos donde no hay Paso, y que consiste en que, ante la falta de acuerdo se realizar\u00e1n internas abiertas. A tal efecto los partidos nacionales integrantes de Juntos por el Cambio sumar\u00e1n el compromiso de los distritos con esta metodolog\u00eda que garantiza pluralismo y transparencia.<\/p>\n\n\n\n<p>Tambi\u00e9n se analiz\u00f3 el fallo de la Corte Suprema de Justicia que hizo lugar al planteo de Juntos por el Cambio en relaci\u00f3n a la conformaci\u00f3n del Consejo de la Magistratura que garantiza el respeto a las normas constitucionales.<\/p>\n\n\n\n<p>Insistimos en se\u00f1alar con mucha preocupaci\u00f3n el incremento descontrolado de la inflaci\u00f3n, lo que afecta el poder adquisitivo de los ciudadanos.<\/p>\n\n\n\n<p>Finalmente, se acord\u00f3 continuar con &nbsp;la realizaci\u00f3n de encuentros program\u00e1ticos para fines de noviembre, en esta ocasi\u00f3n ser\u00e1 sobre pol\u00edticas p\u00fablicas de energ\u00eda.<\/p>\n\n\n\n<p>Se deleg\u00f3 en los presidentes de los partidos la coordinaci\u00f3n de la fecha de la pr\u00f3xima reuni\u00f3n de la Mesa.<\/p>\n\n\n\n<p>Participaron de la reuni\u00f3n el ex presidente de la Naci\u00f3n Mauricio Macri, los gobernadores Gerardo Morales (Jujuy), Gustavo Vald\u00e9s (Corrientes), Rodolfo Su\u00e1rez (Mendoza), el jefe de Gobierno porte\u00f1o Horacio Rodr\u00edguez Larreta, el auditor de la Naci\u00f3n Miguel \u00c1ngel Pichetto, la presidenta del PRO Patricia Bullrich; los senadores nacionales Mart\u00edn Lousteau, Luis Naidenoff, Humberto Schiavoni, Alfredo Cornejo; los diputados nacionales Juan Manuel L\u00f3pez, Maximiliano Ferraro, Cristian Ritondo; Mario Negri, Mar\u00eda Eugenia Vidal; Ricardo L\u00f3pez Murphy y Margarita Stolbizer; la diputada provincial Maricel Etchecoin y el ex presidente Ram\u00f3n Puerta, adem\u00e1s de los coordinadores de la Mesa, Andr\u00e9s de Leo, Jorge Triaca y Ram\u00f3n Mestre.<\/p>\n\n\n\n<p class=\"has-text-align-right\"><strong><em>Prensa Juntos por el Cambio.-<\/em><\/strong><\/p>\n","protected":false},"excerpt":{"rendered":"<p>En la reuni\u00f3n de la Mesa Nacional de Juntos por el Cambio se ratific\u00f3 el compromiso con la cohesi\u00f3n y la coherencia que el espacio viene exhibiendo desde su conformaci\u00f3n, m\u00e1s all\u00e1 de las leg\u00edtimas diferencias l\u00f3gicas de una coalici\u00f3n de partidos pol\u00edticos. Se acord\u00f3 el criterio rector para definir las candidaturas en aquellos distritos [&hellip;]<\/p>\n","protected":false},"author":2,"featured_media":26492,"comment_status":"open","ping_status":"open","sticky":false,"template":"","format":"standard","meta":{"jnews-multi-image_gallery":[],"jnews_single_post":[],"jnews_primary_category":[],"jnews_social_meta":[],"jnews_review":[],"enable_review":"","type":"","name":"","summary":"","brand":"","sku":"","good":[],"bad":[],"score_override":"","override_value":"","rating":[],"price":[],"jnews_override_counter":[],"jnews_post_split":[],"footnotes":""},"categories":[59],"tags":[44,257,5390,45,5391],"class_list":["post-26491","post","type-post","status-publish","format-standard","has-post-thumbnail","hentry","category-politica","tag-argentina","tag-juntos-por-el-cambio","tag-mesa-nacional","tag-noticias","tag-politica-3"],"amp_enabled":true,"_links":{"self":[{"href":"https:\/\/esreviral.com\/index.php?rest_route=\/wp\/v2\/posts\/26491"}],"collection":[{"href":"https:\/\/esreviral.com\/index.php?rest_route=\/wp\/v2\/posts"}],"about":[{"href":"https:\/\/esreviral.com\/index.php?rest_route=\/wp\/v2\/types\/post"}],"author":[{"embeddable":true,"href":"https:\/\/esreviral.com\/index.php?rest_route=\/wp\/v2\/users\/2"}],"replies":[{"embeddable":true,"href":"https:\/\/esreviral.com\/index.php?rest_route=%2Fwp%2Fv2%2Fcomments&post=26491"}],"version-history":[{"count":0,"href":"https:\/\/esreviral.com\/index.php?rest_route=\/wp\/v2\/posts\/26491\/revisions"}],"wp:featuredmedia":[{"embeddable":true,"href":"https:\/\/esreviral.com\/index.php?rest_route=\/"}],"wp:attachment":[{"href":"https:\/\/esreviral.com\/index.php?rest_route=%2Fwp%2Fv2%2Fmedia&parent=26491"}],"wp:term":[{"taxonomy":"category","embeddable":true,"href":"https:\/\/esreviral.com\/index.php?rest_route=%2Fwp%2Fv2%2Fcategories&post=26491"},{"taxonomy":"post_tag","embeddable":true,"href":"https:\/\/esreviral.com\/index.php?rest_route=%2Fwp%2Fv2%2Ftags&post=26491"}],"curies":[{"name":"wp","href":"https:\/\/api.w.org\/{rel}","templated":true}]}}