{"id":26488,"date":"2022-11-09T07:19:31","date_gmt":"2022-11-09T12:19:31","guid":{"rendered":"https:\/\/esreviral.com\/?p=26488"},"modified":"2022-11-09T07:19:31","modified_gmt":"2022-11-09T12:19:31","slug":"disputa-expresidente-de-la-fifa-califica-de-error-que-qatar-sea-la-sede-del-mundial","status":"publish","type":"post","link":"https:\/\/esreviral.com\/?p=26488","title":{"rendered":"Disputa: expresidente de la FIFA califica de \u201cerror\u201d que Qatar sea la sede del mundial"},"content":{"rendered":"\n<p class=\"has-drop-cap\">Con el Mundial cada vez m\u00e1s cerca y mientras las selecciones participantes ultiman detalles y ya presentan sus listas finales para la competencia de f\u00fatbol m\u00e1s importante del mundo, Joseph Blatter sorprendi\u00f3 con una ins\u00f3lita confesi\u00f3n que ya tiene repercusiones. Es que en una nota que realiz\u00f3 con el grupo de comunicaci\u00f3n Tamedia, el suizo reconoci\u00f3 que la elecci\u00f3n de Qatar como sede \u00abfue un error\u00bb.<\/p>\n\n\n\n<p>Lo llamativo de sus declaraciones es que no s\u00f3lo Blatter era el presidente de FIFA cuando se realiz\u00f3 la elecci\u00f3n y fue uno de los grandes impulsores, sino que adem\u00e1s, \u00e9l mismo fue el encargado de anunciar, ese recordado 2 de diciembre del 2010 en Zurich, que Qatar ser\u00eda el organizador del Mundial del 2022.<\/p>\n\n\n\n<p>Sin embargo, a menos de dos semanas del inicio, parece haber perdido el entusiasmo. \u00abEl f\u00fatbol y el Mundial son demasiado grandes para eso (&#8230;) Yo fui el responsable en su momento como presidente de la FIFA\u00bb. Blatter estuvo a cargo de la m\u00e1xima entidad del f\u00fatbol entre 1998 y 2015. Luego fue suspendido por el recordado FIFA Gate.<\/p>\n\n\n\n<p>Adem\u00e1s, ins\u00f3litamente tambi\u00e9n reconoci\u00f3 que la competencia deber\u00eda haberse realizado en Estados Unidos, quien inicialmente era el gran candidato a quedarse con la sede luego del Mundial de Rusia 2018: \u00abHubiera sido un gesto de paz si los dos adversarios pol\u00edticos hubieran organizado la Copa del Mundo uno tras otro\u00bb.<\/p>\n\n\n\n<p>\u201cGracias a los cuatro votos de Platini y su equipo, la Copa del Mundo fue a Qatar en vez de a Estados Unidos, esa es la verdad\u201d, agreg\u00f3 el suizo. Blatter record\u00f3 tambi\u00e9n que Nicolas Sarkozy, entonces presidente de Francia, presion\u00f3 a Michel Platini, que era el presidente de la UEFA, para que los votos de la entidad europea fueran para Qatar. \u201cSeis meses m\u00e1s tarde, Qatar compr\u00f3 aviones de combate a Francia por valor de 14,6 millones de d\u00f3lares, era por supuesto un asunto de dinero\u201d, asegur\u00f3 Blatter.<\/p>\n\n\n\n<p>No es la primera vez que Blatter habla de su \u00abarrepentimiento\u00bb por la designaci\u00f3n de Qatar. En una entrevista con Le Monde en noviembre de 2021, a un a\u00f1o del evento que comenzar\u00e1 este 20 de noviembre y que se disputar\u00e1 hasta el 18 de diciembre, el ex presidente de la FIFA ya se hab\u00eda mostrado resignado por la elecci\u00f3n: \u00abNo podemos cambiar la historia\u201d. Las cr\u00edticas a la elecci\u00f3n de Qatar<\/p>\n\n\n\n<p>La elecci\u00f3n de Qatar fue muy criticada desde el d\u00eda en el que se design\u00f3 la sede. Desde esc\u00e1ndalos de corrupci\u00f3n dentro de la FIFA, hasta la intervenci\u00f3n de distintas ONG que llamaron a boicot por el incumplimiento de los derechos humanos fundamentales.<\/p>\n\n\n\n<p>El entrenador del Liverpool, el alem\u00e1n J\u00fcrgen Klopp, dijo en una conferencia de prensa que \u00abtodos somos c\u00f3mplices\u00bb de no denunciar a la organizaci\u00f3n del Mundial de Qatar por infringir las leyes de derechos humanos en la construcci\u00f3n de los estadios. \u00abNo se puede trabajar al aire libre con 50 grados de temperatura\u00bb, dijo el entrenador del equipo ingl\u00e9s que luego defendi\u00f3 a los futbolistas: \u201c\u00bfPor qu\u00e9 se les exige a los jugadores que hagan una declaraci\u00f3n? Los jugadores se preparan para una competencia, no son los organizadores\u201d.&nbsp;<\/p>\n\n\n\n<p class=\"has-text-align-right\"><strong><em>Clarin.-<\/em><\/strong><\/p>\n","protected":false},"excerpt":{"rendered":"<p>\u201cEn decisiones tan importantes como la atribuci\u00f3n de un Mundial es muy posible que el dinero circule y que alguien se lo meta en el bolsillo\u201d, se\u00f1al\u00f3 Blatter.<\/p>\n","protected":false},"author":2,"featured_media":26489,"comment_status":"open","ping_status":"open","sticky":false,"template":"","format":"standard","meta":{"jnews-multi-image_gallery":[],"jnews_single_post":[],"jnews_primary_category":[],"jnews_social_meta":[],"jnews_review":[],"enable_review":"","type":"","name":"","summary":"","brand":"","sku":"","good":[],"bad":[],"score_override":"","override_value":"","rating":[],"price":[],"jnews_override_counter":[],"jnews_post_split":[],"footnotes":""},"categories":[74],"tags":[5388,1144,5389,72,73,5021,45],"class_list":["post-26488","post","type-post","status-publish","format-standard","has-post-thumbnail","hentry","category-mundial-qatar-2022","tag-expresidente-de-la-fifa","tag-fifa","tag-josep-blatter","tag-mundial-de-futbol","tag-mundial-de-qatar-2022","tag-mundial-qatar-2022","tag-noticias"],"amp_enabled":true,"_links":{"self":[{"href":"https:\/\/esreviral.com\/index.php?rest_route=\/wp\/v2\/posts\/26488"}],"collection":[{"href":"https:\/\/esreviral.com\/index.php?rest_route=\/wp\/v2\/posts"}],"about":[{"href":"https:\/\/esreviral.com\/index.php?rest_route=\/wp\/v2\/types\/post"}],"author":[{"embeddable":true,"href":"https:\/\/esreviral.com\/index.php?rest_route=\/wp\/v2\/users\/2"}],"replies":[{"embeddable":true,"href":"https:\/\/esreviral.com\/index.php?rest_route=%2Fwp%2Fv2%2Fcomments&post=26488"}],"version-history":[{"count":0,"href":"https:\/\/esreviral.com\/index.php?rest_route=\/wp\/v2\/posts\/26488\/revisions"}],"wp:featuredmedia":[{"embeddable":true,"href":"https:\/\/esreviral.com\/index.php?rest_route=\/"}],"wp:attachment":[{"href":"https:\/\/esreviral.com\/index.php?rest_route=%2Fwp%2Fv2%2Fmedia&parent=26488"}],"wp:term":[{"taxonomy":"category","embeddable":true,"href":"https:\/\/esreviral.com\/index.php?rest_route=%2Fwp%2Fv2%2Fcategories&post=26488"},{"taxonomy":"post_tag","embeddable":true,"href":"https:\/\/esreviral.com\/index.php?rest_route=%2Fwp%2Fv2%2Ftags&post=26488"}],"curies":[{"name":"wp","href":"https:\/\/api.w.org\/{rel}","templated":true}]}}