{"id":26380,"date":"2022-11-07T07:44:08","date_gmt":"2022-11-07T12:44:08","guid":{"rendered":"https:\/\/esreviral.com\/?p=26380"},"modified":"2022-11-07T07:44:08","modified_gmt":"2022-11-07T12:44:08","slug":"mueren-cinco-militares-en-accidente-aereo-en-el-sur-de-venezuela","status":"publish","type":"post","link":"https:\/\/esreviral.com\/?p=26380","title":{"rendered":"Mueren cinco militares en accidente a\u00e9reo en el sur de Venezuela"},"content":{"rendered":"\n<p class=\"has-drop-cap\">La gobernaci\u00f3n de Amazonas confirm\u00f3 que fallecieron los cinco Tripulantes de la Aeronave Cessna Caravan de C208B de siglas AMB 0956, tras precipitarse a tierra la ma\u00f1ana de este domingo.<\/p>\n\n\n\n<div class=\"wp-block-image\"><figure class=\"aligncenter size-large\"><img decoding=\"async\" src=\"https:\/\/noticiasdeaquico.files.wordpress.com\/2022\/11\/20221106_132608.jpg\" alt=\"\"\/><\/figure><\/div>\n\n\n\n<p>La gobernaci\u00f3n de Amazonas confirm\u00f3 la informaci\u00f3n<\/p>\n\n\n\n<figure class=\"wp-block-image size-large\"><img decoding=\"async\" src=\"https:\/\/noticiasdeaquico.files.wordpress.com\/2022\/11\/20221106_132605.jpg?w=1021\" alt=\"\"\/><\/figure>\n\n\n\n<p>La FANB se\u00f1al\u00f3, en un comunicado publicado en su cuenta de\u00a0Twitter,\u00a0que\u00a0<strong>el avi\u00f3n se precipit\u00f3 a tierra a las 06.56 a.m.,<\/strong>\u00a0a 3 kil\u00f3metros de la cabecera de una base a\u00e9rea del estado Amazonas, cuando realizaban una misi\u00f3n de entrenamiento de vuelo.<\/p>\n\n\n\n<figure class=\"wp-block-embed is-type-rich is-provider-twitter wp-block-embed-twitter\"><div class=\"wp-block-embed__wrapper\">\n<blockquote class=\"twitter-tweet\" data-width=\"500\" data-dnt=\"true\"><p lang=\"es\" dir=\"ltr\">\ud83d\udcc4 <a href=\"https:\/\/twitter.com\/hashtag\/Atenci%C3%B3n?src=hash&amp;ref_src=twsrc%5Etfw\">#Atenci\u00f3n<\/a> || Comunicado de la FANB referente al tr\u00e1gico fallecimiento de 5 Oficiales de la Aviaci\u00f3n Militar Bolivariana que cumplian misi\u00f3n  de vuelo. <a href=\"https:\/\/t.co\/2oHLXUu3cL\">pic.twitter.com\/2oHLXUu3cL<\/a><\/p>&mdash; Prensa FANB (@PrensaFANB) <a href=\"https:\/\/twitter.com\/PrensaFANB\/status\/1589312974342492160?ref_src=twsrc%5Etfw\">November 6, 2022<\/a><\/blockquote><script async src=\"https:\/\/platform.twitter.com\/widgets.js\" charset=\"utf-8\"><\/script>\n<\/div><\/figure>\n\n\n\n<p>Asimismo, indic\u00f3 que hasta el momento\u00a0<strong>se han rescatado cuatro cuerpos sin vida y se contin\u00faa con la b\u00fasqueda del quinto tripulante.<\/strong><\/p>\n\n\n\n<p>\u00abEl ciudadano Nicol\u00e1s Maduro, presidente de la Rep\u00fablica Bolivariana de Venezuela, comandante en jefe de la FANB, ha ordenado iniciar las averiguaciones correspondientes con el objeto de determinar las posibles causas del siniestro\u00bb, agreg\u00f3 la instituci\u00f3n militar.<\/p>\n\n\n\n<figure class=\"wp-block-embed is-type-rich is-provider-twitter wp-block-embed-twitter\"><div class=\"wp-block-embed__wrapper\">\n<blockquote class=\"twitter-tweet\" data-width=\"500\" data-dnt=\"true\"><p lang=\"es\" dir=\"ltr\">El Gobernador de <a href=\"https:\/\/twitter.com\/hashtag\/Amazonas?src=hash&amp;ref_src=twsrc%5Etfw\">#Amazonas<\/a> Miguel Rodr\u00edguez escribe en su cuenta en Facebook sobre el siniestro, adem\u00e1s agrega fotos del lugar del hecho \ud83d\udc47<br><br>\ud83d\udcf8 Cortes\u00eda <a href=\"https:\/\/t.co\/z05j0QV9xM\">pic.twitter.com\/z05j0QV9xM<\/a><\/p>&mdash; Carolina Azavache (@CarolinaAzavach) <a href=\"https:\/\/twitter.com\/CarolinaAzavach\/status\/1589323829259554816?ref_src=twsrc%5Etfw\">November 6, 2022<\/a><\/blockquote><script async src=\"https:\/\/platform.twitter.com\/widgets.js\" charset=\"utf-8\"><\/script>\n<\/div><\/figure>\n\n\n\n<p class=\"has-text-align-right\"><em><strong>a<\/strong><\/em><strong><em>lnavio.es.-<\/em><\/strong><\/p>\n","protected":false},"excerpt":{"rendered":"<p>Cinco militares de la Fuerza Armada Nacional Bolivariana (FANB) de Venezuela fallecieron cuando el avi\u00f3n en el que viajaban se precipit\u00f3 a tierra en un sector despoblado del estado Amazonas, inform\u00f3 este domingo el gobernador de la regi\u00f3n, Miguel Rodr\u00edguez.<\/p>\n","protected":false},"author":2,"featured_media":26383,"comment_status":"open","ping_status":"open","sticky":false,"template":"","format":"standard","meta":{"jnews-multi-image_gallery":[],"jnews_single_post":[],"jnews_primary_category":[],"jnews_social_meta":[],"jnews_review":[],"enable_review":"","type":"","name":"","summary":"","brand":"","sku":"","good":[],"bad":[],"score_override":"","override_value":"","rating":[],"price":[],"jnews_override_counter":[],"jnews_post_split":[],"footnotes":""},"categories":[64],"tags":[433,5334,1676,5335,5336,45,56],"class_list":["post-26380","post","type-post","status-publish","format-standard","has-post-thumbnail","hentry","category-sucesos","tag-accidente","tag-amazonas","tag-avion","tag-fanb","tag-gobernacion-de-amazonas","tag-noticias","tag-venezuela"],"amp_enabled":true,"_links":{"self":[{"href":"https:\/\/esreviral.com\/index.php?rest_route=\/wp\/v2\/posts\/26380"}],"collection":[{"href":"https:\/\/esreviral.com\/index.php?rest_route=\/wp\/v2\/posts"}],"about":[{"href":"https:\/\/esreviral.com\/index.php?rest_route=\/wp\/v2\/types\/post"}],"author":[{"embeddable":true,"href":"https:\/\/esreviral.com\/index.php?rest_route=\/wp\/v2\/users\/2"}],"replies":[{"embeddable":true,"href":"https:\/\/esreviral.com\/index.php?rest_route=%2Fwp%2Fv2%2Fcomments&post=26380"}],"version-history":[{"count":0,"href":"https:\/\/esreviral.com\/index.php?rest_route=\/wp\/v2\/posts\/26380\/revisions"}],"wp:featuredmedia":[{"embeddable":true,"href":"https:\/\/esreviral.com\/index.php?rest_route=\/"}],"wp:attachment":[{"href":"https:\/\/esreviral.com\/index.php?rest_route=%2Fwp%2Fv2%2Fmedia&parent=26380"}],"wp:term":[{"taxonomy":"category","embeddable":true,"href":"https:\/\/esreviral.com\/index.php?rest_route=%2Fwp%2Fv2%2Fcategories&post=26380"},{"taxonomy":"post_tag","embeddable":true,"href":"https:\/\/esreviral.com\/index.php?rest_route=%2Fwp%2Fv2%2Ftags&post=26380"}],"curies":[{"name":"wp","href":"https:\/\/api.w.org\/{rel}","templated":true}]}}