{"id":26193,"date":"2022-11-03T10:15:32","date_gmt":"2022-11-03T15:15:32","guid":{"rendered":"https:\/\/esreviral.com\/?p=26193"},"modified":"2022-11-03T10:15:32","modified_gmt":"2022-11-03T15:15:32","slug":"el-sambil-la-candelaria-anuncio-la-fecha-de-apertura-al-publico","status":"publish","type":"post","link":"https:\/\/esreviral.com\/?p=26193","title":{"rendered":"El Sambil La Candelaria anunci\u00f3 la fecha de apertura al p\u00fablico"},"content":{"rendered":"\n<p class=\"has-drop-cap\">El Centro Comercial Sambil La Candelaria, abrir\u00e1 sus puertas el pr\u00f3ximo 30 de noviembre, inform\u00f3 el presidente de la constructora, Freddy Cohen en redes sociales.<\/p>\n\n\n\n<p>Cohen explic\u00f3 a\u00a0<em>Uni\u00f3n Radio<\/em>, que el centro comercial entrar\u00e1 en funcionamiento con casi el 40% de sus aliados comerciales instalados para el fin de mes.<\/p>\n\n\n\n<p>\u201cYo dir\u00eda que estamos al 95% a la parte que le corresponde al Sambil, nosotros ahorita<strong>&nbsp;estamos a la espera de que nuestros aliados comerciales contin\u00faen sus labores de adecuaci\u00f3n y remodelaci\u00f3n para que est\u00e9n listos lo antes posible, nosotros estimamos que abran entre 100 y 130 locales<\/strong>&nbsp;para el 30 de noviembre\u201d precis\u00f3.<\/p>\n\n\n\n<p>El Sambil de La Candelaria, contar\u00e1 con 335 locales, cinco pisos de tienda y el sexto ser\u00e1 para la zona de comida y el cine.<\/p>\n\n\n\n<p>Asimismo, Cohen consider\u00f3 que esta apertura generar\u00e1 alrededor de 1000 empleos directos, mientras que la apertura formal, que ser\u00e1 el a\u00f1o que viene, el 28 de mayo, ser\u00edan 3500 directos.<\/p>\n\n\n\n<figure class=\"wp-block-embed is-type-rich is-provider-twitter wp-block-embed-twitter\"><div class=\"wp-block-embed__wrapper\">\n<blockquote class=\"twitter-tweet\" data-width=\"500\" data-dnt=\"true\"><p lang=\"es\" dir=\"ltr\">\u00bfQu\u00e9 podr\u00e1s encontrar a partir del 30\/11 en el Centro Comercial Sambil La Candelaria?<br><br>-En esta primera apertura abrir\u00e1n entre 100 y 130 locales comerciales.<br><br>&#8211; Cinco pisos de tiendas y un sexto piso dedicado a la &quot;Zona Gourmet&quot;.<br><br>&#8211; Dos estacionamientos, uno vertical y 2 s\u00f3tanos. <a href=\"https:\/\/t.co\/MLyHcX9rmh\">pic.twitter.com\/MLyHcX9rmh<\/a><\/p>&mdash; Daniela Rojas D\u00edaz (@DanielavRojasD) <a href=\"https:\/\/twitter.com\/DanielavRojasD\/status\/1587830626274914305?ref_src=twsrc%5Etfw\">November 2, 2022<\/a><\/blockquote><script async src=\"https:\/\/platform.twitter.com\/widgets.js\" charset=\"utf-8\"><\/script>\n<\/div><\/figure>\n\n\n\n<p class=\"has-text-align-right\"><strong><em>bitlymonitor.com.-<\/em><\/strong><\/p>\n","protected":false},"excerpt":{"rendered":"<p>El presidente de la constructora Sambil, Freddy Cohen, dijo que \u00abestamos a la espera de que nuestros aliados comerciales contin\u00faen sus labores de adecuaci\u00f3n y remodelaci\u00f3n para que est\u00e9n listos lo antes posible\u00bb.<\/p>\n","protected":false},"author":2,"featured_media":26194,"comment_status":"open","ping_status":"open","sticky":false,"template":"","format":"standard","meta":{"jnews-multi-image_gallery":[],"jnews_single_post":[],"jnews_primary_category":[],"jnews_social_meta":[],"jnews_review":[],"enable_review":"","type":"","name":"","summary":"","brand":"","sku":"","good":[],"bad":[],"score_override":"","override_value":"","rating":[],"price":[],"jnews_override_counter":[],"jnews_post_split":[],"footnotes":""},"categories":[66],"tags":[5285,5286,5287,1675,45,56],"class_list":["post-26193","post","type-post","status-publish","format-standard","has-post-thumbnail","hentry","category-venezuela","tag-apertura-al-publico","tag-centro-comercial-sambil-la-candelaria","tag-freddy-cohen","tag-la-candelaria","tag-noticias","tag-venezuela"],"amp_enabled":true,"_links":{"self":[{"href":"https:\/\/esreviral.com\/index.php?rest_route=\/wp\/v2\/posts\/26193"}],"collection":[{"href":"https:\/\/esreviral.com\/index.php?rest_route=\/wp\/v2\/posts"}],"about":[{"href":"https:\/\/esreviral.com\/index.php?rest_route=\/wp\/v2\/types\/post"}],"author":[{"embeddable":true,"href":"https:\/\/esreviral.com\/index.php?rest_route=\/wp\/v2\/users\/2"}],"replies":[{"embeddable":true,"href":"https:\/\/esreviral.com\/index.php?rest_route=%2Fwp%2Fv2%2Fcomments&post=26193"}],"version-history":[{"count":0,"href":"https:\/\/esreviral.com\/index.php?rest_route=\/wp\/v2\/posts\/26193\/revisions"}],"wp:featuredmedia":[{"embeddable":true,"href":"https:\/\/esreviral.com\/index.php?rest_route=\/"}],"wp:attachment":[{"href":"https:\/\/esreviral.com\/index.php?rest_route=%2Fwp%2Fv2%2Fmedia&parent=26193"}],"wp:term":[{"taxonomy":"category","embeddable":true,"href":"https:\/\/esreviral.com\/index.php?rest_route=%2Fwp%2Fv2%2Fcategories&post=26193"},{"taxonomy":"post_tag","embeddable":true,"href":"https:\/\/esreviral.com\/index.php?rest_route=%2Fwp%2Fv2%2Ftags&post=26193"}],"curies":[{"name":"wp","href":"https:\/\/api.w.org\/{rel}","templated":true}]}}