{"id":26062,"date":"2022-11-01T15:03:08","date_gmt":"2022-11-01T20:03:08","guid":{"rendered":"https:\/\/esreviral.com\/?p=26062"},"modified":"2022-11-01T15:03:08","modified_gmt":"2022-11-01T20:03:08","slug":"bolsonaro-quebro-el-silencio-pero-no-reconocio-la-derrota","status":"publish","type":"post","link":"https:\/\/esreviral.com\/?p=26062","title":{"rendered":"Bolsonaro quebr\u00f3 el silencio pero no reconoci\u00f3 la derrota"},"content":{"rendered":"\n<p><strong>Jair Bolsonaro<\/strong>\u00a0habl\u00f3 por primera vez desde los resultados de las elecciones el domingo. El mandatario brasile\u00f1o se reivindic\u00f3 como l\u00edder de la derecha <strong>y no se refiri\u00f3 a la derrota.<\/strong> Tampoco habl\u00f3 de su rival\u00a0<strong>Lula da Silva<\/strong>, quien gan\u00f3 los comicios y es el nuevo presidente electo de Brasil.<\/p>\n\n\n\n<p>\u201cQuiero comenzar agradeciendo a los 50 millones de brasile\u00f1os que votaron por m\u00ed\u201d, dijo el mandatario brasile\u00f1o desde el Palacio de la Alvorada.<\/p>\n\n\n\n<p>\u201cNuestra robusta representaci\u00f3n en el Congreso representa nuestra valores: Dios, patria y familia\u201d, agreg\u00f3 Bolsonaro.<\/p>\n\n\n\n<p>Bolsonaro dijo siempre fue rotulado como antidemocr\u00e1tico y asegur\u00f3 que&nbsp;<strong>\u201cseguir\u00e1 siendo fiel a la Constituci\u00f3n\u201d<\/strong>.<\/p>\n\n\n\n<p>El mandatario brasile\u00f1o asegur\u00f3 ser\u00e1 siendo el l\u00edder de millones de brasile\u00f1os que defiendan la libertad econ\u00f3mica y la libertad de la religi\u00f3n.<\/p>\n\n\n\n<p>Hasta el momento, el l\u00edder de la ultraderecha se hab\u00eda recluido en su residencia oficial, en Brasilia, que solo hab\u00eda dejado para dirigirse al Palacio presidencial, pero sin hablar y con sus redes sociales, siempre febriles, totalmente mudas durante los \u00faltimos tres d\u00edas.<\/p>\n\n\n\n<p>Mientras el gobernante callaba,&nbsp;<strong>grupos de camioneros han bloqueado carreteras en casi todo el pa\u00eds desde la madrugada del lunes&nbsp;<\/strong>y, seg\u00fan videos divulgados en las redes sociales por cabecillas de esa rebeli\u00f3n, s\u00f3lo pondr\u00e1n fin a la protesta cuando \u201cel Ej\u00e9rcito intervenga\u201d para \u201cimpedir que vuelva el comunismo\u201d.<\/p>\n\n\n\n<p>En un dur\u00edsimo editorial, el influyente diario&nbsp;<em>O Globo<\/em>&nbsp;calific\u00f3 esa protesta como \u201cel Capitolio de los camioneros\u201d, en alusi\u00f3n a los disturbios provocados en Washington por seguidores de Donald Trump en enero de 2020.<\/p>\n","protected":false},"excerpt":{"rendered":"<p>Jair Bolsonaro\u00a0habl\u00f3 por primera vez desde los resultados de las elecciones el domingo. El mandatario brasile\u00f1o se reivindic\u00f3 como l\u00edder de la derecha y no se refiri\u00f3 a la derrota. Tampoco habl\u00f3 de su rival\u00a0Lula da Silva, quien gan\u00f3 los comicios y es el nuevo presidente electo de Brasil. \u201cQuiero comenzar agradeciendo a los 50 [&hellip;]<\/p>\n","protected":false},"author":2,"featured_media":26063,"comment_status":"open","ping_status":"open","sticky":false,"template":"","format":"standard","meta":{"jnews-multi-image_gallery":[],"jnews_single_post":[],"jnews_primary_category":[],"jnews_social_meta":[],"jnews_review":[],"enable_review":"","type":"","name":"","summary":"","brand":"","sku":"","good":[],"bad":[],"score_override":"","override_value":"","rating":[],"price":[],"jnews_override_counter":[],"jnews_post_split":[],"footnotes":""},"categories":[88],"tags":[1145,227,3824,45],"class_list":["post-26062","post","type-post","status-publish","format-standard","has-post-thumbnail","hentry","category-internacionales","tag-bolsonaro","tag-brasil","tag-lula-da-silva","tag-noticias"],"_links":{"self":[{"href":"https:\/\/esreviral.com\/index.php?rest_route=\/wp\/v2\/posts\/26062","targetHints":{"allow":["GET"]}}],"collection":[{"href":"https:\/\/esreviral.com\/index.php?rest_route=\/wp\/v2\/posts"}],"about":[{"href":"https:\/\/esreviral.com\/index.php?rest_route=\/wp\/v2\/types\/post"}],"author":[{"embeddable":true,"href":"https:\/\/esreviral.com\/index.php?rest_route=\/wp\/v2\/users\/2"}],"replies":[{"embeddable":true,"href":"https:\/\/esreviral.com\/index.php?rest_route=%2Fwp%2Fv2%2Fcomments&post=26062"}],"version-history":[{"count":0,"href":"https:\/\/esreviral.com\/index.php?rest_route=\/wp\/v2\/posts\/26062\/revisions"}],"wp:featuredmedia":[{"embeddable":true,"href":"https:\/\/esreviral.com\/index.php?rest_route=\/"}],"wp:attachment":[{"href":"https:\/\/esreviral.com\/index.php?rest_route=%2Fwp%2Fv2%2Fmedia&parent=26062"}],"wp:term":[{"taxonomy":"category","embeddable":true,"href":"https:\/\/esreviral.com\/index.php?rest_route=%2Fwp%2Fv2%2Fcategories&post=26062"},{"taxonomy":"post_tag","embeddable":true,"href":"https:\/\/esreviral.com\/index.php?rest_route=%2Fwp%2Fv2%2Ftags&post=26062"}],"curies":[{"name":"wp","href":"https:\/\/api.w.org\/{rel}","templated":true}]}}